{"id":9748,"date":"2024-05-23T17:14:42","date_gmt":"2024-05-23T23:14:42","guid":{"rendered":"https:\/\/congresogro.gob.mx\/63\/inicio\/?p=9748"},"modified":"2024-05-24T09:42:39","modified_gmt":"2024-05-24T15:42:39","slug":"reforma-constitucional-revocacion-de-mandato-guerrero","status":"publish","type":"post","link":"https:\/\/congresogro.gob.mx\/63\/inicio\/2024\/05\/23\/reforma-constitucional-revocacion-de-mandato-guerrero\/","title":{"rendered":"APRUEBA EL CONGRESO REFORMA CONSTITUCIONAL SOBRE REVOCACI\u00d3N DE MANDATO DEL EJECUTIVO ESTATAL"},"content":{"rendered":"<h5 style=\"text-align: justify;\"><span style=\"font-family: Heebo Regular, Roboto;\"><span style=\"font-size: 18px;\"><strong>Chilpancingo, Gro., 23 de mayo de 2024.-<\/strong> El Congreso del Estado aprob\u00f3 por unanimidad el dictamen con proyecto de decreto por el que se <span style=\"color: #993300;\"><a style=\"color: #993300;\" href=\"https:\/\/congresogro.com\/assets\/kodZ6vKbFUguKmtl6Y4kE2WVBf0CNTQMk2eqQjMl.pdf\" target=\"_blank\" rel=\"nofollow noopener\">reforman diversas disposiciones de la Constituci\u00f3n Pol\u00edtica del Estado Libre y Soberano de Guerrero<\/a><\/span> para establecer normas que regulen el procedimiento en materia de consulta popular y revocaci\u00f3n de mandato del titular del Poder Ejecutivo Estatal.<\/span><\/span><\/h5>\n<p style=\"text-align: justify;\">Conforme a lo expuesto por la <span style=\"color: #993300;\"><a style=\"color: #993300;\" href=\"https:\/\/congresogro.gob.mx\/63\/comisiones\/integrantes.php?idc=2&amp;idp=6&amp;ids=24&amp;idv1=52&amp;idv2=9&amp;idv3=43\" target=\"_blank\" rel=\"nofollow noopener\">Comisi\u00f3n de Estudios Constitucionales y Jur\u00eddicos<\/a><\/span>, el dictamen se integra de dos iniciativas con el mismo tema, una presentada por los diputados <span style=\"color: #993300;\"><a style=\"color: #993300;\" href=\"https:\/\/congresogro.gob.mx\/63\/diputados\/perfil.php?d=31\" target=\"_blank\" rel=\"nofollow noopener\">H\u00e9ctor Apreza Patr\u00f3n<\/a><\/span> y <span style=\"color: #993300;\"><a style=\"color: #993300;\" href=\"https:\/\/congresogro.gob.mx\/63\/diputados\/perfil.php?d=13\" target=\"_blank\" rel=\"nofollow noopener\">Manuel Qui\u00f1\u00f3nez Cort\u00e9s (con licencia)<\/a><\/span>, y la otra por la diputada <span style=\"color: #993300;\"><a style=\"color: #993300;\" href=\"https:\/\/congresogro.gob.mx\/63\/diputados\/perfil.php?d=1\" target=\"_blank\" rel=\"nofollow noopener\">Jessica Ivette Alejo Rayo (con licencia)<\/a><\/span>.<\/p>\n<p style=\"text-align: justify;\">Abunda el documento que una vez realizado el an\u00e1lisis pertinente, la comisi\u00f3n dictaminadora determin\u00f3 en sentido favorable debido a que no son violatorias de derechos humanos ni se encuentran en contraposici\u00f3n con ning\u00fan ordenamiento legal, especificando que dentro de las modificaciones realizadas a las propuestas se concluye que la revocaci\u00f3n de mandato solo aplicar\u00e1 a quien ocupe la titularidad del Poder Ejecutivo estatal. Lo anterior, con el razonamiento de que el tiempo es mayor y su aplicabilidad ser\u00eda a los tres a\u00f1os de mandato.<\/p>\n<p style=\"text-align: justify;\">Destaca entre las modificaciones a la <span style=\"color: #993300;\"><a style=\"color: #993300;\" href=\"https:\/\/congresogro.gob.mx\/legislacion\/CONSTITUCION-GUERRERO-15-06-2022.pdf\" target=\"_blank\" rel=\"nofollow noopener\">Constituci\u00f3n<\/a><\/span> que la revocaci\u00f3n de mandato del titular del Poder Ejecutivo se llevar\u00e1 a cabo conforme a lo siguiente: ser\u00e1 tramitada por el Instituto Electoral y de Participaci\u00f3n Ciudadana del Estado de Guerrero a petici\u00f3n de las ciudadanas y ciudadanos por un n\u00famero equivalente, al menos, al 10 por ciento de la lista nominal de electores, en la mitad m\u00e1s uno de los municipios, y deber\u00e1 plantearse durante los tres meses posteriores a la conclusi\u00f3n del tercer a\u00f1o del periodo constitucional, para que el instituto, dentro de los siguientes 50 d\u00edas a que se reciba la solicitud, verifique los requisitos establecidos y emita inmediatamente la convocatoria al proceso para la revocaci\u00f3n de mandato.<\/p>\n<p style=\"text-align: justify;\">Se precisa tambi\u00e9n que este proceso podr\u00e1 llevarse a cabo en una sola ocasi\u00f3n durante el periodo constitucional, mediante votaci\u00f3n libre, directa y secreta, y ser\u00e1 vinculante cuando la participaci\u00f3n corresponda como m\u00ednimo al 40 por ciento de dicha lista y la votaci\u00f3n sea por mayor\u00eda absoluta, adem\u00e1s de que su jornada no podr\u00e1 coincidir con procesos electorales o de participaci\u00f3n ciudadana local o federal.<\/p>\n<p style=\"text-align: justify;\">Para regular y garantizar el ejercicio del derecho pol\u00edtico de las ciudadanas y los ciudadanos a solicitar, participar, ser consultados y votar respecto a la revocaci\u00f3n del mandato de la persona que result\u00f3 electa popularmente como gobernador del estado, el Congreso emitir\u00e1 una Ley Reglamentaria, y en caso de haberse revocado el mandato, el Congreso, dentro de los 30 d\u00edas siguientes, y por el voto de las dos terceras partes del n\u00famero total de sus miembros, nombrar\u00e1 a un gobernador sustituto, quien concluir\u00e1 el per\u00edodo constitucional.<\/p>\n<p style=\"text-align: center;\"><iframe loading=\"lazy\" style=\"border: none; overflow: hidden;\" src=\"https:\/\/www.facebook.com\/plugins\/post.php?href=https%3A%2F%2Fwww.facebook.com%2Fcongresogro%2Fposts%2Fpfbid02jtWh3vTbpet7VN1LB6md8E1MsENkC6BtkA9hMoNN4pCmeWLv4KuDiUPX6x6Jcrdzl&amp;show_text=true&amp;width=500&amp;is_preview=true\" width=\"500\" height=\"482\" frameborder=\"0\" scrolling=\"no\" allowfullscreen=\"allowfullscreen\"><\/iframe><\/p>\n<p>#Revocaci\u00f3nDeMandato #ReformaConstitucional #Guerrero #Democracia #ConsultaPopular #Participaci\u00f3nCiudadana #CongresoGuerrero #DerechosPol\u00edticos #Gobernanza<\/p>\n","protected":false},"excerpt":{"rendered":"<p>Chilpancingo, Gro., 23 de mayo de 2024.- El Congreso del Estado aprob\u00f3 por unanimidad el dictamen con proyecto de decreto por el que se reforman diversas disposiciones de la Constituci\u00f3n Pol\u00edtica del Estado Libre y Soberano de Guerrero para establecer normas que regulen el procedimiento en materia de consulta popular y revocaci\u00f3n de mandato del&#8230;<\/p>\n","protected":false},"author":1,"featured_media":9749,"comment_status":"closed","ping_status":"open","sticky":false,"template":"","format":"standard","meta":{"_monsterinsights_skip_tracking":false,"_monsterinsights_sitenote_active":false,"_monsterinsights_sitenote_note":"","_monsterinsights_sitenote_category":0,"footnotes":""},"categories":[3],"tags":[],"class_list":["post-9748","post","type-post","status-publish","format-standard","has-post-thumbnail","hentry","category-boletin"],"aioseo_notices":[],"_links":{"self":[{"href":"https:\/\/congresogro.gob.mx\/63\/inicio\/wp-json\/wp\/v2\/posts\/9748","targetHints":{"allow":["GET"]}}],"collection":[{"href":"https:\/\/congresogro.gob.mx\/63\/inicio\/wp-json\/wp\/v2\/posts"}],"about":[{"href":"https:\/\/congresogro.gob.mx\/63\/inicio\/wp-json\/wp\/v2\/types\/post"}],"author":[{"embeddable":true,"href":"https:\/\/congresogro.gob.mx\/63\/inicio\/wp-json\/wp\/v2\/users\/1"}],"replies":[{"embeddable":true,"href":"https:\/\/congresogro.gob.mx\/63\/inicio\/wp-json\/wp\/v2\/comments?post=9748"}],"version-history":[{"count":1,"href":"https:\/\/congresogro.gob.mx\/63\/inicio\/wp-json\/wp\/v2\/posts\/9748\/revisions"}],"predecessor-version":[{"id":9750,"href":"https:\/\/congresogro.gob.mx\/63\/inicio\/wp-json\/wp\/v2\/posts\/9748\/revisions\/9750"}],"wp:featuredmedia":[{"embeddable":true,"href":"https:\/\/congresogro.gob.mx\/63\/inicio\/wp-json\/wp\/v2\/media\/9749"}],"wp:attachment":[{"href":"https:\/\/congresogro.gob.mx\/63\/inicio\/wp-json\/wp\/v2\/media?parent=9748"}],"wp:term":[{"taxonomy":"category","embeddable":true,"href":"https:\/\/congresogro.gob.mx\/63\/inicio\/wp-json\/wp\/v2\/categories?post=9748"},{"taxonomy":"post_tag","embeddable":true,"href":"https:\/\/congresogro.gob.mx\/63\/inicio\/wp-json\/wp\/v2\/tags?post=9748"}],"curies":[{"name":"wp","href":"https:\/\/api.w.org\/{rel}","templated":true}]}}