{"id":9745,"date":"2024-05-23T16:02:11","date_gmt":"2024-05-23T22:02:11","guid":{"rendered":"https:\/\/congresogro.gob.mx\/63\/inicio\/?p=9745"},"modified":"2024-05-23T16:02:11","modified_gmt":"2024-05-23T22:02:11","slug":"aumento-de-sanciones-por-maltrato-animal-guerrero","status":"publish","type":"post","link":"https:\/\/congresogro.gob.mx\/63\/inicio\/2024\/05\/23\/aumento-de-sanciones-por-maltrato-animal-guerrero\/","title":{"rendered":"APRUEBAN AUMENTO DE SANCIONES POR MALTRATO ANIMAL"},"content":{"rendered":"<h5 style=\"text-align: justify;\"><span style=\"font-family: Heebo Regular, Roboto;\"><span style=\"font-size: 18px;\"><strong>Chilpancingo, Gro., 23 de mayo de 2024.-<\/strong> El Congreso del Estado aprob\u00f3 por unanimidad <span style=\"color: #993300;\"><a style=\"color: #993300;\" href=\"https:\/\/congresogro.com\/assets\/MFz3p5jZ3RoMD55hG9jZ4YUbMkKr3KEoAVkDlF7L.pdf\" target=\"_blank\" rel=\"nofollow noopener\">reformas al C\u00f3digo Penal del Estado de Guerrero<\/a><\/span> para aumentar las penas por conductas y actos crueles hacia los animales, de 9 meses a 11 a\u00f1os de prisi\u00f3n, y multa de 655 a 2 mil 184 Unidades de Medida y Actualizaci\u00f3n Vigente.<\/span><\/span><\/h5>\n<p style=\"text-align: justify;\">De acuerdo con el dictamen elaborado por la <span style=\"color: #993300;\"><a style=\"color: #993300;\" href=\"https:\/\/congresogro.gob.mx\/63\/comisiones\/integrantes.php?idc=6&amp;idp=25&amp;ids=55&amp;idv1=24&amp;idv2=54&amp;idv3=53\" target=\"_blank\" rel=\"nofollow noopener\">Comisi\u00f3n de Justicia<\/a><\/span> de una iniciativa del diputado <span style=\"color: #993300;\"><a style=\"color: #993300;\" href=\"https:\/\/congresogro.gob.mx\/63\/diputados\/perfil.php?d=9\" target=\"_blank\" rel=\"nofollow noopener\">Joaqu\u00edn Badillo Escamilla<\/a><\/span>, el maltrato o crueldad animal son comportamientos irracionales de una persona hacia estos seres sintientes, que les causan sufrimiento, estr\u00e9s e incluso la muerte.<\/p>\n<p style=\"text-align: justify;\">Adem\u00e1s, se\u00f1ala que estos actos no solo provocan alg\u00fan tipo de da\u00f1o o lesiones de car\u00e1cter f\u00edsico a los animales, sino que tambi\u00e9n los afectan acciones como el abandono, tenerlos en precarias condiciones de salud, no brindarles espacios para su recreaci\u00f3n y privarlos de alimentaci\u00f3n.<\/p>\n<p style=\"text-align: justify;\">Para coadyuvar a resolver esta problem\u00e1tica, el derecho mexicano cada vez m\u00e1s reconoce y ampl\u00eda los derechos para los animales, muestra de lo cual es que el Poder Judicial federal los ha reconocido como parte de las familias mexicanas.<\/p>\n<p style=\"text-align: justify;\">\u201cLos animales de compa\u00f1\u00eda, principalmente perros y gatos, se constituyen como un miembro del n\u00facleo familiar. Hoy en d\u00eda, la familia que adopta un animal adquiere obligaciones similares a los dem\u00e1s miembros, tales como derecho a la salud, comida saludable y suficiente, esparcimiento, y a tener un lugar confortable donde guarecerse\u201d, apunta.<\/p>\n<p style=\"text-align: justify;\">Por ello, al recrudecer las sanciones se pretende disuadir este tipo de violencia que hoy por hoy se ha extendido a niveles inimaginables, y que debe ser castigado de manera m\u00e1s en\u00e9rgica.<\/p>\n<p style=\"text-align: justify;\">Al razonar su voto a favor del dictamen, el diputado promovente, Joaqu\u00edn Badillo Escamilla, resalt\u00f3 que con esto se otorgan las herramientas necesarias, legales y jur\u00eddicas para que la pena por el maltrato o muerte de un animal pueda ameritar la prisi\u00f3n, y no solo el pago de una multa.<\/p>\n<p style=\"text-align: center;\"><iframe loading=\"lazy\" title=\"YouTube video player\" src=\"https:\/\/www.youtube.com\/embed\/UnzjC4QHk_M?si=8ry-DPqbm5ONtzW-\" width=\"560\" height=\"315\" frameborder=\"0\" allowfullscreen=\"allowfullscreen\"><\/iframe><\/p>\n<p style=\"text-align: left;\">#MaltratoAnimal #Protecci\u00f3nAnimal #Guerrero #JusticiaParaAnimales #DerechosAnimales #NoAlMaltrato #CongresoGuerrero #Legislaci\u00f3nAnimal #AnimalesDeCompa\u00f1\u00eda<\/p>\n","protected":false},"excerpt":{"rendered":"<p>Chilpancingo, Gro., 23 de mayo de 2024.- El Congreso del Estado aprob\u00f3 por unanimidad reformas al C\u00f3digo Penal del Estado de Guerrero para aumentar las penas por conductas y actos crueles hacia los animales, de 9 meses a 11 a\u00f1os de prisi\u00f3n, y multa de 655 a 2 mil 184 Unidades de Medida y Actualizaci\u00f3n&#8230;<\/p>\n","protected":false},"author":1,"featured_media":9746,"comment_status":"closed","ping_status":"open","sticky":false,"template":"","format":"standard","meta":{"_monsterinsights_skip_tracking":false,"_monsterinsights_sitenote_active":false,"_monsterinsights_sitenote_note":"","_monsterinsights_sitenote_category":0,"footnotes":""},"categories":[3],"tags":[],"class_list":["post-9745","post","type-post","status-publish","format-standard","has-post-thumbnail","hentry","category-boletin"],"aioseo_notices":[],"_links":{"self":[{"href":"https:\/\/congresogro.gob.mx\/63\/inicio\/wp-json\/wp\/v2\/posts\/9745","targetHints":{"allow":["GET"]}}],"collection":[{"href":"https:\/\/congresogro.gob.mx\/63\/inicio\/wp-json\/wp\/v2\/posts"}],"about":[{"href":"https:\/\/congresogro.gob.mx\/63\/inicio\/wp-json\/wp\/v2\/types\/post"}],"author":[{"embeddable":true,"href":"https:\/\/congresogro.gob.mx\/63\/inicio\/wp-json\/wp\/v2\/users\/1"}],"replies":[{"embeddable":true,"href":"https:\/\/congresogro.gob.mx\/63\/inicio\/wp-json\/wp\/v2\/comments?post=9745"}],"version-history":[{"count":1,"href":"https:\/\/congresogro.gob.mx\/63\/inicio\/wp-json\/wp\/v2\/posts\/9745\/revisions"}],"predecessor-version":[{"id":9747,"href":"https:\/\/congresogro.gob.mx\/63\/inicio\/wp-json\/wp\/v2\/posts\/9745\/revisions\/9747"}],"wp:featuredmedia":[{"embeddable":true,"href":"https:\/\/congresogro.gob.mx\/63\/inicio\/wp-json\/wp\/v2\/media\/9746"}],"wp:attachment":[{"href":"https:\/\/congresogro.gob.mx\/63\/inicio\/wp-json\/wp\/v2\/media?parent=9745"}],"wp:term":[{"taxonomy":"category","embeddable":true,"href":"https:\/\/congresogro.gob.mx\/63\/inicio\/wp-json\/wp\/v2\/categories?post=9745"},{"taxonomy":"post_tag","embeddable":true,"href":"https:\/\/congresogro.gob.mx\/63\/inicio\/wp-json\/wp\/v2\/tags?post=9745"}],"curies":[{"name":"wp","href":"https:\/\/api.w.org\/{rel}","templated":true}]}}