{"id":9729,"date":"2024-05-23T08:41:05","date_gmt":"2024-05-23T14:41:05","guid":{"rendered":"https:\/\/congresogro.gob.mx\/63\/inicio\/?p=9729"},"modified":"2024-05-29T10:51:25","modified_gmt":"2024-05-29T16:51:25","slug":"aprueban-incorporacion-en-la-ley-de-la-violencia-reproductiva-y-violencia-politica-por-razones-de-genero","status":"publish","type":"post","link":"https:\/\/congresogro.gob.mx\/63\/inicio\/2024\/05\/23\/aprueban-incorporacion-en-la-ley-de-la-violencia-reproductiva-y-violencia-politica-por-razones-de-genero\/","title":{"rendered":"APRUEBAN INCORPORACI\u00d3N EN LA LEY DE LA VIOLENCIA REPRODUCTIVA Y VIOLENCIA POL\u00cdTICA POR RAZONES DE G\u00c9NERO"},"content":{"rendered":"<p style=\"text-align: center;\"><iframe loading=\"lazy\" src=\"https:\/\/www.ivoox.com\/player_ej_129610968_6_1.html?c1=cdc28e\" width=\"100%\" height=\"190\" frameborder=\"0\" scrolling=\"no\" allowfullscreen=\"allowfullscreen\"><\/iframe><\/p>\n<h5 style=\"text-align: justify;\"><span style=\"font-family: Heebo Regular, Roboto;\"><span style=\"font-size: 18px;\"><strong>Chilpancingo, Gro., 22 de mayo de 2024.-<\/strong> El Congreso del Estado aprob\u00f3 <span style=\"color: #993300;\"><a style=\"color: #993300;\" href=\"https:\/\/congresogro.com\/assets\/hq7kn4vtDGVopo9lS8dkovtWMZLtzoIQ7MvO9QCF.pdf\" target=\"_blank\" rel=\"nofollow noopener\">reformas y adiciones a la Ley de Acceso de las Mujeres a una Vida Libre de Violencia<\/a><\/span> del Estado de Guerrero para incorporar y reconocer la violencia reproductiva y la violencia pol\u00edtica por razones de g\u00e9nero.<\/span><\/span><\/h5>\n<p style=\"text-align: justify;\">En el dictamen que emiti\u00f3 la<span style=\"color: #993300;\"><a style=\"color: #993300;\" href=\"https:\/\/congresogro.gob.mx\/63\/comisiones\/integrantes.php?idc=23&amp;idp=32&amp;ids=4&amp;idv1=38&amp;idv2=34&amp;idv3=35\" target=\"_blank\" rel=\"nofollow noopener\"> Comisi\u00f3n para la Igualdad de G\u00e9nero<\/a><\/span>, derivada de dos iniciativas propuestas por la diputada <span style=\"color: #993300;\"><a style=\"color: #993300;\" href=\"https:\/\/photos.app.goo.gl\/bqaYZfZyoMrCkxXDA\" target=\"_blank\" rel=\"nofollow noopener\">Leticia Mosso Hern\u00e1ndez<\/a><\/span>, se se\u00f1ala que estas reformas tienen el objetivo de contribuir a erradicar todas las formas y expresiones de violencia que da\u00f1an y afectan a las mujeres y que contribuyen a una violaci\u00f3n de los derechos humanos y las libertades fundamentales, salvaguardando en todo momento la dignidad humana y el respeto a sus derechos.<\/p>\n<p style=\"text-align: justify;\">Y es que, refiere, la violencia reproductiva es un tipo de violencia que casi no es visible, pero que afecta a un gran n\u00famero de mujeres, siendo las manifestaciones m\u00e1s claras la subordinaci\u00f3n y desigualdad en las relaciones de poder entre hombres y mujeres.<\/p>\n<p style=\"text-align: justify;\">Agrega que los derechos de las mujeres tambi\u00e9n incluyen el derecho a tener el control sobre las cuestiones relativas a su sexualidad, incluidas su salud sexual y reproductiva, y a decidir libremente sobre \u00e9stas, sin verse sujetas a la coerci\u00f3n, la discriminaci\u00f3n y la violencia.<\/p>\n<p style=\"text-align: justify;\">\u201cLa violencia reproductiva implica un patr\u00f3n o una serie de comportamientos que una pareja abusiva puede utilizar para mantener el poder y el control sobre la salud reproductiva de su pareja, interfiriendo con su capacidad de tomar decisiones propias de su cuerpo y el cuidado de su salud, lo que pone en riesgo tanto su salud como su seguridad\u201d, apunta.<\/p>\n<p style=\"text-align: justify;\">En relaci\u00f3n con la violencia pol\u00edtica por razones de g\u00e9nero, el documento expone que todas las mujeres tienen el derecho al acceso igualitario a las funciones p\u00fablicas de su pa\u00eds y a participar en los asuntos p\u00fablicos, incluyendo la toma de decisiones, de acuerdo con lo que se\u00f1alan los tratados internacionales.<\/p>\n<p style=\"text-align: justify;\">En ese sentido, detalla que la violencia pol\u00edtica contra las mujeres es un fen\u00f3meno que ha existido siempre, pero que empez\u00f3 a visibilizarse y a denunciarse hace poco tiempo, siendo uno de los principales obst\u00e1culos para el ejercicio de los derechos pol\u00edticos de las mujeres, porque el aumento de su participaci\u00f3n y representaci\u00f3n pol\u00edtica ha estado acompa\u00f1ado de un incremento de la violencia en su contra.<\/p>\n<p style=\"text-align: justify;\">Con estas reformas aprobadas por la LXIII Legislatura se garantiza la prevenci\u00f3n, atenci\u00f3n, sanci\u00f3n y erradicaci\u00f3n de estos tipos de violencia contra m\u00e1s de la mitad de la poblaci\u00f3n guerrerense, contribuyendo a su desarrollo integral y pleno bienestar.<\/p>\n<p style=\"text-align: center;\"><iframe loading=\"lazy\" title=\"YouTube video player\" src=\"https:\/\/www.youtube.com\/embed\/tQwaG4UmBas?si=zaaRn5HmtIFq4hy0\" width=\"560\" height=\"315\" frameborder=\"0\" allowfullscreen=\"allowfullscreen\"><\/iframe><\/p>\n<p>#ViolenciaDeG\u00e9nero #ViolenciaReproductiva #ViolenciaPol\u00edtica #IgualdadDeG\u00e9nero #CongresoGuerrero #DerechosDeLasMujeres #EmpoderamientoFemenino #LeyDeViolencia #Guerrero<\/p>\n","protected":false},"excerpt":{"rendered":"<p>Chilpancingo, Gro., 22 de mayo de 2024.- El Congreso del Estado aprob\u00f3 reformas y adiciones a la Ley de Acceso de las Mujeres a una Vida Libre de Violencia del Estado de Guerrero para incorporar y reconocer la violencia reproductiva y la violencia pol\u00edtica por razones de g\u00e9nero. En el dictamen que emiti\u00f3 la Comisi\u00f3n&#8230;<\/p>\n","protected":false},"author":1,"featured_media":9730,"comment_status":"closed","ping_status":"open","sticky":false,"template":"","format":"standard","meta":{"_monsterinsights_skip_tracking":false,"_monsterinsights_sitenote_active":false,"_monsterinsights_sitenote_note":"","_monsterinsights_sitenote_category":0,"footnotes":""},"categories":[3],"tags":[],"class_list":["post-9729","post","type-post","status-publish","format-standard","has-post-thumbnail","hentry","category-boletin"],"aioseo_notices":[],"_links":{"self":[{"href":"https:\/\/congresogro.gob.mx\/63\/inicio\/wp-json\/wp\/v2\/posts\/9729","targetHints":{"allow":["GET"]}}],"collection":[{"href":"https:\/\/congresogro.gob.mx\/63\/inicio\/wp-json\/wp\/v2\/posts"}],"about":[{"href":"https:\/\/congresogro.gob.mx\/63\/inicio\/wp-json\/wp\/v2\/types\/post"}],"author":[{"embeddable":true,"href":"https:\/\/congresogro.gob.mx\/63\/inicio\/wp-json\/wp\/v2\/users\/1"}],"replies":[{"embeddable":true,"href":"https:\/\/congresogro.gob.mx\/63\/inicio\/wp-json\/wp\/v2\/comments?post=9729"}],"version-history":[{"count":7,"href":"https:\/\/congresogro.gob.mx\/63\/inicio\/wp-json\/wp\/v2\/posts\/9729\/revisions"}],"predecessor-version":[{"id":9824,"href":"https:\/\/congresogro.gob.mx\/63\/inicio\/wp-json\/wp\/v2\/posts\/9729\/revisions\/9824"}],"wp:featuredmedia":[{"embeddable":true,"href":"https:\/\/congresogro.gob.mx\/63\/inicio\/wp-json\/wp\/v2\/media\/9730"}],"wp:attachment":[{"href":"https:\/\/congresogro.gob.mx\/63\/inicio\/wp-json\/wp\/v2\/media?parent=9729"}],"wp:term":[{"taxonomy":"category","embeddable":true,"href":"https:\/\/congresogro.gob.mx\/63\/inicio\/wp-json\/wp\/v2\/categories?post=9729"},{"taxonomy":"post_tag","embeddable":true,"href":"https:\/\/congresogro.gob.mx\/63\/inicio\/wp-json\/wp\/v2\/tags?post=9729"}],"curies":[{"name":"wp","href":"https:\/\/api.w.org\/{rel}","templated":true}]}}