{"id":9665,"date":"2024-05-15T14:04:58","date_gmt":"2024-05-15T20:04:58","guid":{"rendered":"https:\/\/congresogro.gob.mx\/63\/inicio\/?p=9665"},"modified":"2024-05-15T14:04:58","modified_gmt":"2024-05-15T20:04:58","slug":"trascendencia-maestros-normalistas-siglo-pasado","status":"publish","type":"post","link":"https:\/\/congresogro.gob.mx\/63\/inicio\/2024\/05\/15\/trascendencia-maestros-normalistas-siglo-pasado\/","title":{"rendered":"LLAMAN DESDE EL CONGRESO A RETOMAR LA RUTA Y TRASCENDENCIA DE LOS MAESTROS NORMALISTAS DEL SIGLO PASADO"},"content":{"rendered":"<h5 style=\"text-align: right;\"><strong>En homenaje a Oth\u00f3n Salazar Ram\u00edrez<\/strong><\/h5>\n<p style=\"text-align: justify;\"><strong>Chilpancingo, Gro., 15 de mayo de 2024.-<\/strong> Tras reconocer la contribuci\u00f3n de las y los docentes para el desarrollo de la entidad, la presidenta de la <span style=\"color: #993300;\"><a style=\"color: #993300;\" href=\"https:\/\/congresogro.gob.mx\/63\/inicio\/mesa-directiva\/\" target=\"_blank\" rel=\"nofollow noopener\">Mesa Directiva del Congreso<\/a><\/span> del Estado, diputada<span style=\"color: #993300;\"><a style=\"color: #993300;\" href=\"https:\/\/photos.app.goo.gl\/HTep9xQgFig3qZyE6\" target=\"_blank\" rel=\"nofollow noopener\"> Leticia Mosso Hern\u00e1ndez<\/a><\/span>, se pronunci\u00f3 por la reivindicaci\u00f3n del papel de las maestras y los maestros normalistas para educar en los principios y valores democr\u00e1ticos, formar conciencias cr\u00edticas y para encabezar movimientos sociales, siempre por los caminos institucionales y en el marco de la ley.<\/p>\n<p style=\"text-align: justify;\">Lo anterior durante la develaci\u00f3n en letras doradas del l\u00edder magisterial Oth\u00f3n Salazar Ram\u00edrez, acto que, consider\u00f3 la legisladora, es una forma de honrar su memoria y lucha por la ense\u00f1anza, as\u00ed como la representaci\u00f3n pol\u00edtica cr\u00edtica, congruente y honesta.<\/p>\n<p style=\"text-align: justify;\">Refiri\u00f3 que para Oth\u00f3n Salazar Ram\u00edrez la educaci\u00f3n y la escuela p\u00fablica deb\u00edan tener una misi\u00f3n libertadora. \u201cAs\u00ed lo entendi\u00f3 y lo asumi\u00f3 a lo largo de su vida, y este acto recuerda que las maestras y maestros han sido actores claves en la conquista por los derechos y libertades del estado y, por supuesto, del pa\u00eds\u201d, subray\u00f3.<\/p>\n<p style=\"text-align: justify;\">Se\u00f1al\u00f3, asimismo, que por ser el principal l\u00edder del Movimiento Revolucionario del Magisterio, le cost\u00f3 a Oth\u00f3n Salazar la c\u00e1rcel por varios meses y la p\u00e9rdida de su plaza como maestro; sin embargo, con su lucha se logr\u00f3 el incremento salarial m\u00e1s sustantivo para las y los maestros de ese entonces, y la mejora de sus condiciones laborales.<\/p>\n<p style=\"text-align: justify;\">De la misma forma, <span style=\"color: #993300;\"><a style=\"color: #993300;\" href=\"https:\/\/congresogro.gob.mx\/63\/diputados\/perfil.php?d=38\" target=\"_blank\" rel=\"nofollow noopener\">Mosso Hern\u00e1ndez<\/a><\/span> record\u00f3 la \u00e9poca de Oth\u00f3n Salazar como militante del Partido Comunista Mexicano en 1987, logrando ser electo alcalde de Alcozauca de Guerrero, convirtiendo a este municipio de la Monta\u00f1a Alta en el primer ayuntamiento de alternancia en el estado.<\/p>\n<p style=\"text-align: justify;\">Manifest\u00f3, por \u00faltimo, que las acciones educativas y escolares de los maestros normalistas del siglo pasado siempre trascendieron, al construir comunidad y sembrar cultura.<\/p>\n<p style=\"text-align: justify;\">\u201cRetomemos esta ruta, porque es una ruta probada. Reivindiquemos el papel de \u00e9stos para educar en los principios y valores democr\u00e1ticos, para formar conciencias cr\u00edticas, encabezar movimientos sociales, pero siempre por los caminos institucionales que hemos construido como sociedad y en el marco de la ley\u201d, apunt\u00f3.<\/p>\n<p style=\"text-align: center;\"><iframe loading=\"lazy\" title=\"YouTube video player\" src=\"https:\/\/www.youtube.com\/embed\/B83NR3AklLU?si=aEDFhOheBbfrHplV\" width=\"560\" height=\"315\" frameborder=\"0\" allowfullscreen=\"allowfullscreen\"><\/iframe><\/p>\n<p>#MaestrosNormalistas #Educaci\u00f3n #ValoresDemocr\u00e1ticos #Oth\u00f3nSalazar #Historia #CongresoGuerrero #Docentes #Formaci\u00f3nCr\u00edtica<\/p>\n","protected":false},"excerpt":{"rendered":"<p>En homenaje a Oth\u00f3n Salazar Ram\u00edrez Chilpancingo, Gro., 15 de mayo de 2024.- Tras reconocer la contribuci\u00f3n de las y los docentes para el desarrollo de la entidad, la presidenta de la Mesa Directiva del Congreso del Estado, diputada Leticia Mosso Hern\u00e1ndez, se pronunci\u00f3 por la reivindicaci\u00f3n del papel de las maestras y los maestros&#8230;<\/p>\n","protected":false},"author":1,"featured_media":9666,"comment_status":"closed","ping_status":"open","sticky":false,"template":"","format":"standard","meta":{"_monsterinsights_skip_tracking":false,"_monsterinsights_sitenote_active":false,"_monsterinsights_sitenote_note":"","_monsterinsights_sitenote_category":0,"footnotes":""},"categories":[3],"tags":[],"class_list":["post-9665","post","type-post","status-publish","format-standard","has-post-thumbnail","hentry","category-boletin"],"aioseo_notices":[],"_links":{"self":[{"href":"https:\/\/congresogro.gob.mx\/63\/inicio\/wp-json\/wp\/v2\/posts\/9665","targetHints":{"allow":["GET"]}}],"collection":[{"href":"https:\/\/congresogro.gob.mx\/63\/inicio\/wp-json\/wp\/v2\/posts"}],"about":[{"href":"https:\/\/congresogro.gob.mx\/63\/inicio\/wp-json\/wp\/v2\/types\/post"}],"author":[{"embeddable":true,"href":"https:\/\/congresogro.gob.mx\/63\/inicio\/wp-json\/wp\/v2\/users\/1"}],"replies":[{"embeddable":true,"href":"https:\/\/congresogro.gob.mx\/63\/inicio\/wp-json\/wp\/v2\/comments?post=9665"}],"version-history":[{"count":1,"href":"https:\/\/congresogro.gob.mx\/63\/inicio\/wp-json\/wp\/v2\/posts\/9665\/revisions"}],"predecessor-version":[{"id":9667,"href":"https:\/\/congresogro.gob.mx\/63\/inicio\/wp-json\/wp\/v2\/posts\/9665\/revisions\/9667"}],"wp:featuredmedia":[{"embeddable":true,"href":"https:\/\/congresogro.gob.mx\/63\/inicio\/wp-json\/wp\/v2\/media\/9666"}],"wp:attachment":[{"href":"https:\/\/congresogro.gob.mx\/63\/inicio\/wp-json\/wp\/v2\/media?parent=9665"}],"wp:term":[{"taxonomy":"category","embeddable":true,"href":"https:\/\/congresogro.gob.mx\/63\/inicio\/wp-json\/wp\/v2\/categories?post=9665"},{"taxonomy":"post_tag","embeddable":true,"href":"https:\/\/congresogro.gob.mx\/63\/inicio\/wp-json\/wp\/v2\/tags?post=9665"}],"curies":[{"name":"wp","href":"https:\/\/api.w.org\/{rel}","templated":true}]}}