{"id":962,"date":"2021-11-10T19:19:57","date_gmt":"2021-11-11T01:19:57","guid":{"rendered":"https:\/\/congresogro.gob.mx\/63\/inicio\/?p=962"},"modified":"2021-11-10T19:19:57","modified_gmt":"2021-11-11T01:19:57","slug":"acompanan-diputados-a-la-gobernadora-a-inicio-de-estrategia-contra-la-violencia-hacia-las-mujeres","status":"publish","type":"post","link":"https:\/\/congresogro.gob.mx\/63\/inicio\/2021\/11\/10\/acompanan-diputados-a-la-gobernadora-a-inicio-de-estrategia-contra-la-violencia-hacia-las-mujeres\/","title":{"rendered":"ACOMPA\u00d1AN DIPUTADOS A LA GOBERNADORA A INICIO DE ESTRATEGIA CONTRA LA VIOLENCIA HACIA LAS MUJERES"},"content":{"rendered":"<p style=\"text-align: justify;\">El diputado Alfredo S\u00e1nchez Esquivel, presidente de la Junta de Coordinaci\u00f3n Pol\u00edtica, asisti\u00f3 al acto oficial de inicio y firma de la Estrategia para Prevenir, Atender, Sancionar y Erradicar la Violencia contra las Mujeres, Ni\u00f1as y Adolescentes de la Monta\u00f1a y Costa Chica de Guerrero, acto que encabez\u00f3 la gobernadora Evelyn Salgado Pineda.<\/p>\n<p style=\"text-align: justify;\">El objeto de esta acci\u00f3n de gobierno con alta responsabilidad social, a la que el Poder Legislativo se suma con toda decisi\u00f3n, es combatir de manera frontal las diferentes formas de agresi\u00f3n y violaci\u00f3n de los derechos humanos de las f\u00e9minas, que van desde el hostigamiento verbal, violencia f\u00edsica, acoso en las calles y escuelas, la venta de ni\u00f1as con fines de matrimonio forzado, y en su expresi\u00f3n m\u00e1s dram\u00e1tica: el feminicidio.<\/p>\n<p style=\"text-align: justify;\">Asistieron tambi\u00e9n las diputadas Gabriela Bernal Res\u00e9ndiz, Leticia Mosso Hern\u00e1ndez, Patricia Doroteo Calder\u00f3n, Gloria Citlali Calixto Jim\u00e9nez y el diputado Macedonio Mendoza Basurto.<\/p>\n","protected":false},"excerpt":{"rendered":"<p>El diputado Alfredo S\u00e1nchez Esquivel, presidente de la Junta de Coordinaci\u00f3n Pol\u00edtica, asisti\u00f3 al acto oficial de inicio y firma de la Estrategia para Prevenir, Atender, Sancionar y Erradicar la Violencia contra las Mujeres, Ni\u00f1as y Adolescentes de la Monta\u00f1a y Costa Chica de Guerrero, acto que encabez\u00f3 la gobernadora Evelyn Salgado Pineda. El objeto&#8230;<\/p>\n","protected":false},"author":1,"featured_media":963,"comment_status":"closed","ping_status":"open","sticky":false,"template":"","format":"standard","meta":{"_monsterinsights_skip_tracking":false,"_monsterinsights_sitenote_active":false,"_monsterinsights_sitenote_note":"","_monsterinsights_sitenote_category":0,"footnotes":""},"categories":[4,3,42,21,30,9,43],"tags":[],"class_list":["post-962","post","type-post","status-publish","format-standard","has-post-thumbnail","hentry","category-alfredo-sanchez-esquivel","category-boletin","category-gabriela-bernal-resendiz","category-gloria-citlali-calixto-jimenez","category-leticia-mosso-hernandez","category-masedonio-mendoza-aburto","category-patricia-doroteo-calderon"],"aioseo_notices":[],"_links":{"self":[{"href":"https:\/\/congresogro.gob.mx\/63\/inicio\/wp-json\/wp\/v2\/posts\/962","targetHints":{"allow":["GET"]}}],"collection":[{"href":"https:\/\/congresogro.gob.mx\/63\/inicio\/wp-json\/wp\/v2\/posts"}],"about":[{"href":"https:\/\/congresogro.gob.mx\/63\/inicio\/wp-json\/wp\/v2\/types\/post"}],"author":[{"embeddable":true,"href":"https:\/\/congresogro.gob.mx\/63\/inicio\/wp-json\/wp\/v2\/users\/1"}],"replies":[{"embeddable":true,"href":"https:\/\/congresogro.gob.mx\/63\/inicio\/wp-json\/wp\/v2\/comments?post=962"}],"version-history":[{"count":1,"href":"https:\/\/congresogro.gob.mx\/63\/inicio\/wp-json\/wp\/v2\/posts\/962\/revisions"}],"predecessor-version":[{"id":964,"href":"https:\/\/congresogro.gob.mx\/63\/inicio\/wp-json\/wp\/v2\/posts\/962\/revisions\/964"}],"wp:featuredmedia":[{"embeddable":true,"href":"https:\/\/congresogro.gob.mx\/63\/inicio\/wp-json\/wp\/v2\/media\/963"}],"wp:attachment":[{"href":"https:\/\/congresogro.gob.mx\/63\/inicio\/wp-json\/wp\/v2\/media?parent=962"}],"wp:term":[{"taxonomy":"category","embeddable":true,"href":"https:\/\/congresogro.gob.mx\/63\/inicio\/wp-json\/wp\/v2\/categories?post=962"},{"taxonomy":"post_tag","embeddable":true,"href":"https:\/\/congresogro.gob.mx\/63\/inicio\/wp-json\/wp\/v2\/tags?post=962"}],"curies":[{"name":"wp","href":"https:\/\/api.w.org\/{rel}","templated":true}]}}