{"id":9602,"date":"2024-05-08T16:39:56","date_gmt":"2024-05-08T22:39:56","guid":{"rendered":"https:\/\/congresogro.gob.mx\/63\/inicio\/?p=9602"},"modified":"2024-05-08T16:42:29","modified_gmt":"2024-05-08T22:42:29","slug":"el-congreso-de-guerrero-aprueba-reformas-para-fortalecer-la-auditoria-superior-del-estado","status":"publish","type":"post","link":"https:\/\/congresogro.gob.mx\/63\/inicio\/2024\/05\/08\/el-congreso-de-guerrero-aprueba-reformas-para-fortalecer-la-auditoria-superior-del-estado\/","title":{"rendered":"APRUEBA EL CONGRESO REFORMAS PARA FORTALECER LAS FUNCIONES DE LA AUDITOR\u00cdA SUPERIOR DEL ESTADO"},"content":{"rendered":"<p style=\"text-align: justify;\"><strong>Chilpancingo, Gro., 08 de mayo de 2024.-<\/strong> El Congreso del Estado aprob\u00f3 por unanimidad un dictamen de <span style=\"color: #993300;\"><a style=\"color: #993300;\" href=\"https:\/\/congresogro.com\/assets\/mCdQ4maEjlKvow2ttJaNxB4O1pRfudMweHNXmMq6.pdf\" target=\"_blank\" rel=\"nofollow noopener\">reforma y adiciones a la Ley de Fiscalizaci\u00f3n Superior y Rendici\u00f3n de Cuentas del Estado<\/a><\/span> para proporcionar mayores herramientas jur\u00eddicas a la Auditor\u00eda Superior del Estado (ASE) y garantizar que su labor sea m\u00e1s eficiente y transparente, favoreciendo el cumplimiento puntual de la comprobaci\u00f3n de los recursos p\u00fablicos y su correcta aplicaci\u00f3n.<\/p>\n<p style=\"text-align: justify;\">Al fundamentar el dictamen en su calidad de presidente de la <span style=\"color: #993300;\"><a style=\"color: #993300;\" href=\"https:\/\/congresogro.gob.mx\/63\/comisiones\/integrantes.php?idc=4&amp;idp=43&amp;ids=32&amp;idv1=14&amp;idv2=39&amp;idv3=49\" target=\"_blank\" rel=\"nofollow noopener\">Comisi\u00f3n de Vigilancia y Evaluaci\u00f3n de la ASE<\/a><\/span>, el diputado<span style=\"color: #993300;\"> <a style=\"color: #993300;\" href=\"https:\/\/photos.app.goo.gl\/HPEWzsjFSzwXUeg39\" target=\"_blank\" rel=\"nofollow noopener\">Jacinto Gonz\u00e1lez Varona<\/a><\/span> inform\u00f3 que se realiz\u00f3 un proceso de an\u00e1lisis y mesas de trabajo entre las \u00e1reas t\u00e9cnicas de la comisi\u00f3n ordinaria y de la citada instituci\u00f3n, a fin de establecer la viabilidad de las reformas, derivando en la dictaminaci\u00f3n en sentido positivo de la iniciativa, por considerar que es oportuna y procedente.<\/p>\n<p style=\"text-align: justify;\">El tambi\u00e9n diputado promovente dijo que con estas modificaciones se fortalece la fiscalizaci\u00f3n y se dota de certeza a la ciudadan\u00eda en cuanto al ejercicio y uso de los recursos p\u00fablicos otorgados a los Poderes del Estado, \u00f3rganos aut\u00f3nomos e instituciones encargadas de proveer servicios y bienestar social a la poblaci\u00f3n.<\/p>\n<p style=\"text-align: justify;\">Por cuanto a la entrega de las cuentas p\u00fablicas al concluir las administraciones municipales, y ante la falta de sanciones, indic\u00f3 que se agrega a este ordenamiento garantizar el derecho de audiencia de las personas que dejan el cargo.<\/p>\n<p style=\"text-align: justify;\">Se propone, adem\u00e1s, el incremento en las sanciones por incumplimiento en la presentaci\u00f3n de la cuenta p\u00fablica, con multas de 2000 veces el valor diario de la Unidad de Medida y Actualizaci\u00f3n, independientemente del fincamiento de las responsabilidades administrativas y penales.<\/p>\n<p style=\"text-align: justify;\">Respecto a la ausencia de la persona titular de la ASE, se plasma que ser\u00e1n cubiertas por las personas titulares de las auditor\u00edas especiales, en el orden que se\u00f1ale el Reglamento, y en caso de ausencia definitiva, la comisi\u00f3n legislativa dar\u00e1 cuenta al Congreso para que en un plazo no mayor a 30 d\u00edas emita la convocatoria correspondiente para designar a la persona titular, sin menoscabo de quien cubra la ausencia de la o el titular, contin\u00fae los trabajos de fiscalizaci\u00f3n y las actividades o funciones que no requieran cambios sustanciales atribuidos exclusivamente a quien ejerce la titularidad, adem\u00e1s de que no podr\u00e1, bajo ninguna circunstancia, realizar contrataciones de personal o modificaciones salariales.<\/p>\n<p style=\"text-align: justify;\">De la misma forma, para eficientar los procesos de fiscalizaci\u00f3n y de auditor\u00eda, favorecer la interacci\u00f3n con los entes fiscalizables, agilizar los plazos y economizar los canales de comunicaci\u00f3n en los procesos administrativos, se implementa el buz\u00f3n digital, como una herramienta tecnol\u00f3gica que permitir\u00e1 la comunicaci\u00f3n virtual y \u00e1gil para impactar positivamente en el cumplimiento de las obligaciones de rendici\u00f3n de cuentas.<\/p>\n<p>&nbsp;<\/p>\n<h5><strong>Acuerdo<\/strong><\/h5>\n<p style=\"text-align: justify;\">El diputado<span style=\"color: #993300;\"><a style=\"color: #993300;\" href=\"https:\/\/photos.app.goo.gl\/raCxfu6sQE4otj5C8\" target=\"_blank\" rel=\"nofollow noopener\"> Antonio Helguera Jim\u00e9nez<\/a><\/span> present\u00f3 un punto de acuerdo por el que <span style=\"color: #993300;\"><a style=\"color: #993300;\" href=\"https:\/\/congresogro.com\/assets\/SsHnq1hdl07daU2sgEB75gKGzPW37SwXjV4h2GBI.pdf\" target=\"_blank\" rel=\"nofollow noopener\">se exhorta a Roberto Arroyo Matus<\/a><\/span>, secretario de Gesti\u00f3n Integral de Riesgos y Protecci\u00f3n Civil del Gobierno del Estado, y a Rosa Icela Mart\u00ednez Vel\u00e1zquez, secretaria de Seguridad y Protecci\u00f3n Ciudadana del Gobierno Federal, para que urgentemente y de manera coordinada operen con mayor eficacia la gesti\u00f3n integral de riesgos, ante los incendios forestales que se presentan en el estado de Guerrero, destinando los recursos materiales y humanos necesarios para salvaguardar la vida, integridad y salud de la poblaci\u00f3n, as\u00ed como sus bienes, la infraestructura, planta productiva y el medio ambiente. La propuesta fue aprobada por unanimidad.<\/p>\n<p><strong>\u00a0<\/strong><\/p>\n<h5><strong>Dictamen<\/strong><\/h5>\n<p style=\"text-align: justify;\">Adem\u00e1s, el Pleno del Congreso del Estado aprob\u00f3 un dictamen por el que la LXIII Legislatura remite al Congreso de la Uni\u00f3n <a href=\"https:\/\/congresogro.com\/assets\/UF2wSWGsUTX3igEUkPwXdAaQiALrAl8fFgBtLXfU.pdf\" target=\"_blank\" rel=\"nofollow noopener\">iniciativa de reforma a la Constituci\u00f3n Pol\u00edtica de los Estados Unidos Mexicanos<\/a>, para integrar la extorsi\u00f3n en el cat\u00e1logo de delitos que cuentan con medida cautelar de prisi\u00f3n preventiva, a efecto de que quienes lo cometan permanezcan privados de su libertad mientras transcurre el proceso penal, garantizando la seguridad de las v\u00edctimas.<\/p>\n<p><strong>\u00a0<\/strong><\/p>\n<h5><strong>Protesta<\/strong><\/h5>\n<p style=\"text-align: justify;\">Ante el Pleno del Congreso del Estado rindi\u00f3 protesta la C. Maricela Ponce Lanche al cargo y funciones de presidenta del Ayuntamiento de Acapulco de Ju\u00e1rez, Guerrero.<\/p>\n<p>Finalmente, el Pleno del Congreso aprob\u00f3 un dictamen por el que se designa a Taurino V\u00e1zquez T\u00e9liz como presidente municipal de Arcelia, Guerrero, hasta en tanto subsista la licencia concedida a Bulmaro Torres Berrum. Acto seguido, el nuevo alcalde rindi\u00f3 la correspondiente protesta de ley.<\/p>\n<p style=\"text-align: center;\"><iframe loading=\"lazy\" title=\"YouTube video player\" src=\"https:\/\/www.youtube.com\/embed\/zwNh3973ZYg?si=ZcroKt11grtAEqqO&amp;start=2118\" width=\"560\" height=\"315\" frameborder=\"0\" allowfullscreen=\"allowfullscreen\"><\/iframe><\/p>\n<p>#Guerrero #Auditor\u00edaSuperior #ReformasLegislativas<\/p>\n","protected":false},"excerpt":{"rendered":"<p>Chilpancingo, Gro., 08 de mayo de 2024.- El Congreso del Estado aprob\u00f3 por unanimidad un dictamen de reforma y adiciones a la Ley de Fiscalizaci\u00f3n Superior y Rendici\u00f3n de Cuentas del Estado para proporcionar mayores herramientas jur\u00eddicas a la Auditor\u00eda Superior del Estado (ASE) y garantizar que su labor sea m\u00e1s eficiente y transparente, favoreciendo&#8230;<\/p>\n","protected":false},"author":1,"featured_media":9603,"comment_status":"closed","ping_status":"open","sticky":false,"template":"","format":"standard","meta":{"_monsterinsights_skip_tracking":false,"_monsterinsights_sitenote_active":false,"_monsterinsights_sitenote_note":"","_monsterinsights_sitenote_category":0,"footnotes":""},"categories":[3],"tags":[],"class_list":["post-9602","post","type-post","status-publish","format-standard","has-post-thumbnail","hentry","category-boletin"],"aioseo_notices":[],"_links":{"self":[{"href":"https:\/\/congresogro.gob.mx\/63\/inicio\/wp-json\/wp\/v2\/posts\/9602","targetHints":{"allow":["GET"]}}],"collection":[{"href":"https:\/\/congresogro.gob.mx\/63\/inicio\/wp-json\/wp\/v2\/posts"}],"about":[{"href":"https:\/\/congresogro.gob.mx\/63\/inicio\/wp-json\/wp\/v2\/types\/post"}],"author":[{"embeddable":true,"href":"https:\/\/congresogro.gob.mx\/63\/inicio\/wp-json\/wp\/v2\/users\/1"}],"replies":[{"embeddable":true,"href":"https:\/\/congresogro.gob.mx\/63\/inicio\/wp-json\/wp\/v2\/comments?post=9602"}],"version-history":[{"count":3,"href":"https:\/\/congresogro.gob.mx\/63\/inicio\/wp-json\/wp\/v2\/posts\/9602\/revisions"}],"predecessor-version":[{"id":9606,"href":"https:\/\/congresogro.gob.mx\/63\/inicio\/wp-json\/wp\/v2\/posts\/9602\/revisions\/9606"}],"wp:featuredmedia":[{"embeddable":true,"href":"https:\/\/congresogro.gob.mx\/63\/inicio\/wp-json\/wp\/v2\/media\/9603"}],"wp:attachment":[{"href":"https:\/\/congresogro.gob.mx\/63\/inicio\/wp-json\/wp\/v2\/media?parent=9602"}],"wp:term":[{"taxonomy":"category","embeddable":true,"href":"https:\/\/congresogro.gob.mx\/63\/inicio\/wp-json\/wp\/v2\/categories?post=9602"},{"taxonomy":"post_tag","embeddable":true,"href":"https:\/\/congresogro.gob.mx\/63\/inicio\/wp-json\/wp\/v2\/tags?post=9602"}],"curies":[{"name":"wp","href":"https:\/\/api.w.org\/{rel}","templated":true}]}}