{"id":9520,"date":"2024-04-28T09:37:21","date_gmt":"2024-04-28T15:37:21","guid":{"rendered":"https:\/\/congresogro.gob.mx\/63\/inicio\/?p=9520"},"modified":"2024-04-30T09:38:54","modified_gmt":"2024-04-30T15:38:54","slug":"reforma-a-ley-del-municipio-libre-en-materia-de-igualdad-e-inclusion-de-las-mujeres","status":"publish","type":"post","link":"https:\/\/congresogro.gob.mx\/63\/inicio\/2024\/04\/28\/reforma-a-ley-del-municipio-libre-en-materia-de-igualdad-e-inclusion-de-las-mujeres\/","title":{"rendered":"PROPONEN REFORMA A LEY DEL MUNICIPIO LIBRE EN MATERIA DE IGUALDAD E INCLUSI\u00d3N DE LAS MUJERES"},"content":{"rendered":"<p><strong>Chilpancingo, Gro., 28 de abril de 2024.-<\/strong> El diputado Genaro Yovani Estrada Morales present\u00f3 una iniciativa de reforma a la <a href=\"https:\/\/congresogro.gob.mx\/legislacion\/organicas\/ARCHI\/ley-organica-del-municipio-libre-del-estado-de-guerrero-2024-02-26.pdf\" target=\"_blank\" rel=\"nofollow noopener\">Ley Org\u00e1nica del Municipio Libre del Estado<\/a> para armonizar y modificar la redacci\u00f3n de dicho ordenamiento en materia de perspectiva de g\u00e9nero, eliminando con ello las barreras de desigualdad y exclusi\u00f3n de las mujeres.<\/p>\n<p>Expuso al presentar su iniciativa, precis\u00f3 que la legislaci\u00f3n en comento contiene un lenguaje masculino, pese a que en la actualidad, y gracias a la lucha hist\u00f3rica de las mujeres, se ha logrado su inclusi\u00f3n en todos los \u00e1mbitos de la vida p\u00fablica; muestra de ello es que actualmente ocupan espacios estrat\u00e9gicos de toma de decisiones.<\/p>\n<p>Detall\u00f3 que de acuerdo con la <a href=\"https:\/\/www.diputados.gob.mx\/LeyesBiblio\/pdf\/LGIMH.pdf\" target=\"_blank\" rel=\"nofollow noopener\">Ley General para la Igualdad entre Mujeres y Hombres<\/a>, la perspectiva de g\u00e9nero se refiere a la metodolog\u00eda y los mecanismos que permiten identificar, cuestionar y valorar la discriminaci\u00f3n, desigualdad y exclusi\u00f3n de las mujeres, que se pretende justificar con base en las diferencias biol\u00f3gicas entre ambos, as\u00ed como las acciones que deben emprenderse para actuar sobre los factores de g\u00e9nero y crear las condiciones de cambio que permitan avanzar en la construcci\u00f3n de la igualdad de g\u00e9nero.<\/p>\n<p>Estrada Morales agreg\u00f3 que pese a los avances en perspectiva de g\u00e9nero, persiste una segmentaci\u00f3n del mercado de trabajo basada en estereotipos de g\u00e9nero, acci\u00f3n que dificulta la inserci\u00f3n en el mercado laboral, por el simple hecho de ser mujer, y ante este escenario de desigualdad, resulta pertinente hacer modificaciones para generar un lenguaje incluyente acorde a los cambios actuales y sociales.<\/p>\n<p>Asimismo, dijo que los servidores p\u00fablicos deben contar con los conocimientos, t\u00e9cnicas, m\u00e9todos y destrezas que los hagan m\u00e1s aptos en su desempe\u00f1o, formaci\u00f3n, actualizaci\u00f3n y certificaci\u00f3n, para construir las bases de la profesionalizaci\u00f3n no solo de los hombres, sino tambi\u00e9n de las mujeres, permitiendo que las administraciones municipales realicen sus funciones de manera \u00f3ptima, en beneficio de la poblaci\u00f3n.<\/p>\n<p>Esta iniciativa de reforma a la <a href=\"https:\/\/congresogro.gob.mx\/legislacion\/organicas\/ARCHI\/ley-organica-del-municipio-libre-del-estado-de-guerrero-2024-02-26.pdf\" target=\"_blank\" rel=\"nofollow noopener\">Ley Org\u00e1nica del Municipio Libre del Estado<\/a> fue turnada a la Comisi\u00f3n de Asuntos Pol\u00edticos y Gobernaci\u00f3n, para su correspondiente an\u00e1lisis y dictaminaci\u00f3n.<\/p>\n<p style=\"text-align: center;\"><iframe loading=\"lazy\" title=\"YouTube video player\" src=\"https:\/\/www.youtube.com\/embed\/Eb3Ym7bfQ_o?si=tZHNMFuGFqNCeoTK&amp;start=2787\" width=\"560\" height=\"315\" frameborder=\"0\" allowfullscreen=\"allowfullscreen\"><\/iframe><\/p>\n<p>#IgualdadDeG\u00e9nero #Inclusi\u00f3nMujeres #ReformaLey #MujeresEnPol\u00edtica #DerechosMujeres<\/p>\n","protected":false},"excerpt":{"rendered":"<p>Chilpancingo, Gro., 28 de abril de 2024.- El diputado Genaro Yovani Estrada Morales present\u00f3 una iniciativa de reforma a la Ley Org\u00e1nica del Municipio Libre del Estado para armonizar y modificar la redacci\u00f3n de dicho ordenamiento en materia de perspectiva de g\u00e9nero, eliminando con ello las barreras de desigualdad y exclusi\u00f3n de las mujeres. Expuso&#8230;<\/p>\n","protected":false},"author":1,"featured_media":9521,"comment_status":"closed","ping_status":"open","sticky":false,"template":"","format":"standard","meta":{"_monsterinsights_skip_tracking":false,"_monsterinsights_sitenote_active":false,"_monsterinsights_sitenote_note":"","_monsterinsights_sitenote_category":0,"footnotes":""},"categories":[3,74],"tags":[],"class_list":["post-9520","post","type-post","status-publish","format-standard","has-post-thumbnail","hentry","category-boletin","category-genaro-yovani-estrada-morales"],"aioseo_notices":[],"_links":{"self":[{"href":"https:\/\/congresogro.gob.mx\/63\/inicio\/wp-json\/wp\/v2\/posts\/9520","targetHints":{"allow":["GET"]}}],"collection":[{"href":"https:\/\/congresogro.gob.mx\/63\/inicio\/wp-json\/wp\/v2\/posts"}],"about":[{"href":"https:\/\/congresogro.gob.mx\/63\/inicio\/wp-json\/wp\/v2\/types\/post"}],"author":[{"embeddable":true,"href":"https:\/\/congresogro.gob.mx\/63\/inicio\/wp-json\/wp\/v2\/users\/1"}],"replies":[{"embeddable":true,"href":"https:\/\/congresogro.gob.mx\/63\/inicio\/wp-json\/wp\/v2\/comments?post=9520"}],"version-history":[{"count":3,"href":"https:\/\/congresogro.gob.mx\/63\/inicio\/wp-json\/wp\/v2\/posts\/9520\/revisions"}],"predecessor-version":[{"id":9526,"href":"https:\/\/congresogro.gob.mx\/63\/inicio\/wp-json\/wp\/v2\/posts\/9520\/revisions\/9526"}],"wp:featuredmedia":[{"embeddable":true,"href":"https:\/\/congresogro.gob.mx\/63\/inicio\/wp-json\/wp\/v2\/media\/9521"}],"wp:attachment":[{"href":"https:\/\/congresogro.gob.mx\/63\/inicio\/wp-json\/wp\/v2\/media?parent=9520"}],"wp:term":[{"taxonomy":"category","embeddable":true,"href":"https:\/\/congresogro.gob.mx\/63\/inicio\/wp-json\/wp\/v2\/categories?post=9520"},{"taxonomy":"post_tag","embeddable":true,"href":"https:\/\/congresogro.gob.mx\/63\/inicio\/wp-json\/wp\/v2\/tags?post=9520"}],"curies":[{"name":"wp","href":"https:\/\/api.w.org\/{rel}","templated":true}]}}