{"id":9506,"date":"2024-04-25T15:52:37","date_gmt":"2024-04-25T21:52:37","guid":{"rendered":"https:\/\/congresogro.gob.mx\/63\/inicio\/?p=9506"},"modified":"2024-04-25T15:52:37","modified_gmt":"2024-04-25T21:52:37","slug":"crisis-de-agua-en-chilpancingo","status":"publish","type":"post","link":"https:\/\/congresogro.gob.mx\/63\/inicio\/2024\/04\/25\/crisis-de-agua-en-chilpancingo\/","title":{"rendered":"EXHORTA EL CONGRESO A GOBIERNOS FEDERAL Y MUNICIPAL PARA QUE RESUELVAN LA CRISIS DE AGUA EN CHILPANCINGO"},"content":{"rendered":"<p><strong>Chilpancingo, Gro., 25 de abril de 2024.-<\/strong> El Congreso del Estado exhort\u00f3 al Gobierno Federal, Gobierno Municipal y a la Comisi\u00f3n de Agua Potable y Alcantarillado de Chilpancingo para que, en el \u00e1mbito de sus competencias y responsabilidades, tomen medidas inmediatas para abordar la crisis de suministro de agua en este municipio.<\/p>\n<p>Al exponer su propuesta desde tribuna, la diputada Cynthia del Carmen Corona Garc\u00eda tambi\u00e9n solicit\u00f3 a las instancias antes mencionadas aportar informaci\u00f3n a esta Soberan\u00eda sobre las pol\u00edticas, acciones y medidas urgentes que realizar\u00e1n para racionar el abastecimiento de agua a la ciudadan\u00eda de Chilpancingo.<\/p>\n<p>Expuso la legisladora que la Asamblea General de las Naciones Unidas y el Comit\u00e9 de Derechos Econ\u00f3micos, Sociales y Culturales consideran el agua como un derecho esencial para garantizar todos los derechos humanos y una vida digna, por lo cual se debe disponer de agua suficiente, saludable, aceptable, f\u00edsicamente accesible y asequible para su uso personal y dom\u00e9stico.<\/p>\n<p>Indic\u00f3 que es importante priorizar la prevalencia del abasto de este servicio en la capital del estado; sin embargo, a\u00f1adi\u00f3 que, como es del conocimiento general, el Servicio de Agua Potable en Chilpancingo ha presentado diversas complicaciones operativas, debido a malas administraciones y decisiones desacertadas, situaci\u00f3n que ha generado colapso administrativo y financiero, derivando en bloqueos constantes de la ciudadan\u00eda en diferentes colonias, calles, avenidas y oficinas, en exigencia del vital l\u00edquido.<\/p>\n<p>Por lo anterior, la diputada <a href=\"https:\/\/l.facebook.com\/l.php?u=https%3A%2F%2Fcongresogro.gob.mx%2F63%2Finicio%2F2024%2F04%2F22%2Freformas-para-reducir-los-efectos-de-las-sequias-en-guerrero%2F&amp;h=AT0c_8GH1n_e7BfcLmH6WMxvafTDlXuAFbY8ijLfB25wlraz32-Q7ie5Ddb5wziO4ZrNIyICiavlMclWUW04wOis38anIpt6mHuGyz2d28_E9G1ltcp48Cdd4P-M_7dprQ3Mo0j4s4SKUbW6h935&amp;s=1\" target=\"_blank\" rel=\"nofollow noopener\">Cynthia Corona<\/a> plante\u00f3 la necesidad de que tanto el gobierno municipal como las autoridades implicadas en el suministro de agua implementen acciones que den solvencia al vital l\u00edquido, garantizando el servicio a la ciudadan\u00eda como parte del ejercicio de sus derechos humanos.<\/p>\n<p>\u201cAhora que comienzan los tiempos de escasez de agua se deben implementar pol\u00edticas, acciones y medidas urgentes para racionar el abastecimiento; concientizar sobre el uso y cuidado, as\u00ed como monitorear y controlar las fugas y su desperdicio, y con ello, garantizar el derecho humano a una vida digna de todas y todos los guerrerenses\u201d, apunt\u00f3.<\/p>\n<p style=\"text-align: center;\"><iframe loading=\"lazy\" title=\"El Congreso insta a resolver la crisis de agua en Chilpancingo. \u00a1Garanticemos el derecho humano al agua!\" src=\"https:\/\/www.youtube.com\/embed\/Eb3Ym7bfQ_o?si=8xW0CIDVJIhuSdsy&amp;start=5740\" width=\"560\" height=\"315\" frameborder=\"0\" allowfullscreen=\"allowfullscreen\"><span data-mce-type=\"bookmark\" style=\"display: inline-block; width: 0px; overflow: hidden; line-height: 0;\" class=\"mce_SELRES_start\">\ufeff<\/span><\/iframe><\/p>\n<p><em><strong>Leyes relacionadas:<\/strong><\/em><\/p>\n<ul>\n<li><em><strong><a href=\"https:\/\/congresogro.gob.mx\/legislacion\/ordinarias\/ARCHI\/LEY-DE-AGUAS-PARA-EL-ESTADO-LIBRE-Y-SOBERANO-DE-GUERRERO-574-2021-11-16.pdf\" target=\"_blank\" rel=\"noopener\">LEY DE AGUAS PARA EL ESTADO LIBRE Y SOBERANO DE GUERRERO N\u00daMERO 574.<\/a><\/strong><\/em><\/li>\n<\/ul>\n<p>#CrisisAgua #Chilpancingo #DerechoAlAgua #AguaPotable #CongresoGro<\/p>\n","protected":false},"excerpt":{"rendered":"<p>Chilpancingo, Gro., 25 de abril de 2024.- El Congreso del Estado exhort\u00f3 al Gobierno Federal, Gobierno Municipal y a la Comisi\u00f3n de Agua Potable y Alcantarillado de Chilpancingo para que, en el \u00e1mbito de sus competencias y responsabilidades, tomen medidas inmediatas para abordar la crisis de suministro de agua en este municipio. Al exponer su&#8230;<\/p>\n","protected":false},"author":1,"featured_media":9507,"comment_status":"closed","ping_status":"open","sticky":false,"template":"","format":"standard","meta":{"_monsterinsights_skip_tracking":false,"_monsterinsights_sitenote_active":false,"_monsterinsights_sitenote_note":"","_monsterinsights_sitenote_category":0,"footnotes":""},"categories":[3,75],"tags":[102,100,103,99,101],"class_list":["post-9506","post","type-post","status-publish","format-standard","has-post-thumbnail","hentry","category-boletin","category-cynthia-del-carmen-corona-garcia","tag-agua-potable","tag-chilpancingo","tag-congreso-gro","tag-crisis-agua","tag-derecho-al-agua"],"aioseo_notices":[],"_links":{"self":[{"href":"https:\/\/congresogro.gob.mx\/63\/inicio\/wp-json\/wp\/v2\/posts\/9506","targetHints":{"allow":["GET"]}}],"collection":[{"href":"https:\/\/congresogro.gob.mx\/63\/inicio\/wp-json\/wp\/v2\/posts"}],"about":[{"href":"https:\/\/congresogro.gob.mx\/63\/inicio\/wp-json\/wp\/v2\/types\/post"}],"author":[{"embeddable":true,"href":"https:\/\/congresogro.gob.mx\/63\/inicio\/wp-json\/wp\/v2\/users\/1"}],"replies":[{"embeddable":true,"href":"https:\/\/congresogro.gob.mx\/63\/inicio\/wp-json\/wp\/v2\/comments?post=9506"}],"version-history":[{"count":1,"href":"https:\/\/congresogro.gob.mx\/63\/inicio\/wp-json\/wp\/v2\/posts\/9506\/revisions"}],"predecessor-version":[{"id":9508,"href":"https:\/\/congresogro.gob.mx\/63\/inicio\/wp-json\/wp\/v2\/posts\/9506\/revisions\/9508"}],"wp:featuredmedia":[{"embeddable":true,"href":"https:\/\/congresogro.gob.mx\/63\/inicio\/wp-json\/wp\/v2\/media\/9507"}],"wp:attachment":[{"href":"https:\/\/congresogro.gob.mx\/63\/inicio\/wp-json\/wp\/v2\/media?parent=9506"}],"wp:term":[{"taxonomy":"category","embeddable":true,"href":"https:\/\/congresogro.gob.mx\/63\/inicio\/wp-json\/wp\/v2\/categories?post=9506"},{"taxonomy":"post_tag","embeddable":true,"href":"https:\/\/congresogro.gob.mx\/63\/inicio\/wp-json\/wp\/v2\/tags?post=9506"}],"curies":[{"name":"wp","href":"https:\/\/api.w.org\/{rel}","templated":true}]}}