{"id":9496,"date":"2024-04-24T18:16:09","date_gmt":"2024-04-25T00:16:09","guid":{"rendered":"https:\/\/congresogro.gob.mx\/63\/inicio\/?p=9496"},"modified":"2024-04-24T18:32:35","modified_gmt":"2024-04-25T00:32:35","slug":"exhorto-del-congreso-para-combatir-enfermedades-de-vectores","status":"publish","type":"post","link":"https:\/\/congresogro.gob.mx\/63\/inicio\/2024\/04\/24\/exhorto-del-congreso-para-combatir-enfermedades-de-vectores\/","title":{"rendered":"EXHORTA EL CONGRESO A SECRETAR\u00cdAS DE SALUD PARA REDOBLAR ESFUERZOS CONTRA LAS ENFERMEDADES DE VECTORES"},"content":{"rendered":"<p style=\"text-align: justify;\"><strong>Chilpancingo, Gro., 24 de abril de 2024.- <\/strong>El Congreso del Estado exhort\u00f3 a los titulares de las Secretar\u00edas de Salud federal y estatal para que, en coordinaci\u00f3n con autoridades sanitarias de los 85 municipios, establezcan urgentemente un programa extraordinario de atenci\u00f3n a la salud de la poblaci\u00f3n, contrarrestando los efectos que causan las enfermedades transmitidas por vectores, como paludismo, dengue, fiebre del Oeste del Nilo, chikungunya y otras, debiendo, asimismo, garantizar el personal y medicamentos necesarios en las unidades m\u00e9dicas de la entidad.<\/p>\n<p style=\"text-align: justify;\">En el acuerdo parlamentario propuesto por la diputada <a href=\"https:\/\/www.facebook.com\/congresogro\/posts\/pfbid031ijZhnKjoxN3NvpP1aB2thGBYiPTAZ53acDtRdYYswfXHpgcfHNnWFM4LvefULw8l\" target=\"_blank\" rel=\"nofollow noopener\">Elzy Camacho Pineda<\/a> se menciona que en M\u00e9xico, durante las primeras cinco semanas epidemiol\u00f3gicas de 2024, se report\u00f3 un incremento de 38 por ciento de casos de dengue en comparaci\u00f3n con el a\u00f1o pasado, estando Guerrero entre las entidades que m\u00e1s casos reportan.<\/p>\n<p style=\"text-align: justify;\">Refiere, asimismo, que la revista Forbes M\u00e9xico public\u00f3 que Guerrero representaba el 34.7 por ciento de los 6,828 casos de dengue detectados en M\u00e9xico en las primeras semanas del a\u00f1o, reportando m\u00e1s de 2 mil casos, y de acuerdo con el bolet\u00edn epidemiologico de la Secretar\u00eda de Salud federal, se muestra un aumento interanual de m\u00e1s de 478 por ciento en la enfermedad en todo el pa\u00eds.<\/p>\n<p style=\"text-align: justify;\">Adem\u00e1s, se\u00f1al\u00f3 la legisladora que la <a href=\"http:\/\/www.cenaprece.salud.gob.mx\/programas\/interior\/vectores\/descargas\/pdf\/NOM_032_SSA2_2014.pdf\" target=\"_blank\" rel=\"nofollow noopener\">Norma Oficial Mexicana NOM-032-SSA2-2014<\/a> para la vigilancia epidemiol\u00f3gica, promoci\u00f3n, prevenci\u00f3n y control de las enfermedades transmitidas por vectores, establece que estas enfermedades constituyen uno de los principales problemas de salud p\u00fablica en territorio nacional, ya que sus caracter\u00edsticas geogr\u00e1ficas y clim\u00e1ticas, as\u00ed como sus condiciones demogr\u00e1ficas y socioecon\u00f3micas, favorecen el riesgo de transmisi\u00f3n.<\/p>\n<p style=\"text-align: justify;\">La misma norma, dijo, establece como medidas generales de vigilancia, promoci\u00f3n, prevenci\u00f3n y control a trav\u00e9s de la capacitaci\u00f3n del personal de campo, para informar a la comunidad y la autoridad municipal sobre la importancia de atender los determinantes sociales de la salud asociadas a las enfermedades transmitidas por vector, su mecanismo de transmisi\u00f3n y las formas de prevenirlas y controlarlas, mediante el autocuidado de la salud, el mejoramiento de la vivienda y el saneamiento b\u00e1sico.<\/p>\n<p style=\"text-align: justify;\">Por lo anterior, <a href=\"https:\/\/www.facebook.com\/congresogro\/posts\/pfbid031ijZhnKjoxN3NvpP1aB2thGBYiPTAZ53acDtRdYYswfXHpgcfHNnWFM4LvefULw8l\" target=\"_blank\" rel=\"nofollow noopener\">Camacho Pineda<\/a> manifest\u00f3 que el personal de salud debe promover, con la participaci\u00f3n de la ciudadan\u00eda, acciones concretas, sencillas y econ\u00f3micas para eliminar las condiciones que favorecen la transmisi\u00f3n de estas enfermedades, como destruir recipientes o voltearlos para que no queden residuos de agua, y modificar la vivienda mediante la colocaci\u00f3n de mallas mosquiteras en puertas y ventanas, para reducir el contacto de los vectores.<\/p>\n<p style=\"text-align: justify;\"><strong>Acuerdos<\/strong><\/p>\n<p style=\"text-align: justify;\">El Pleno de la LXIII Legislatura aprob\u00f3 un acuerdo parlamentario suscrito por la <a href=\"https:\/\/congresogro.gob.mx\/63\/inicio\/junta-de-coordinacion-politica\/\" target=\"_blank\" rel=\"nofollow noopener\">Junta de Coordinaci\u00f3n Pol\u00edtica<\/a> por el que se reestructuran diversas Comisiones Ordinarias y Comit\u00e9s Legislativos. Acto seguido, las diputadas y diputados que integrar\u00e1n dichos \u00f3rganos rindieron protesta ante el Pleno.<\/p>\n<p style=\"text-align: justify;\">En la misma sesi\u00f3n, la diputada <a href=\"https:\/\/www.facebook.com\/congresogro\/posts\/pfbid0rAvxyGxmUrNUbxAVcFkKJMhRno9phFueQkxx4fLeZpKUU73SyW7YjzxncsMth6cDl\" target=\"_blank\" rel=\"nofollow noopener\">Cynthia del Carmen Corona<\/a> Garc\u00eda present\u00f3 un punto de acuerdo para exhortar al Ejecutivo Federal, al Gobierno Municipal y a la Comisi\u00f3n de Agua Potable y Alcantarillado de Chilpancingo para que en el \u00e1mbito de sus competencias en la gesti\u00f3n del suministro de agua potable, informen qu\u00e9 pol\u00edticas, acciones y medidas urgentes realizar\u00e1n para racionar el abastecimiento del agua a los ciudadanos de Chilpancingo, considerando el suministro como derecho humano indispensable para una vida humana digna.<\/p>\n<p style=\"text-align: center;\"><iframe loading=\"lazy\" title=\"YouTube video player\" src=\"https:\/\/www.youtube.com\/embed\/Eb3Ym7bfQ_o?si=SHO7PYQLNDRbw5gK\" width=\"560\" height=\"315\" frameborder=\"0\" allowfullscreen=\"allowfullscreen\"><\/iframe><\/p>\n<p>#EnfermedadesVectores #SaludGuerrero #Prevenci\u00f3nEnfermedades #CongresoGro<\/p>\n","protected":false},"excerpt":{"rendered":"<p>Chilpancingo, Gro., 24 de abril de 2024.- El Congreso del Estado exhort\u00f3 a los titulares de las Secretar\u00edas de Salud federal y estatal para que, en coordinaci\u00f3n con autoridades sanitarias de los 85 municipios, establezcan urgentemente un programa extraordinario de atenci\u00f3n a la salud de la poblaci\u00f3n, contrarrestando los efectos que causan las enfermedades transmitidas&#8230;<\/p>\n","protected":false},"author":1,"featured_media":9498,"comment_status":"closed","ping_status":"open","sticky":false,"template":"","format":"standard","meta":{"_monsterinsights_skip_tracking":false,"_monsterinsights_sitenote_active":false,"_monsterinsights_sitenote_note":"","_monsterinsights_sitenote_category":0,"footnotes":""},"categories":[3],"tags":[],"class_list":["post-9496","post","type-post","status-publish","format-standard","has-post-thumbnail","hentry","category-boletin"],"aioseo_notices":[],"_links":{"self":[{"href":"https:\/\/congresogro.gob.mx\/63\/inicio\/wp-json\/wp\/v2\/posts\/9496","targetHints":{"allow":["GET"]}}],"collection":[{"href":"https:\/\/congresogro.gob.mx\/63\/inicio\/wp-json\/wp\/v2\/posts"}],"about":[{"href":"https:\/\/congresogro.gob.mx\/63\/inicio\/wp-json\/wp\/v2\/types\/post"}],"author":[{"embeddable":true,"href":"https:\/\/congresogro.gob.mx\/63\/inicio\/wp-json\/wp\/v2\/users\/1"}],"replies":[{"embeddable":true,"href":"https:\/\/congresogro.gob.mx\/63\/inicio\/wp-json\/wp\/v2\/comments?post=9496"}],"version-history":[{"count":5,"href":"https:\/\/congresogro.gob.mx\/63\/inicio\/wp-json\/wp\/v2\/posts\/9496\/revisions"}],"predecessor-version":[{"id":9502,"href":"https:\/\/congresogro.gob.mx\/63\/inicio\/wp-json\/wp\/v2\/posts\/9496\/revisions\/9502"}],"wp:featuredmedia":[{"embeddable":true,"href":"https:\/\/congresogro.gob.mx\/63\/inicio\/wp-json\/wp\/v2\/media\/9498"}],"wp:attachment":[{"href":"https:\/\/congresogro.gob.mx\/63\/inicio\/wp-json\/wp\/v2\/media?parent=9496"}],"wp:term":[{"taxonomy":"category","embeddable":true,"href":"https:\/\/congresogro.gob.mx\/63\/inicio\/wp-json\/wp\/v2\/categories?post=9496"},{"taxonomy":"post_tag","embeddable":true,"href":"https:\/\/congresogro.gob.mx\/63\/inicio\/wp-json\/wp\/v2\/tags?post=9496"}],"curies":[{"name":"wp","href":"https:\/\/api.w.org\/{rel}","templated":true}]}}