{"id":9493,"date":"2024-04-24T16:32:47","date_gmt":"2024-04-24T22:32:47","guid":{"rendered":"https:\/\/congresogro.gob.mx\/63\/inicio\/?p=9493"},"modified":"2024-04-24T16:32:47","modified_gmt":"2024-04-24T22:32:47","slug":"develar-el-nombre-en-letras-doradas-del-lider-magisterial-othon-salazar-ramirez","status":"publish","type":"post","link":"https:\/\/congresogro.gob.mx\/63\/inicio\/2024\/04\/24\/develar-el-nombre-en-letras-doradas-del-lider-magisterial-othon-salazar-ramirez\/","title":{"rendered":"DEVELAR\u00c1 EL CONGRESO EL NOMBRE EN LETRAS DORADAS DEL L\u00cdDER MAGISTERIAL OTH\u00d3N SALAZAR RAM\u00cdREZ"},"content":{"rendered":"<p style=\"text-align: justify;\"><strong>Chilpancingo, Gro., 24 de abril de 2024.-<\/strong> El Congreso del Estado acord\u00f3 celebrar Sesi\u00f3n P\u00fablica y Solemne el pr\u00f3ximo 15 de mayo para develar en el Muro de Honor del Sal\u00f3n de Sesiones \u201cPrimer Congreso de An\u00e1huac\u201d la inscripci\u00f3n con letras doradas del nombre del l\u00edder magisterial \u201cOth\u00f3n Salazar Ram\u00edrez\u201d.<\/p>\n<p style=\"text-align: justify;\">A trav\u00e9s de un acuerdo parlamentario suscrito por la Junta de Coordinaci\u00f3n Pol\u00edtica, que contiene tambi\u00e9n el orden del d\u00eda al que se sujetara dicha sesi\u00f3n, se anuncia la presencia en el evento de los representantes de los Poderes Ejecutivo y Judicial del estado, as\u00ed como un representante del Poder Ejecutivo Federal.<\/p>\n<p style=\"text-align: justify;\">La instalaci\u00f3n de la sesi\u00f3n se prev\u00e9 a las 10 horas, tras lo cual se designar\u00e1 a una comisi\u00f3n especial de diputados que se encargar\u00e1 de introducir al recinto oficial a la gobernadora constitucional del estado, Evelyn Salgado Pineda; al representante del presidente constitucional de los Estados Unidos Mexicanos, Andr\u00e9s Manuel L\u00f3pez Obrador; al presidente del Tribunal Superior de Justicia del Estado, Raymundo Casarrubias V\u00e1zquez, y a quien venga en nombre del homenajeado.<\/p>\n<p style=\"text-align: justify;\">Luego de rendirse honores a la Bandera e Interpretaci\u00f3n del Himno Nacional, intervendr\u00e1 la diputada Leticia Mosso Hern\u00e1ndez en su calidad de presidenta de la Mesa Directiva, a nombre de la LXIII Legislatura.<\/p>\n<p style=\"text-align: justify;\">Tras esto dar\u00e1n un mensaje quien viene en nombre del que recibe el reconocimiento, Oth\u00f3n Salazar Ram\u00edrez, as\u00ed como el representante del Ejecutivo Federal, y por \u00faltimo la gobernadora del estado.<\/p>\n<p style=\"text-align: justify;\">Finalmente, se llevar\u00e1 a cabo la develaci\u00f3n de la inscripci\u00f3n del nombre de Oth\u00f3n Salazar Ram\u00edrez, y se interpretar\u00e1 el <a href=\"https:\/\/congresogro.gob.mx\/legislacion\/ordinarias\/ARCHI\/LEY-SOBRE-SIMBOLOS-DE-IDENTIDAD-Y-PERTENENCIA-DEL-ESTADO-DE-GUERRERO-761-2021-03-10.pdf\" target=\"_blank\" rel=\"nofollow noopener\">Himno a Guerrero<\/a>, para concluir con la sesi\u00f3n.<\/p>\n<p style=\"text-align: justify;\"><strong>Iniciativas <\/strong><\/p>\n<p style=\"text-align: justify;\">El diputado <a href=\"https:\/\/photos.google.com\/share\/AF1QipNgcstcDUcqvbWMSTeHHhDeIKcQlTpYB8mCk6RjqhOFh9FpUjE-7OfGvl8aKqiF0A?pli=1&amp;key=ZHBNeUlyUTg0TzJuMFd4Y29pR09rcEI2anhKRV9n\" target=\"_blank\" rel=\"nofollow noopener\">Carlos Cruz L\u00f3pez<\/a> present\u00f3 una iniciativa de reforma a la <a href=\"https:\/\/congresogro.gob.mx\/legislacion\/ordinarias\/ARCHI\/LEY-DEL-SISTEMA-DE-SEGURIDAD-PUBLICA-DEL-ESTADO-DE-GUERRERO-179-2022-05-07.pdf\" target=\"_blank\" rel=\"nofollow noopener\">Ley del Sistema de Seguridad P\u00fablica del Estado<\/a> para generar y promover mecanismos de coordinaci\u00f3n entre las instituciones encargadas de la seguridad, y elaborar y ejecutar programas y acciones que garanticen el cumplimiento del principio de paridad de g\u00e9nero en los cuerpos policiacos.<\/p>\n<p style=\"text-align: justify;\">Por su parte, el diputado Genaro Yovani Estrada Morales propuso reformar la <a href=\"https:\/\/congresogro.gob.mx\/legislacion\/organicas\/ARCHI\/ley-organica-del-municipio-libre-del-estado-de-guerrero-2024-02-26.pdf\" target=\"_blank\" rel=\"nofollow noopener\">Ley Org\u00e1nica del Municipio Libre del Estado<\/a> para armonizar y modificar la redacci\u00f3n de dicho ordenamiento en materia de perspectiva de g\u00e9nero, y con ello eliminar las barreras de desigualdad y exclusi\u00f3n de las mujeres.<\/p>\n<p style=\"text-align: center;\"><iframe loading=\"lazy\" title=\"YouTube video player\" src=\"https:\/\/www.youtube.com\/embed\/Eb3Ym7bfQ_o?si=En9mf4HCCZPZvsv_&amp;start=604\" width=\"560\" height=\"315\" frameborder=\"0\" allowfullscreen=\"allowfullscreen\"><\/iframe><\/p>\n<p>#Homenaje #Oth\u00f3nSalazar #L\u00edderMagisterial #Reconocimiento #CongresoGro<\/p>\n<p><a href=\"https:\/\/congresogro.gob.mx\/legislacion\/ordinarias\/ARCHI\/LEY-SOBRE-SIMBOLOS-DE-IDENTIDAD-Y-PERTENENCIA-DEL-ESTADO-DE-GUERRERO-761-2021-03-10.pdf\" target=\"_blank\" rel=\"nofollow noopener\"><em><strong>Descubre los s\u00edmbolos que nos identifican y unen en el estado de Guerrero.<\/strong><\/em><\/a><\/p>\n","protected":false},"excerpt":{"rendered":"<p>Chilpancingo, Gro., 24 de abril de 2024.- El Congreso del Estado acord\u00f3 celebrar Sesi\u00f3n P\u00fablica y Solemne el pr\u00f3ximo 15 de mayo para develar en el Muro de Honor del Sal\u00f3n de Sesiones \u201cPrimer Congreso de An\u00e1huac\u201d la inscripci\u00f3n con letras doradas del nombre del l\u00edder magisterial \u201cOth\u00f3n Salazar Ram\u00edrez\u201d. A trav\u00e9s de un acuerdo&#8230;<\/p>\n","protected":false},"author":1,"featured_media":9494,"comment_status":"closed","ping_status":"open","sticky":false,"template":"","format":"standard","meta":{"_monsterinsights_skip_tracking":false,"_monsterinsights_sitenote_active":false,"_monsterinsights_sitenote_note":"","_monsterinsights_sitenote_category":0,"footnotes":""},"categories":[3],"tags":[],"class_list":["post-9493","post","type-post","status-publish","format-standard","has-post-thumbnail","hentry","category-boletin"],"aioseo_notices":[],"_links":{"self":[{"href":"https:\/\/congresogro.gob.mx\/63\/inicio\/wp-json\/wp\/v2\/posts\/9493","targetHints":{"allow":["GET"]}}],"collection":[{"href":"https:\/\/congresogro.gob.mx\/63\/inicio\/wp-json\/wp\/v2\/posts"}],"about":[{"href":"https:\/\/congresogro.gob.mx\/63\/inicio\/wp-json\/wp\/v2\/types\/post"}],"author":[{"embeddable":true,"href":"https:\/\/congresogro.gob.mx\/63\/inicio\/wp-json\/wp\/v2\/users\/1"}],"replies":[{"embeddable":true,"href":"https:\/\/congresogro.gob.mx\/63\/inicio\/wp-json\/wp\/v2\/comments?post=9493"}],"version-history":[{"count":1,"href":"https:\/\/congresogro.gob.mx\/63\/inicio\/wp-json\/wp\/v2\/posts\/9493\/revisions"}],"predecessor-version":[{"id":9495,"href":"https:\/\/congresogro.gob.mx\/63\/inicio\/wp-json\/wp\/v2\/posts\/9493\/revisions\/9495"}],"wp:featuredmedia":[{"embeddable":true,"href":"https:\/\/congresogro.gob.mx\/63\/inicio\/wp-json\/wp\/v2\/media\/9494"}],"wp:attachment":[{"href":"https:\/\/congresogro.gob.mx\/63\/inicio\/wp-json\/wp\/v2\/media?parent=9493"}],"wp:term":[{"taxonomy":"category","embeddable":true,"href":"https:\/\/congresogro.gob.mx\/63\/inicio\/wp-json\/wp\/v2\/categories?post=9493"},{"taxonomy":"post_tag","embeddable":true,"href":"https:\/\/congresogro.gob.mx\/63\/inicio\/wp-json\/wp\/v2\/tags?post=9493"}],"curies":[{"name":"wp","href":"https:\/\/api.w.org\/{rel}","templated":true}]}}