{"id":946,"date":"2021-11-09T09:10:43","date_gmt":"2021-11-09T15:10:43","guid":{"rendered":"https:\/\/congresogro.gob.mx\/63\/inicio\/?p=946"},"modified":"2021-11-10T09:11:39","modified_gmt":"2021-11-10T15:11:39","slug":"emite-el-congreso-convocatoria-para-la-eleccion-de-nuevo-fiscal-general-del-estado","status":"publish","type":"post","link":"https:\/\/congresogro.gob.mx\/63\/inicio\/2021\/11\/09\/emite-el-congreso-convocatoria-para-la-eleccion-de-nuevo-fiscal-general-del-estado\/","title":{"rendered":"EMITE EL CONGRESO CONVOCATORIA PARA LA  ELECCI\u00d3N DE NUEVO FISCAL GENERAL DEL ESTADO"},"content":{"rendered":"<p style=\"text-align: justify;\"><strong>Chilpancingo, Gro., 09 de noviembre de 2021.-<\/strong> El Congreso del Estado aprob\u00f3 un acuerdo parlamentario por el que se acepta la renuncia de Jorge Zuriel de los Santos Barrilla al cargo y funciones de fiscal general del estado, emitiendo tras eso la convocatoria para seleccionar y designar al nuevo titular de la dependencia.<\/p>\n<p style=\"text-align: justify;\">Entre los requisitos que establece la convocatoria, vigente del 11 al 25 de noviembre, est\u00e1n ser mexicano en ejercicio de sus derechos civiles y pol\u00edticos, tener cuando menos 30 a\u00f1os cumplidos al d\u00eda de la designaci\u00f3n, gozar de buena reputaci\u00f3n y no haber sido condenado por delito que amerite pena corporal, ni estar inhabilitado para el desempe\u00f1o de cargos p\u00fablicos.<\/p>\n<p style=\"text-align: justify;\">Asimismo, haber residido cuando menos cinco a\u00f1os anteriores al d\u00eda de su nombramiento, contar con conocimientos especializados y experiencia debidamente comprobados en el \u00e1mbito de su competencia, adem\u00e1s de poseer t\u00edtulo y c\u00e9dula profesional de licenciado en Derecho expedidos por autoridad o instituci\u00f3n legalmente facultada.<\/p>\n<p style=\"text-align: justify;\">Requiere tambi\u00e9n no ser ministro de ning\u00fan culto religioso ni titular de ninguna dependencia, entidad u organismo de la administraci\u00f3n p\u00fablica estatal, municipal o representante popular, federal o estatal durante dos a\u00f1os previos a la designaci\u00f3n, como tampoco haber sido dirigente de alg\u00fan partido pol\u00edtico ni postulado para cargo de elecci\u00f3n popular durante los tres a\u00f1os anteriores a la designaci\u00f3n.<\/p>\n<p style=\"text-align: justify;\">Entre la documentaci\u00f3n que deber\u00e1n entregar los aspirantes, est\u00e1n copias certificadas del acta de nacimiento, de la credencial para votar vigente, del t\u00edtulo y c\u00e9dula profesionales, acreditaci\u00f3n de residencia en Guerrero durante los \u00faltimos cinco a\u00f1os, comprobante de domicilio, acreditaci\u00f3n de conocimientos especializados y experiencia comprobada en el \u00e1mbito de competencia de la Fiscal\u00eda General, as\u00ed como el curr\u00edculum vitae.<\/p>\n<p style=\"text-align: justify;\">Las solicitudes de registro de aspirantes a ocupar el cargo se recibir\u00e1n del 11 al 25 de noviembre de 2021, con excepci\u00f3n de los d\u00edas 13, 14, 15, 20 y 21 de noviembre, por ser inh\u00e1biles, en un horario de las 9:00 a las 15:00 horas en las oficinas de Presidencia de la Junta de Coordinaci\u00f3n Pol\u00edtica, interior del Recinto Oficial del Poder Legislativo, Boulevard Vicente Guerrero, Tr\u00e9bol Sur, Sentimientos de la Naci\u00f3n S\/N,\u00a0 Colonia Villa Moderna, C.P. 39074, en Chilpancingo de los Bravo, Guerrero.<\/p>\n<p style=\"text-align: justify;\">Una vez recibidos los documentos, se verificar\u00e1 el cumplimiento de los requisitos tomando en cuenta la historia profesional y laboral, apego a los principios de legalidad, objetividad, profesionalismo, honradez y respeto a los derechos humanos.<\/p>\n<p style=\"text-align: justify;\">Posteriormente, se elaborar\u00e1 una lista de al menos diez candidatos que ser\u00e1 enviada a la gobernadora del estado, y \u00e9sta a su vez, dentro de los diez d\u00edas siguientes, formular\u00e1 una terna que regresar\u00e1 al Congreso para que comparezcan y presenten su plan de trabajo.<\/p>\n<p style=\"text-align: justify;\">Al t\u00e9rmino de las comparecencias, la Jucopo propondr\u00e1 al Pleno la propuesta para que con el voto de las dos terceras partes se elija a quien ocupar\u00e1 la titularidad de dicha instancia, posterior a lo cual rendir\u00e1 protesta de ley al cargo, mismo que ser\u00e1 por un periodo de seis a\u00f1os improrrogables<strong>.<\/strong><\/p>\n<p style=\"text-align: justify;\"><strong>\u00a0<\/strong><\/p>\n<p style=\"text-align: justify;\"><strong>Intervenciones <\/strong><\/p>\n<p style=\"text-align: justify;\">El diputado <a href=\"https:\/\/www.facebook.com\/EstebanAlbarranM?__cft__%5b0%5d=AZXjT4AtrgModR-ncn-8X881PpXM7su-0wy7gvoU9RxD6Rt_u2xJAX323Xqsoi7RbOPOWVzEao63fOHSZzwVEvAkoeZCus8jRGHQWHZz0AKalZvo-l1Q76l5thPxnQFX4A1-esx6uwusLcFh-ztictTX&amp;__tn__=-%5dK-R\">Esteban Albarr\u00e1n Mendoza<\/a> (PRI) particip\u00f3 cn el tema \u201cLa libertad de expresi\u00f3n y gobernabilidad\u201d. Refiri\u00f3 que la Asamblea General de las Naciones Unidas proclam\u00f3 el 2 de noviembre como el D\u00eda Internacional para Poner Fin a la Impunidad de los Cr\u00edmenes contra Periodistas, exhortando a los Estados a tomar medidas al respecto.<\/p>\n<p style=\"text-align: justify;\">En ese sentido, manifest\u00f3 que es necesario reflexionar sobre este tema para que los gobiernos actuales implementen pol\u00edticas p\u00fablicas que garanticen el derecho a la libertad de expresi\u00f3n y el acceso a la informaci\u00f3n.<\/p>\n<p style=\"text-align: justify;\">Intervinieron la diputada Beatriz Mojica Morga (Morena) y el diputado Joaqu\u00edn Badillo Escamilla (Morena).<\/p>\n<p style=\"text-align: justify;\">Por su parte, el diputado <a href=\"https:\/\/www.facebook.com\/fortunatohercar\/?__cft__%5b0%5d=AZW2c4OKiK81nPfYJt6E0v7l6DPl-i0jRiZxzthAHr4IQxW9E66qqrVQpWV0kkET0YHQcHxsp6A9ljTWYTnETcB21BiPZ1OoQ0Aki89Ho4S5tA4VTebDwP_gkSZU6P1bKEAU3JTRJdGEw2wrzinwXy89&amp;__tn__=kK-R\">Fortunato Hern\u00e1ndez Carbajal<\/a> (Morena) habl\u00f3 sobre los conflictos sociales y la construcci\u00f3n de la paz en Guerrero. Dijo que actualmente en la entidad se registra una variedad de conflictos, como el de Xalpatl\u00e1huac, protestas de sindicatos como la CETEG, SNTE y Colegio de Bachilleres, de las Prepas Populares y la Normal de Ayotzinapa, adem\u00e1s de los desplazamientos de comunidades de la Sierra y de la Tierra Caliente a causa de la violencia criminal, con consecuencias sociales, econ\u00f3micas y culturales.<\/p>\n<p style=\"text-align: justify;\">Hizo un llamado a los tres niveles de gobierno e instituciones educativas p\u00fablicas y privadas para abrirse al di\u00e1logo y priorizar la atenci\u00f3n de los problemas que m\u00e1s afectan al estado, poniendo especial \u00e9nfasis en la atenci\u00f3n de los grupos vulnerables y respetando los derechos humanos m\u00e1s elementales.<\/p>\n<p style=\"text-align: justify;\">Finalmente, la diputada <a href=\"https:\/\/www.facebook.com\/MariaFloresDtto27\/?__cft__%5b0%5d=AZWEg9HrYtnARbu-O-iif0DRjLgn5xgZrE69uZETmsrLyWYwFXlSPn_ocvzwAbXOW1vDwU2SPKXSVZcpZGybh3DoARcWLbZyTes-OrMjrbktsdvcoBs53-LN28XrDuO-w8C6eRiHlv4cndZrlPdnZSwH&amp;__tn__=kK-R\">Mar\u00eda Flores Maldonado<\/a> (Morena) habl\u00f3 sobre la salud en la regi\u00f3n de la Monta\u00f1a, refiriendo las grandes carencias que hay en servicios m\u00e9dicos y medicamentos.<\/p>\n<p style=\"text-align: justify;\">Hizo un llamado a la Secretar\u00eda de Salud en Guerrero para que realice un diagn\u00f3stico urgente en los hospitales General de Tlapa de Comonfort y del Ni\u00f1o y la Madre Ind\u00edgena, as\u00ed como en las cl\u00ednicas y centros de salud de la regi\u00f3n, a efecto de resolver sus necesidades, para que las y los ciudadanos reciban atenci\u00f3n m\u00e9dica de calidad, con dignidad y el respeto que merecen.<\/p>\n","protected":false},"excerpt":{"rendered":"<p>Chilpancingo, Gro., 09 de noviembre de 2021.- El Congreso del Estado aprob\u00f3 un acuerdo parlamentario por el que se acepta la renuncia de Jorge Zuriel de los Santos Barrilla al cargo y funciones de fiscal general del estado, emitiendo tras eso la convocatoria para seleccionar y designar al nuevo titular de la dependencia. Entre los&#8230;<\/p>\n","protected":false},"author":1,"featured_media":947,"comment_status":"closed","ping_status":"open","sticky":false,"template":"","format":"standard","meta":{"_monsterinsights_skip_tracking":false,"_monsterinsights_sitenote_active":false,"_monsterinsights_sitenote_note":"","_monsterinsights_sitenote_category":0,"footnotes":""},"categories":[3],"tags":[],"class_list":["post-946","post","type-post","status-publish","format-standard","has-post-thumbnail","hentry","category-boletin"],"aioseo_notices":[],"_links":{"self":[{"href":"https:\/\/congresogro.gob.mx\/63\/inicio\/wp-json\/wp\/v2\/posts\/946","targetHints":{"allow":["GET"]}}],"collection":[{"href":"https:\/\/congresogro.gob.mx\/63\/inicio\/wp-json\/wp\/v2\/posts"}],"about":[{"href":"https:\/\/congresogro.gob.mx\/63\/inicio\/wp-json\/wp\/v2\/types\/post"}],"author":[{"embeddable":true,"href":"https:\/\/congresogro.gob.mx\/63\/inicio\/wp-json\/wp\/v2\/users\/1"}],"replies":[{"embeddable":true,"href":"https:\/\/congresogro.gob.mx\/63\/inicio\/wp-json\/wp\/v2\/comments?post=946"}],"version-history":[{"count":1,"href":"https:\/\/congresogro.gob.mx\/63\/inicio\/wp-json\/wp\/v2\/posts\/946\/revisions"}],"predecessor-version":[{"id":948,"href":"https:\/\/congresogro.gob.mx\/63\/inicio\/wp-json\/wp\/v2\/posts\/946\/revisions\/948"}],"wp:featuredmedia":[{"embeddable":true,"href":"https:\/\/congresogro.gob.mx\/63\/inicio\/wp-json\/wp\/v2\/media\/947"}],"wp:attachment":[{"href":"https:\/\/congresogro.gob.mx\/63\/inicio\/wp-json\/wp\/v2\/media?parent=946"}],"wp:term":[{"taxonomy":"category","embeddable":true,"href":"https:\/\/congresogro.gob.mx\/63\/inicio\/wp-json\/wp\/v2\/categories?post=946"},{"taxonomy":"post_tag","embeddable":true,"href":"https:\/\/congresogro.gob.mx\/63\/inicio\/wp-json\/wp\/v2\/tags?post=946"}],"curies":[{"name":"wp","href":"https:\/\/api.w.org\/{rel}","templated":true}]}}