{"id":9435,"date":"2024-04-17T09:01:09","date_gmt":"2024-04-17T15:01:09","guid":{"rendered":"https:\/\/congresogro.gob.mx\/63\/inicio\/?p=9435"},"modified":"2024-04-17T09:19:47","modified_gmt":"2024-04-17T15:19:47","slug":"artesanias-guerrero-venta-directa-ferias-exportacion-y-apoyo-a-creadores","status":"publish","type":"post","link":"https:\/\/congresogro.gob.mx\/63\/inicio\/2024\/04\/17\/artesanias-guerrero-venta-directa-ferias-exportacion-y-apoyo-a-creadores\/","title":{"rendered":"APRUEBAN REFORMAS PARA IMPULSAR LAS ARTESAN\u00cdAS DE GUERRERO"},"content":{"rendered":"<p style=\"text-align: justify;\"><strong>Chilpancingo, Gro., 16 de abril de 2024.-<\/strong> Con el objetivo de impulsar la venta de productos artesanales guerrerenses en los centros tur\u00edsticos m\u00e1s importantes del pa\u00eds, as\u00ed como en consulados y embajadas de M\u00e9xico en el extranjero, sin intermediarios, diputadas y diputados de la LXIII Legislatura aprobaron reformas y adiciones a la <a href=\"https:\/\/congresogro.gob.mx\/legislacion\/ordinarias\/ARCHI\/LEY-DE-PROTECCION-Y-FOMENTO-A-LAS-ARTESANIAS-0-2021-03-10.pdf\" target=\"_blank\" rel=\"nofollow noopener\">Ley de Protecci\u00f3n y Fomento a las Artesan\u00edas del Estado de Guerrero<\/a><\/p>\n<p style=\"text-align: justify;\">En el dictamen emitido por la Comisi\u00f3n de Artesan\u00edas se contempla tambi\u00e9n la creaci\u00f3n de dos actividades espec\u00edficas en favor de este sector: la Feria Artesanal de Acapulco y la Feria Artesanal de la Costa Grande con sede en Coyuca de Ben\u00edtez, espacios en que artesanas y artesanos podr\u00e1n vender sus productos de manera directa, incentivando la econom\u00eda regional y llevando bienestar social a las comunidades.<\/p>\n<p style=\"text-align: justify;\">Al fundamentar el dictamen, la diputada <a href=\"https:\/\/www.facebook.com\/congresogro\/posts\/pfbid02j4smq33vuxQvX6sU399UBdHYw2RAY8UMAGozUeTmLJ2KfYibx1rJHvH2NFB4n8t9l\" target=\"_blank\" rel=\"nofollow noopener\">Mar\u00eda Flores Maldonado<\/a>, presidenta del citado \u00f3rgano legislativo, refiri\u00f3 que estas adecuaciones propuestas por el diputado <a href=\"https:\/\/www.facebook.com\/congresogro\/posts\/pfbid025TWjgwyXfQtwTCzj7hbTvXFM9TLZQbKgunPWG9zhH1pzTAK4qaqz4JtqND4uUAFEl\" target=\"_blank\" rel=\"nofollow noopener\">Marco Tulio S\u00e1nchez Alarc\u00f3n<\/a> devienen de un sentido leg\u00edtimo de reclamo por reconocer la importancia que juegan las artesanas y artesanos, no solo por su contribuci\u00f3n al desarrollo econ\u00f3mico de la entidad, sino tambi\u00e9n por el papel que juegan en la construcci\u00f3n social y la cultura de las y los guerrerenses.<\/p>\n<p style=\"text-align: justify;\">Asimismo, dijo, proyectan la mejora en la atenci\u00f3n de las demandas y la actualizaci\u00f3n de pol\u00edticas p\u00fablicas en beneficio de este sector que ha sido poco atendido, al que es necesario ofrecer seguridad y certeza jur\u00eddica.<\/p>\n<p style=\"text-align: justify;\">En ese sentido, indic\u00f3 que queda establecido en la ley que se incentivar\u00e1n programas para que las artesanas y artesanos puedan exportar sus productos a otros pa\u00edses directamente, sin intermediarios.<\/p>\n<p style=\"text-align: justify;\">De la misma forma, se promover\u00e1 la artesan\u00eda guerrerense a nivel nacional e internacional a trav\u00e9s de exposiciones itinerantes en los centros tur\u00edsticos m\u00e1s visitados, y se elaborar\u00e1n programas de colaboraci\u00f3n entre la Secretar\u00eda de Relaciones Exteriores y la Secretar\u00eda de Fomento y Desarrollo Econ\u00f3mico estatal, que permitan a los artesanos exportar sus productos sin intermediarios.<\/p>\n<p style=\"text-align: justify;\">Y algo muy relevante tambi\u00e9n, subray\u00f3 la diputada Mar\u00eda Flores, es que se fomentar\u00e1 el aprendizaje en la elaboraci\u00f3n de artesan\u00edas, a trav\u00e9s de cursos a j\u00f3venes, y se crear\u00e1n convenios de colaboraci\u00f3n con el Fondo Nacional de las Artesan\u00edas para difundir entre los artesanos la importancia del derecho de autor y registro de marca de sus piezas, adem\u00e1s de promover el registro de marca de artesanos ante el Instituto Mexicano de Propiedad Industrial.<\/p>\n<p style=\"text-align: justify;\"><strong>Iniciativas<\/strong><\/p>\n<p style=\"text-align: justify;\">La diputada <a href=\"https:\/\/www.facebook.com\/congresogro\/posts\/pfbid02DiqTPDsGSKPHPoXm8em64Abw727deHXWmsPQocKrtdCja3gv4BQntoGr71YCBQgEl\" target=\"_blank\" rel=\"nofollow noopener\">Am\u00e9rica Libertad Beltr\u00e1n Cort\u00e9s<\/a> propuso adicionar la Ley de Educaci\u00f3n del Estado de Guerrero para promover y difundir el ajedrez como una estrategia pedag\u00f3gica, impulsando la formaci\u00f3n de promotores comunitarios, quienes difundir\u00e1n su ense\u00f1anza como herramienta que coadyuva a mejorar la convivencia familiar, el desarrollo neurol\u00f3gico y la capacidad anal\u00edtica, que derive en ciudadanos cr\u00edticos y pensantes.<\/p>\n<p style=\"text-align: justify;\">Por su parte, la diputada <a href=\"https:\/\/www.facebook.com\/congresogro\/posts\/pfbid031os2LxQ93r9d2foGRRbkdTKBJkCFWTskx9Mioqm32nFBmQyUFDbkbT5DngSmg5q4l\" target=\"_blank\" rel=\"nofollow noopener\">Ang\u00e9lica Espinoza Garc\u00eda<\/a> propuso una iniciativa de reformas a las Leyes de Desarrollo Rural Sustentable y de Equilibrio Ecol\u00f3gico y la Protecci\u00f3n del Medio Ambiente, ambas del Estado de Guerrero, para que se atiendan y combatan los problemas de sequ\u00eda en las zonas agropecuarias, pueblos ind\u00edgenas y afromexicanos, grupos equiparables y zonas rurales, y con ello prevenir los efectos negativos del estr\u00e9s h\u00eddrico y las sequ\u00edas, protegiendo el medio ambiente y la calidad de vida de sus habitantes.<\/p>\n<p style=\"text-align: center;\"><img loading=\"lazy\" decoding=\"async\" class=\"alignnone wp-image-9442 size-medium\" title=\"Ajedrez como una estrategia pedag\u00f3gica\" src=\"https:\/\/congresogro.gob.mx\/63\/inicio\/wp-content\/uploads\/2024\/04\/Feforma-ley-deporte-640x427.jpg\" alt=\"Ajedrez como una estrategia pedag\u00f3gica\" width=\"640\" height=\"427\" srcset=\"https:\/\/congresogro.gob.mx\/63\/inicio\/wp-content\/uploads\/2024\/04\/Feforma-ley-deporte-640x427.jpg 640w, https:\/\/congresogro.gob.mx\/63\/inicio\/wp-content\/uploads\/2024\/04\/Feforma-ley-deporte-768x512.jpg 768w, https:\/\/congresogro.gob.mx\/63\/inicio\/wp-content\/uploads\/2024\/04\/Feforma-ley-deporte-320x213.jpg 320w, https:\/\/congresogro.gob.mx\/63\/inicio\/wp-content\/uploads\/2024\/04\/Feforma-ley-deporte.jpg 1080w\" sizes=\"auto, (max-width: 640px) 100vw, 640px\" \/> <img loading=\"lazy\" decoding=\"async\" class=\"alignnone wp-image-9443 size-medium\" title=\"Combatan los problemas de sequ\u00eda en las zonas agropecuarias\" src=\"https:\/\/congresogro.gob.mx\/63\/inicio\/wp-content\/uploads\/2024\/04\/REFORMAS-PLANEACION-Y-BECAS-BOL-596-3-640x425.jpeg\" alt=\"Combatan los problemas de sequ\u00eda en las zonas agropecuarias\" width=\"640\" height=\"425\" srcset=\"https:\/\/congresogro.gob.mx\/63\/inicio\/wp-content\/uploads\/2024\/04\/REFORMAS-PLANEACION-Y-BECAS-BOL-596-3-640x425.jpeg 640w, https:\/\/congresogro.gob.mx\/63\/inicio\/wp-content\/uploads\/2024\/04\/REFORMAS-PLANEACION-Y-BECAS-BOL-596-3-1280x850.jpeg 1280w, https:\/\/congresogro.gob.mx\/63\/inicio\/wp-content\/uploads\/2024\/04\/REFORMAS-PLANEACION-Y-BECAS-BOL-596-3-768x510.jpeg 768w, https:\/\/congresogro.gob.mx\/63\/inicio\/wp-content\/uploads\/2024\/04\/REFORMAS-PLANEACION-Y-BECAS-BOL-596-3-1536x1020.jpeg 1536w, https:\/\/congresogro.gob.mx\/63\/inicio\/wp-content\/uploads\/2024\/04\/REFORMAS-PLANEACION-Y-BECAS-BOL-596-3-320x212.jpeg 320w, https:\/\/congresogro.gob.mx\/63\/inicio\/wp-content\/uploads\/2024\/04\/REFORMAS-PLANEACION-Y-BECAS-BOL-596-3.jpeg 1600w\" sizes=\"auto, (max-width: 640px) 100vw, 640px\" \/><\/p>\n<p style=\"text-align: justify;\"><strong>Acuerdos <\/strong><\/p>\n<p style=\"text-align: justify;\">En la misma sesi\u00f3n, las diputadas y diputados de la LXIII Legislatura exhortaron al Instituto Electoral y de Participaci\u00f3n Ciudadana del Estado, a propuesta del diputado <a href=\"https:\/\/www.facebook.com\/congresogro\/posts\/pfbid0DCFy6w5dmNt5k2XHaRVKgV1w27rppnhQP1rw3y7KRZg4A9fP78D4PLNDuzW8rYj4l\" target=\"_blank\" rel=\"nofollow noopener\">Antonio Helguera Jim\u00e9nez<\/a>, para que promueva y organice debates virtuales en vivo entre candidatas y candidatos a presidentes municipales de Guerrero en el proceso electoral local 2023-2024, en t\u00e9rminos de lo dispuesto en la <a href=\"https:\/\/congresogro.gob.mx\/legislacion\/ordinarias\/ARCHI\/ley-de-instituciones-y-procedimientos-electorales-del-estado-de-guerrero-483-2023-06-28.pdf\" target=\"_blank\" rel=\"nofollow noopener\">Ley General de Instituciones y Procedimientos Electorales<\/a> del Estado.<\/p>\n<p style=\"text-align: justify;\">Tambi\u00e9n, a propuesta de la diputada<a href=\"https:\/\/www.facebook.com\/congresogro\/posts\/pfbid02rpvxNEKAjANddqM5cCFf53GKewMWb1BM8t9NoZjzjTPnBFLpmSCQ2bFgLWEr2z8wl\" target=\"_blank\" rel=\"nofollow noopener\"> Leticia Mosso Hern\u00e1ndez<\/a>, se exhort\u00f3 al presidente del Comit\u00e9 de la Caja de Previsi\u00f3n\u00a0 de los Agentes del Ministerio P\u00fablico, Peritos, Agentes de la Polic\u00eda Judicial y Preventiva, Custodios y defensores de Oficio del Estado de Guerrero, as\u00ed como al titular de la Secretar\u00eda de Finanzas y Administraci\u00f3n del Gobierno del Estado, a que realice las gestiones necesarias para garantizar el pago a los jubilados y pensionados de dicha caja.<\/p>\n<p style=\"text-align: center;\"><img loading=\"lazy\" decoding=\"async\" class=\"alignnone wp-image-9445 size-medium\" title=\"Garantizar el pago a los jubilados y pensionados\" src=\"https:\/\/congresogro.gob.mx\/63\/inicio\/wp-content\/uploads\/2024\/04\/garantizar-pensiones-640x426.jpg\" alt=\"Garantizar el pago a los jubilados y pensionados\" width=\"640\" height=\"426\" srcset=\"https:\/\/congresogro.gob.mx\/63\/inicio\/wp-content\/uploads\/2024\/04\/garantizar-pensiones-640x426.jpg 640w, https:\/\/congresogro.gob.mx\/63\/inicio\/wp-content\/uploads\/2024\/04\/garantizar-pensiones-1280x853.jpg 1280w, https:\/\/congresogro.gob.mx\/63\/inicio\/wp-content\/uploads\/2024\/04\/garantizar-pensiones-768x512.jpg 768w, https:\/\/congresogro.gob.mx\/63\/inicio\/wp-content\/uploads\/2024\/04\/garantizar-pensiones-1536x1023.jpg 1536w, https:\/\/congresogro.gob.mx\/63\/inicio\/wp-content\/uploads\/2024\/04\/garantizar-pensiones-320x213.jpg 320w, https:\/\/congresogro.gob.mx\/63\/inicio\/wp-content\/uploads\/2024\/04\/garantizar-pensiones.jpg 1600w\" sizes=\"auto, (max-width: 640px) 100vw, 640px\" \/> <img loading=\"lazy\" decoding=\"async\" class=\"alignnone wp-image-9446 size-medium\" title=\"Promueva y organice debates virtuales en vivo entre candidatas y candidatos\" src=\"https:\/\/congresogro.gob.mx\/63\/inicio\/wp-content\/uploads\/2024\/04\/proceso-electoral-2024-640x424.jpg\" alt=\"Promueva y organice debates virtuales en vivo entre candidatas y candidatos\" width=\"640\" height=\"424\" srcset=\"https:\/\/congresogro.gob.mx\/63\/inicio\/wp-content\/uploads\/2024\/04\/proceso-electoral-2024-640x424.jpg 640w, https:\/\/congresogro.gob.mx\/63\/inicio\/wp-content\/uploads\/2024\/04\/proceso-electoral-2024-1280x849.jpg 1280w, https:\/\/congresogro.gob.mx\/63\/inicio\/wp-content\/uploads\/2024\/04\/proceso-electoral-2024-768x509.jpg 768w, https:\/\/congresogro.gob.mx\/63\/inicio\/wp-content\/uploads\/2024\/04\/proceso-electoral-2024-1536x1019.jpg 1536w, https:\/\/congresogro.gob.mx\/63\/inicio\/wp-content\/uploads\/2024\/04\/proceso-electoral-2024-320x212.jpg 320w, https:\/\/congresogro.gob.mx\/63\/inicio\/wp-content\/uploads\/2024\/04\/proceso-electoral-2024.jpg 2048w\" sizes=\"auto, (max-width: 640px) 100vw, 640px\" \/><\/p>\n<p><em><strong>Leyes relacionadas:<\/strong><\/em><\/p>\n<ul>\n<li><em><strong><a href=\"https:\/\/congresogro.gob.mx\/legislacion\/ordinarias\/ARCHI\/LEY-PARA-EL-FOMENTO-Y-DESARROLLO-DE-LA-CULTURA-Y-LAS-ARTES-DEL-ESTADO-DE-GUERRERO-239-2021-03-10.pdf\" target=\"_blank\" rel=\"noopener\">LEY N\u00daMERO 239 PARA EL FOMENTO Y DESARROLLO DE LA CULTURA Y LAS ARTES DEL ESTADO DE GUERRERO.<\/a><\/strong><\/em><\/li>\n<li><em><strong><a href=\"https:\/\/congresogro.gob.mx\/legislacion\/ordinarias\/ARCHI\/ley-numero-464-de-educacion-del-estado-libre-y-soberano-de-guerrero-07-02-2024.pdf\" target=\"_blank\" rel=\"noopener\">LEY N\u00daMERO 464 DE EDUCACI\u00d3N DEL ESTADO LIBRE Y SOBERANO DE GUERRERO<\/a>.<\/strong><\/em><\/li>\n<li><em><strong><a href=\"https:\/\/congresogro.gob.mx\/legislacion\/ordinarias\/ARCHI\/ley-de-desarrollo-rural-sustentable-del-estado-de-guerrero-814-2023-06-14.pdf\" target=\"_blank\" rel=\"noopener\">LEY NUMERO 814 DE DESARROLLO RURAL SUSTENTABLE DEL ESTADO DE GUERRERO<\/a>.<\/strong><\/em><\/li>\n<li><em><strong><a href=\"https:\/\/congresogro.gob.mx\/legislacion\/ordinarias\/ARCHI\/LEY-DEL-EQUILIBRIO-ECOLOGICO-Y-LA-PROTECCION-AL-AMBIENTE-DEL-ESTADO-DE-GUERRERO-878-2021-03-10.pdf\" target=\"_blank\" rel=\"noopener\">LEY N\u00daMERO 878 DEL EQUILIBRIO ECOL\u00d3GICO Y LA PROTECCI\u00d3N AL AMBIENTE DEL ESTADO DE GUERRERO<\/a>.<\/strong><\/em><\/li>\n<li><strong><em><a href=\"https:\/\/congresogro.gob.mx\/legislacion\/ordinarias\/ARCHI\/ley-de-instituciones-y-procedimientos-electorales-del-estado-de-guerrero-483-2023-06-28.pdf\" target=\"_blank\" rel=\"noopener\">LEY N\u00daMERO 483 DE INSTITUCIONES Y PROCEDIMIENTOS ELECTORALES DEL ESTADO DE GUERRERO<\/a>.<\/em><\/strong><\/li>\n<li><strong><em><a href=\"https:\/\/congresogro.gob.mx\/legislacion\/ordinarias\/ARCHI\/LEY-DE-LA-CAJA-DE-PREVISION-DE-LOS-AGENTES-DEL-MINISTERIO-PUBLICO-PERITOS-AGENTES-DE-LA-POLICIA-JUDICIAL-AGENTES-DE-LA-POLICIA-PREVENTIVA-CUSTODIOS-Y-DEFENSORES-DE-OFICIO-DEL-ESTADO-DE-GUERRERO-0-2021-03-10.pdf\" target=\"_blank\" rel=\"noopener\">LEY DE LA CAJA DE PREVISION DE LOS AGENTES DEL MINISTERIO PUBLICO, PERITOS, AGENTES DE LA POLICIA JUDICIAL, AGENTES DE LA POLICIA PREVENTIVA, CUSTODIOS Y DEFENSORES DE OFICIO DEL ESTADO DE GUERRERO<\/a>.<\/em><\/strong><\/li>\n<\/ul>\n<p>#OrgulloGuerrero #ArtesaniaSinIntermediarios #EconomiaGuerrero #CulturaGuerrero #HechoEnGuerrero #ApoyaLoNuestroGuerrero<\/p>\n","protected":false},"excerpt":{"rendered":"<p>Chilpancingo, Gro., 16 de abril de 2024.- Con el objetivo de impulsar la venta de productos artesanales guerrerenses en los centros tur\u00edsticos m\u00e1s importantes del pa\u00eds, as\u00ed como en consulados y embajadas de M\u00e9xico en el extranjero, sin intermediarios, diputadas y diputados de la LXIII Legislatura aprobaron reformas y adiciones a la Ley de Protecci\u00f3n&#8230;<\/p>\n","protected":false},"author":1,"featured_media":9436,"comment_status":"closed","ping_status":"open","sticky":false,"template":"","format":"standard","meta":{"_monsterinsights_skip_tracking":false,"_monsterinsights_sitenote_active":false,"_monsterinsights_sitenote_note":"","_monsterinsights_sitenote_category":0,"footnotes":""},"categories":[3,28],"tags":[],"class_list":["post-9435","post","type-post","status-publish","format-standard","has-post-thumbnail","hentry","category-boletin","category-maria-flores-maldonado"],"aioseo_notices":[],"_links":{"self":[{"href":"https:\/\/congresogro.gob.mx\/63\/inicio\/wp-json\/wp\/v2\/posts\/9435","targetHints":{"allow":["GET"]}}],"collection":[{"href":"https:\/\/congresogro.gob.mx\/63\/inicio\/wp-json\/wp\/v2\/posts"}],"about":[{"href":"https:\/\/congresogro.gob.mx\/63\/inicio\/wp-json\/wp\/v2\/types\/post"}],"author":[{"embeddable":true,"href":"https:\/\/congresogro.gob.mx\/63\/inicio\/wp-json\/wp\/v2\/users\/1"}],"replies":[{"embeddable":true,"href":"https:\/\/congresogro.gob.mx\/63\/inicio\/wp-json\/wp\/v2\/comments?post=9435"}],"version-history":[{"count":6,"href":"https:\/\/congresogro.gob.mx\/63\/inicio\/wp-json\/wp\/v2\/posts\/9435\/revisions"}],"predecessor-version":[{"id":9447,"href":"https:\/\/congresogro.gob.mx\/63\/inicio\/wp-json\/wp\/v2\/posts\/9435\/revisions\/9447"}],"wp:featuredmedia":[{"embeddable":true,"href":"https:\/\/congresogro.gob.mx\/63\/inicio\/wp-json\/wp\/v2\/media\/9436"}],"wp:attachment":[{"href":"https:\/\/congresogro.gob.mx\/63\/inicio\/wp-json\/wp\/v2\/media?parent=9435"}],"wp:term":[{"taxonomy":"category","embeddable":true,"href":"https:\/\/congresogro.gob.mx\/63\/inicio\/wp-json\/wp\/v2\/categories?post=9435"},{"taxonomy":"post_tag","embeddable":true,"href":"https:\/\/congresogro.gob.mx\/63\/inicio\/wp-json\/wp\/v2\/tags?post=9435"}],"curies":[{"name":"wp","href":"https:\/\/api.w.org\/{rel}","templated":true}]}}