{"id":940,"date":"2021-11-09T09:08:11","date_gmt":"2021-11-09T15:08:11","guid":{"rendered":"https:\/\/congresogro.gob.mx\/63\/inicio\/?p=940"},"modified":"2021-11-10T09:09:25","modified_gmt":"2021-11-10T15:09:25","slug":"proponen-ley-sobre-mecanismos-de-consulta-a-las-comunidades-indigenas-y-afromexicanas","status":"publish","type":"post","link":"https:\/\/congresogro.gob.mx\/63\/inicio\/2021\/11\/09\/proponen-ley-sobre-mecanismos-de-consulta-a-las-comunidades-indigenas-y-afromexicanas\/","title":{"rendered":"PROPONEN LEY SOBRE MECANISMOS DE CONSULTA  A LAS COMUNIDADES IND\u00cdGENAS Y AFROMEXICANAS"},"content":{"rendered":"<p style=\"text-align: justify;\"><strong>Chilpancingo, Gro., 09 de noviembre de 2021.-<\/strong> El Grupo Parlamentario del PRD propuso una iniciativa de Ley que Establece los Mecanismos de Consulta a los Pueblos y Comunidades Ind\u00edgenas y Poblaciones Afromexicanas del Estado de Guerrero, ordenamiento que permitir\u00e1 realizar de manera previa, informada y de buena fe la consulta de cualquier medida legislativa que pueda incidir en su forma de vida y derechos humanos.<\/p>\n<p style=\"text-align: justify;\">Al presentar la iniciativa, la diputada Elzy Camacho Pineda destac\u00f3 que, a dos siglos de la fundaci\u00f3n del Estado nacional, la situaci\u00f3n jur\u00eddica de los pueblos ind\u00edgenas es aun profundamente insatisfactoria y su condici\u00f3n social es motivo de preocupaci\u00f3n.<\/p>\n<p style=\"text-align: justify;\">Indic\u00f3 que en las \u00faltimas d\u00e9cadas se han realizado esfuerzos para superar la falta de reconocimiento de la situaci\u00f3n legal de los ind\u00edgenas, y que por otro lado, la Suprema Corte de Justicia de la Naci\u00f3n ha establecido que el derecho a la consulta es una interpretaci\u00f3n de los art\u00edculos 2 de la Constituci\u00f3n federal y 6 del Convenio 169 sobre Pueblos Ind\u00edgenas y Tribales en Pa\u00edses Independientes, ante lo cual los congresos, en el \u00e1mbito de sus atribuciones, est\u00e1n obligados a consultarlos a trav\u00e9s de sus representantes o autoridades tradicionales, siempre de buena fe.<\/p>\n<p style=\"text-align: justify;\">Explic\u00f3 que el Convenio 169 prev\u00e9 en su art\u00edculo 6 que los gobiernos deber\u00e1n consultar a los pueblos interesados mediante procedimientos apropiados y, en particular, a trav\u00e9s de sus instituciones representativas, cada vez que se prevean medidas legislativas o administrativas susceptibles de afectarles directamente.<\/p>\n<p style=\"text-align: justify;\">En ese tenor, puntualiz\u00f3 que \u201catendiendo los par\u00e1metros establecidos por los ordenamientos internacionales y los lineamientos se\u00f1alados en diversas resoluciones por parte de la Suprema Corte de Justicia de la Naci\u00f3n, se presenta la iniciativa de Ley que Establece los Mecanismos de Consulta a los Pueblos y Comunidades Ind\u00edgenas y Poblaciones Afromexicanas del Estado de Guerrero\u201d.<\/p>\n<p style=\"text-align: justify;\">La propuesta se turn\u00f3 a las comisiones unidas de Participaci\u00f3n Ciudadana y de Asuntos Ind\u00edgenas y Afromexicanos, para su an\u00e1lisis y emisi\u00f3n del dictamen correspondiente.<\/p>\n<p style=\"text-align: justify;\">\n<p style=\"text-align: justify;\"><strong>Iniciativas <\/strong><\/p>\n<p style=\"text-align: justify;\">Para establecer que cuando as\u00ed se requiera, y a petici\u00f3n de los interesados el juez del Registro Civil est\u00e9 obligado a asentar en el acta de nacimiento el nombre solicitado, con estricto apego a las formas orales, funcionales y simb\u00f3licas de comunicaci\u00f3n pertenecientes a las lenguas ind\u00edgenas, el diputado Masedonio Mendoza Basurto (Morena) propuso adicionar el C\u00f3digo Civil del estado.<\/p>\n<p style=\"text-align: justify;\">Por su lado, y con el prop\u00f3sito de incluir la facultad de las representaciones y grupos parlamentarios de fijar postura sobre el inicio del ejercicio del cargo de titular del Poder Ejecutivo, el diputado Bernardo Ortega Jim\u00e9nez (PRD) propuso adicionar la Ley Org\u00e1nica del Poder Legislativo. Esta iniciativa se turn\u00f3 a la Comisi\u00f3n de Estudios Constitucionales y Jur\u00eddicos.<\/p>\n<p style=\"text-align: justify;\">Finalmente, la diputada Yoloczin Dom\u00ednguez Serna (Morena) plante\u00f3 reformar las leyes de Entrega Recepci\u00f3n de las Administraciones P\u00fablica del Estado y Municipios de Guerrero y Org\u00e1nica del Municipio Libre, para garantizar la transparencia en este proceso, dejando antecedente de la participaci\u00f3n de todas las partes involucradas en el acto, y cuya acta resultante sea remitida a la Auditor\u00eda Superior del Estado. La propuesta se turn\u00f3 a la Comisi\u00f3n de Vigilancia de la Auditor\u00eda Superior del Estado.<\/p>\n","protected":false},"excerpt":{"rendered":"<p>Chilpancingo, Gro., 09 de noviembre de 2021.- El Grupo Parlamentario del PRD propuso una iniciativa de Ley que Establece los Mecanismos de Consulta a los Pueblos y Comunidades Ind\u00edgenas y Poblaciones Afromexicanas del Estado de Guerrero, ordenamiento que permitir\u00e1 realizar de manera previa, informada y de buena fe la consulta de cualquier medida legislativa que&#8230;<\/p>\n","protected":false},"author":1,"featured_media":941,"comment_status":"closed","ping_status":"open","sticky":false,"template":"","format":"standard","meta":{"_monsterinsights_skip_tracking":false,"_monsterinsights_sitenote_active":false,"_monsterinsights_sitenote_note":"","_monsterinsights_sitenote_category":0,"footnotes":""},"categories":[3,14],"tags":[],"class_list":["post-940","post","type-post","status-publish","format-standard","has-post-thumbnail","hentry","category-boletin","category-elzy-camacho-pineda"],"aioseo_notices":[],"_links":{"self":[{"href":"https:\/\/congresogro.gob.mx\/63\/inicio\/wp-json\/wp\/v2\/posts\/940","targetHints":{"allow":["GET"]}}],"collection":[{"href":"https:\/\/congresogro.gob.mx\/63\/inicio\/wp-json\/wp\/v2\/posts"}],"about":[{"href":"https:\/\/congresogro.gob.mx\/63\/inicio\/wp-json\/wp\/v2\/types\/post"}],"author":[{"embeddable":true,"href":"https:\/\/congresogro.gob.mx\/63\/inicio\/wp-json\/wp\/v2\/users\/1"}],"replies":[{"embeddable":true,"href":"https:\/\/congresogro.gob.mx\/63\/inicio\/wp-json\/wp\/v2\/comments?post=940"}],"version-history":[{"count":1,"href":"https:\/\/congresogro.gob.mx\/63\/inicio\/wp-json\/wp\/v2\/posts\/940\/revisions"}],"predecessor-version":[{"id":942,"href":"https:\/\/congresogro.gob.mx\/63\/inicio\/wp-json\/wp\/v2\/posts\/940\/revisions\/942"}],"wp:featuredmedia":[{"embeddable":true,"href":"https:\/\/congresogro.gob.mx\/63\/inicio\/wp-json\/wp\/v2\/media\/941"}],"wp:attachment":[{"href":"https:\/\/congresogro.gob.mx\/63\/inicio\/wp-json\/wp\/v2\/media?parent=940"}],"wp:term":[{"taxonomy":"category","embeddable":true,"href":"https:\/\/congresogro.gob.mx\/63\/inicio\/wp-json\/wp\/v2\/categories?post=940"},{"taxonomy":"post_tag","embeddable":true,"href":"https:\/\/congresogro.gob.mx\/63\/inicio\/wp-json\/wp\/v2\/tags?post=940"}],"curies":[{"name":"wp","href":"https:\/\/api.w.org\/{rel}","templated":true}]}}