{"id":9384,"date":"2024-04-10T16:42:51","date_gmt":"2024-04-10T22:42:51","guid":{"rendered":"https:\/\/congresogro.gob.mx\/63\/inicio\/?p=9384"},"modified":"2024-04-11T13:18:01","modified_gmt":"2024-04-11T19:18:01","slug":"fortunato-hernandez-propone-fortalecer-la-educacion-superior-en-guerrero","status":"publish","type":"post","link":"https:\/\/congresogro.gob.mx\/63\/inicio\/2024\/04\/10\/fortunato-hernandez-propone-fortalecer-la-educacion-superior-en-guerrero\/","title":{"rendered":"PLANTEAN REFORMA PARA QUE INSTITUCIONES DE EDUCACI\u00d3N SUPERIOR ACCEDAN A MAYORES RECURSOS"},"content":{"rendered":"<p style=\"text-align: justify;\"><strong>Chilpancingo, Gro., 10 de abril de 2024.-<\/strong> El diputado <a href=\"https:\/\/www.facebook.com\/fortunatohercar\" target=\"_blank\" rel=\"nofollow noopener\">Fortunato Hern\u00e1ndez Carbajal<\/a> propuso reformar la<a href=\"https:\/\/congresogro.gob.mx\/legislacion\/ordinarias\/ARCHI\/ley-numero-464-de-educacion-del-estado-libre-y-soberano-de-guerrero-07-02-2024.pdf\" target=\"_blank\" rel=\"noopener\"> Ley de Educaci\u00f3n del Estado de Guerrero<\/a> para que se promueva ante las instancias competentes, y conforme a los procedimientos establecidos en las disposiciones aplicables, que las instituciones de educaci\u00f3n superior puedan acceder a los recursos destinados para el fortalecimiento y expansi\u00f3n de la investigaci\u00f3n cient\u00edfica, human\u00edstica, desarrollo de la tecnolog\u00eda, la innovaci\u00f3n y el arte en todas las regiones de la entidad.<\/p>\n<p style=\"text-align: justify;\">En el documento que se turn\u00f3 a la Comisi\u00f3n de Educaci\u00f3n, Ciencia y Tecnolog\u00eda para su correspondiente an\u00e1lisis y dictaminaci\u00f3n, el legislador expone que la educaci\u00f3n superior es el nivel con el que culmina el sistema educativo, lo cual implica que no debe ser considerada en forma aislada, sino en relaci\u00f3n con los ciclos educativos que le preceden.<\/p>\n<p style=\"text-align: justify;\">Dijo, asimismo, que el sistema de educaci\u00f3n superior exige que se den resultados de organizaci\u00f3n racional y funcionamiento eficiente, adecuadamente vinculados a los de niveles que le son previos; por ello, las metas y objetivos que se propongan para mejorarla, a nivel institucional, regional o nacional, formar\u00e1n parte de la totalidad del sistema educativo nacional.<\/p>\n<p style=\"text-align: justify;\">\u201cDebido a la naturaleza de la educaci\u00f3n superior, y no obstante su diversidad, todas las instituciones educativas de este ciclo cumplen objetivos comunes; en consecuencia, se hace necesario establecer un sistema espec\u00edfico de planeaci\u00f3n permanente, con miras a satisfacer los requerimientos institucionales y las necesidades del desarrollo regional y nacional\u201d, subray\u00f3.<\/p>\n<p style=\"text-align: justify;\">El legislador se\u00f1al\u00f3 tambi\u00e9n que las cifras de la cobertura en educaci\u00f3n superior en Guerrero son lamentables, y sabiendo que la educaci\u00f3n es la base fundamental del bienestar de la sociedad, el gobierno debe hacer la mayor inversi\u00f3n posible de recursos en este sector.<\/p>\n<p style=\"text-align: justify;\">Por lo anterior, Hern\u00e1ndez Carbajal propone que la secretar\u00eda estatal del ramo y las autoridades educativas a nivel municipal, promuevan ante las instancias competentes que las instituciones de educaci\u00f3n superior puedan acceder a los recursos destinados al fortalecimiento y expansi\u00f3n de la investigaci\u00f3n cient\u00edfica, human\u00edstica, el desarrollo de la tecnolog\u00eda, la innovaci\u00f3n y el arte.<\/p>\n<p style=\"text-align: justify;\">Asimismo, que estos recursos se destinen en apoyo a la investigaci\u00f3n b\u00e1sica y aplicada, la generaci\u00f3n de prototipos, cient\u00edficos y tecnol\u00f3gicos, el dise\u00f1o de proyectos para la mejora continua de la educaci\u00f3n, la difusi\u00f3n y divulgaci\u00f3n de la ciencia, innovaci\u00f3n tecnol\u00f3gica y, en general, de todas aquellas acciones que contribuyan al desarrollo del pa\u00eds y del estado.<\/p>\n<figure id=\"attachment_9385\" aria-describedby=\"caption-attachment-9385\" style=\"width: 640px\" class=\"wp-caption aligncenter\"><img loading=\"lazy\" decoding=\"async\" class=\"wp-image-9385 size-medium\" title=\"Diputado Fortunato Hern\u00e1ndez propone fortalecer la educaci\u00f3n superior en Guerrero\" src=\"https:\/\/congresogro.gob.mx\/63\/inicio\/wp-content\/uploads\/2024\/04\/Fortunato-carbajal-10-abril-640x447.jpeg\" alt=\"Diputado Fortunato Hern\u00e1ndez propone fortalecer la educaci\u00f3n superior en Guerrero\" width=\"640\" height=\"447\" srcset=\"https:\/\/congresogro.gob.mx\/63\/inicio\/wp-content\/uploads\/2024\/04\/Fortunato-carbajal-10-abril-640x447.jpeg 640w, https:\/\/congresogro.gob.mx\/63\/inicio\/wp-content\/uploads\/2024\/04\/Fortunato-carbajal-10-abril-1280x894.jpeg 1280w, https:\/\/congresogro.gob.mx\/63\/inicio\/wp-content\/uploads\/2024\/04\/Fortunato-carbajal-10-abril-768x537.jpeg 768w, https:\/\/congresogro.gob.mx\/63\/inicio\/wp-content\/uploads\/2024\/04\/Fortunato-carbajal-10-abril-1536x1073.jpeg 1536w, https:\/\/congresogro.gob.mx\/63\/inicio\/wp-content\/uploads\/2024\/04\/Fortunato-carbajal-10-abril-320x224.jpeg 320w, https:\/\/congresogro.gob.mx\/63\/inicio\/wp-content\/uploads\/2024\/04\/Fortunato-carbajal-10-abril.jpeg 1600w\" sizes=\"auto, (max-width: 640px) 100vw, 640px\" \/><figcaption id=\"caption-attachment-9385\" class=\"wp-caption-text\">Diputado Fortunato Hern\u00e1ndez propone fortalecer la educaci\u00f3n superior en Guerrero<\/figcaption><\/figure>\n<p style=\"text-align: justify;\"><strong>Iniciativas <\/strong><\/p>\n<p style=\"text-align: justify;\">La diputada Leticia Mosso Hern\u00e1ndez present\u00f3 una iniciativa de Ley para la Protecci\u00f3n y Tratamiento Oportuno e Integral del C\u00e1ncer en la Infancia y Adolescencia, con el objeto de establecer los lineamientos necesarios para la prevenci\u00f3n, diagn\u00f3stico, registro, atenci\u00f3n integral, tratamiento, rehabilitaci\u00f3n, control, seguimiento y la vigilancia epidemiol\u00f3gica necesaria de este padecimiento, con est\u00e1ndares de calidad, seguridad y control, y que contribuya a la disminuci\u00f3n de la mortalidad.<\/p>\n<p style=\"text-align: justify;\">El diputado Carlos Cruz L\u00f3pez present\u00f3 una iniciativa de reforma a la Ley para la Protecci\u00f3n de los Derechos de las Ni\u00f1as, Ni\u00f1os y Adolescentes del Estado de Guerrero para establecer la atenci\u00f3n especial de la diabetes infantil como un asunto prioritario, incluyendo la detecci\u00f3n temprana y el tratamiento adecuado, que prevenga complicaciones cr\u00f3nicas y garantice el derecho de los menores de edad al disfrute del m\u00e1s alto nivel posible. Fue turnada a la Comisi\u00f3n de los Derechos de las Ni\u00f1as, Ni\u00f1os y Adolescentes.<\/p>\n<p style=\"text-align: justify;\"><strong>\u00a0<\/strong><strong>Toma de Protesta<\/strong><\/p>\n<p style=\"text-align: justify;\">Ante el Pleno del Congreso rindi\u00f3 protesta Jorge Alejandro Cort\u00e9s Alan\u00eds como diputado integrante de la LXIII Legislatura al Congreso del Estado de Guerrero.<\/p>\n<p style=\"text-align: justify;\">Asimismo, rindi\u00f3 protesta Francisco Clemente Rivera como presidente municipal de San Luis Acatl\u00e1n, luego de aprobarse la licencia por tiempo indefinido de Adair Hern\u00e1ndez Mart\u00ednez.<\/p>\n<p style=\"text-align: justify;\"><strong>Dict\u00e1menes<\/strong><\/p>\n<p style=\"text-align: justify;\">Las diputadas y diputados tambi\u00e9n aprobaron la licencia por tiempo definido de la presidenta municipal de Acapulco, Abelina L\u00f3pez Rodr\u00edguez, y la licencia indefinida del presidente municipal de San Luis Acatl\u00e1n, Ada\u00edr Hern\u00e1ndez Mart\u00ednez, as\u00ed como de varios s\u00edndicos y regidores de diversos municipios de la entidad.<\/p>\n<p style=\"text-align: justify;\">Tambi\u00e9n aprobaron la minuta con proyecto de decreto por el que se reforman, adicionan y derogan diversas disposiciones de la Constituci\u00f3n Pol\u00edtica de los Estados Unidos Mexicanos en materia de Guardia Nacional, que ampl\u00eda hasta 2028 la permanencia de esta corporaci\u00f3n en tareas de seguridad p\u00fablica.<\/p>\n<p style=\"text-align: justify;\"><strong>Intervenciones <\/strong><\/p>\n<p style=\"text-align: justify;\">El diputado Marco Tulio S\u00e1nchez Alarc\u00f3n particip\u00f3 con el tema \u201cLa importancia del turismo para el desarrollo de Guerrero y los retos de la nueva oferta tur\u00edstica\u201d. Al respecto, consider\u00f3 que el desarrollo tur\u00edstico debe de ser sostenible y es necesario crear ofertas encaminadas a nuevos segmentos, como el turismo cultural y ecol\u00f3gico, para lo cual se deben proteger los recursos naturales del estado.<\/p>\n<p style=\"text-align: justify;\">Por su parte, el diputado Antonio Helguera Jim\u00e9nez particip\u00f3 con el tema \u00abM\u00e9xico en el concierto de las naciones y sus desaf\u00edos\u00bb, se\u00f1alando que el suceso ocurrido en la Embajada de M\u00e9xico en Quito, Ecuador, no debe pasar inadvertido en el estado de Guerrero, sino que debe abordarse en todas las tribunas de las representaciones populares del pa\u00eds, en f\u00e9rrea defensa de la Patria.<\/p>\n<p>#EducacionSuperior #InvestigacionCient\u00edfica #DesarrolloTecnol\u00f3gico #Innovaci\u00f3n #CancerInfantil #DiabetesInfantil #GuardiaNacional #Turismo #PoliticaExterior<\/p>\n","protected":false},"excerpt":{"rendered":"<p>Chilpancingo, Gro., 10 de abril de 2024.- El diputado Fortunato Hern\u00e1ndez Carbajal propuso reformar la Ley de Educaci\u00f3n del Estado de Guerrero para que se promueva ante las instancias competentes, y conforme a los procedimientos establecidos en las disposiciones aplicables, que las instituciones de educaci\u00f3n superior puedan acceder a los recursos destinados para el fortalecimiento&#8230;<\/p>\n","protected":false},"author":1,"featured_media":9386,"comment_status":"closed","ping_status":"open","sticky":false,"template":"","format":"standard","meta":{"_monsterinsights_skip_tracking":false,"_monsterinsights_sitenote_active":false,"_monsterinsights_sitenote_note":"","_monsterinsights_sitenote_category":0,"footnotes":""},"categories":[3,44],"tags":[],"class_list":["post-9384","post","type-post","status-publish","format-standard","has-post-thumbnail","hentry","category-boletin","category-fortunato-hernandez-carbajal"],"aioseo_notices":[],"_links":{"self":[{"href":"https:\/\/congresogro.gob.mx\/63\/inicio\/wp-json\/wp\/v2\/posts\/9384","targetHints":{"allow":["GET"]}}],"collection":[{"href":"https:\/\/congresogro.gob.mx\/63\/inicio\/wp-json\/wp\/v2\/posts"}],"about":[{"href":"https:\/\/congresogro.gob.mx\/63\/inicio\/wp-json\/wp\/v2\/types\/post"}],"author":[{"embeddable":true,"href":"https:\/\/congresogro.gob.mx\/63\/inicio\/wp-json\/wp\/v2\/users\/1"}],"replies":[{"embeddable":true,"href":"https:\/\/congresogro.gob.mx\/63\/inicio\/wp-json\/wp\/v2\/comments?post=9384"}],"version-history":[{"count":3,"href":"https:\/\/congresogro.gob.mx\/63\/inicio\/wp-json\/wp\/v2\/posts\/9384\/revisions"}],"predecessor-version":[{"id":9388,"href":"https:\/\/congresogro.gob.mx\/63\/inicio\/wp-json\/wp\/v2\/posts\/9384\/revisions\/9388"}],"wp:featuredmedia":[{"embeddable":true,"href":"https:\/\/congresogro.gob.mx\/63\/inicio\/wp-json\/wp\/v2\/media\/9386"}],"wp:attachment":[{"href":"https:\/\/congresogro.gob.mx\/63\/inicio\/wp-json\/wp\/v2\/media?parent=9384"}],"wp:term":[{"taxonomy":"category","embeddable":true,"href":"https:\/\/congresogro.gob.mx\/63\/inicio\/wp-json\/wp\/v2\/categories?post=9384"},{"taxonomy":"post_tag","embeddable":true,"href":"https:\/\/congresogro.gob.mx\/63\/inicio\/wp-json\/wp\/v2\/tags?post=9384"}],"curies":[{"name":"wp","href":"https:\/\/api.w.org\/{rel}","templated":true}]}}