{"id":9352,"date":"2024-04-05T14:39:18","date_gmt":"2024-04-05T20:39:18","guid":{"rendered":"https:\/\/congresogro.gob.mx\/63\/inicio\/?p=9352"},"modified":"2024-04-05T14:39:18","modified_gmt":"2024-04-05T20:39:18","slug":"analizan-reformas-para-garantizar-la-paridad-y-la-inclusion-en-la-administracion-publica-estatal","status":"publish","type":"post","link":"https:\/\/congresogro.gob.mx\/63\/inicio\/2024\/04\/05\/analizan-reformas-para-garantizar-la-paridad-y-la-inclusion-en-la-administracion-publica-estatal\/","title":{"rendered":"ANALIZAN REFORMAS PARA GARANTIZAR LA PARIDAD Y LA INCLUSI\u00d3N EN LA ADMINISTRACI\u00d3N P\u00daBLICA ESTATAL"},"content":{"rendered":"<p style=\"text-align: justify;\"><strong>Chilpancingo, Gro., 05 de abril de 2024.-<\/strong> La Comisi\u00f3n de Estudios Constitucionales y Jur\u00eddicos del Congreso del Estado analiza reformas a la <a href=\"https:\/\/congresogro.gob.mx\/legislacion\/CONSTITUCION-GUERRERO-15-06-2022.pdf\" target=\"_blank\" rel=\"noopener\">Constituci\u00f3n Pol\u00edtica local<\/a> y a la <a href=\"https:\/\/congresogro.gob.mx\/legislacion\/organicas\/ARCHI\/ley-organica-de-la-administracion-publica-del-estado-de-guerrero-numero-242-2022-11-22.pdf\" target=\"_blank\" rel=\"noopener\">Ley Org\u00e1nica de la Administraci\u00f3n P\u00fablica para que el Estado<\/a> garantice la paridad de g\u00e9nero y la inclusi\u00f3n de personas con discapacidad en los nombramientos de titulares de las secretar\u00edas de despacho, dependencias, entidades paraestatales y \u00f3rganos aut\u00f3nomos.<\/p>\n<p style=\"text-align: justify;\">Estas propuestas de reforma fueron presentadas por el diputado <a href=\"https:\/\/www.facebook.com\/carlos.cruzlopez.581187\" target=\"_blank\" rel=\"noopener\">Carlos Cruz L\u00f3pez<\/a>, quien desde tribuna resalt\u00f3 la importancia de la creaci\u00f3n de pol\u00edticas con perspectiva de g\u00e9nero e inclusivas, con el fin de que a nadie se le niegue el derecho al trabajo y desarrollo laboral.<\/p>\n<p style=\"text-align: justify;\">Abund\u00f3 que el principio de perspectiva de g\u00e9nero y la inclusi\u00f3n de personas con discapacidades son reconocidos en pol\u00edticas y convenios internacionales, as\u00ed como en la Agenda 2030 para el Desarrollo Sostenible, que abarcan las esferas econ\u00f3mica, social y ambiental, con el objeto de fortalecer la paz universal dentro de un concepto m\u00e1s amplio de la libertad, hacer realidad los derechos humanos de todas las personas y alcanzar la igualdad entre los g\u00e9neros.<\/p>\n<p style=\"text-align: justify;\">Cruz L\u00f3pez resalt\u00f3 la importancia de analizar las reformas planteadas a la fracci\u00f3n XV del art\u00edculo 91 de la Constituci\u00f3n Pol\u00edtica y al segundo p\u00e1rrafo del art\u00edculo 19 de la Ley Org\u00e1nica de la Administraci\u00f3n P\u00fablica, ambas del Estado de Guerrero, para lograr que en la entidad se garantice el enfoque interseccional de discapacidad y g\u00e9nero, ya que es la clave en todos los \u00e1mbitos, tanto humanitarios como de construcci\u00f3n de la paz y el desarrollo, siempre ponderando los derechos humanos de todos los sectores sociales.<\/p>\n<p><em>&#8212;Esto ocurri\u00f3 durante la sesi\u00f3n del Pleno del Congreso. <a href=\"https:\/\/www.youtube.com\/watch?v=RuQXhK7-va4\" target=\"_blank\" rel=\"noopener\">Mira el video<\/a>.<\/em><\/p>\n","protected":false},"excerpt":{"rendered":"<p>Chilpancingo, Gro., 05 de abril de 2024.- La Comisi\u00f3n de Estudios Constitucionales y Jur\u00eddicos del Congreso del Estado analiza reformas a la Constituci\u00f3n Pol\u00edtica local y a la Ley Org\u00e1nica de la Administraci\u00f3n P\u00fablica para que el Estado garantice la paridad de g\u00e9nero y la inclusi\u00f3n de personas con discapacidad en los nombramientos de titulares&#8230;<\/p>\n","protected":false},"author":1,"featured_media":9353,"comment_status":"closed","ping_status":"open","sticky":false,"template":"","format":"standard","meta":{"_monsterinsights_skip_tracking":false,"_monsterinsights_sitenote_active":false,"_monsterinsights_sitenote_note":"","_monsterinsights_sitenote_category":0,"footnotes":""},"categories":[3,26],"tags":[79,86,93,95,92,94],"class_list":["post-9352","post","type-post","status-publish","format-standard","has-post-thumbnail","hentry","category-boletin","category-carlos-cruz-lopez","tag-discapacidad","tag-genero","tag-inclusion","tag-leyes","tag-paridad","tag-reformas"],"aioseo_notices":[],"_links":{"self":[{"href":"https:\/\/congresogro.gob.mx\/63\/inicio\/wp-json\/wp\/v2\/posts\/9352","targetHints":{"allow":["GET"]}}],"collection":[{"href":"https:\/\/congresogro.gob.mx\/63\/inicio\/wp-json\/wp\/v2\/posts"}],"about":[{"href":"https:\/\/congresogro.gob.mx\/63\/inicio\/wp-json\/wp\/v2\/types\/post"}],"author":[{"embeddable":true,"href":"https:\/\/congresogro.gob.mx\/63\/inicio\/wp-json\/wp\/v2\/users\/1"}],"replies":[{"embeddable":true,"href":"https:\/\/congresogro.gob.mx\/63\/inicio\/wp-json\/wp\/v2\/comments?post=9352"}],"version-history":[{"count":1,"href":"https:\/\/congresogro.gob.mx\/63\/inicio\/wp-json\/wp\/v2\/posts\/9352\/revisions"}],"predecessor-version":[{"id":9354,"href":"https:\/\/congresogro.gob.mx\/63\/inicio\/wp-json\/wp\/v2\/posts\/9352\/revisions\/9354"}],"wp:featuredmedia":[{"embeddable":true,"href":"https:\/\/congresogro.gob.mx\/63\/inicio\/wp-json\/wp\/v2\/media\/9353"}],"wp:attachment":[{"href":"https:\/\/congresogro.gob.mx\/63\/inicio\/wp-json\/wp\/v2\/media?parent=9352"}],"wp:term":[{"taxonomy":"category","embeddable":true,"href":"https:\/\/congresogro.gob.mx\/63\/inicio\/wp-json\/wp\/v2\/categories?post=9352"},{"taxonomy":"post_tag","embeddable":true,"href":"https:\/\/congresogro.gob.mx\/63\/inicio\/wp-json\/wp\/v2\/tags?post=9352"}],"curies":[{"name":"wp","href":"https:\/\/api.w.org\/{rel}","templated":true}]}}