{"id":9228,"date":"2024-03-19T19:00:15","date_gmt":"2024-03-20T01:00:15","guid":{"rendered":"https:\/\/congresogro.gob.mx\/63\/inicio\/?p=9228"},"modified":"2024-04-29T14:41:27","modified_gmt":"2024-04-29T20:41:27","slug":"emite-el-congreso-convocatoria-para-la-designacion-de-titular-de-la-fge","status":"publish","type":"post","link":"https:\/\/congresogro.gob.mx\/63\/inicio\/2024\/03\/19\/emite-el-congreso-convocatoria-para-la-designacion-de-titular-de-la-fge\/","title":{"rendered":"EMITE EL CONGRESO CONVOCATORIA PARA LA DESIGNACI\u00d3N DE TITULAR DE LA FGE"},"content":{"rendered":"<p style=\"text-align: justify;\"><strong>Chilpancingo, Gro., 19 de marzo de 2024.-<\/strong> El Pleno del Congreso del Estado aprob\u00f3 la emisi\u00f3n de la Convocatoria para seleccionar y designar a la o el titular de la fiscal\u00eda general del Estado de Guerrero.<\/p>\n<p style=\"text-align: justify;\">Esto luego de que en la sesi\u00f3n de este martes se enter\u00f3 a las diputadas y los diputados del oficio enviado por la gobernadora Evelyn Cecia Salgado Pineda, notificando la remoci\u00f3n del cargo de Sandra Luz Valdovinos Salmer\u00f3n, a partir del 14 de marzo del a\u00f1o en curso.<\/p>\n<p style=\"text-align: justify;\">De acuerdo con la Convocatoria aprobada por unanimidad, la documentaci\u00f3n de quienes aspiren a ocupar este cargo se recibir\u00e1 del 20 al 22 de marzo de este a\u00f1o, y entre los requisitos que establece est\u00e1 el ser mexicano en ejercicio de sus derechos civiles y pol\u00edticos, tener cuando menos 30 a\u00f1os cumplidos al d\u00eda de la designaci\u00f3n, gozar de buena reputaci\u00f3n y no haber sido condenado por delito que amerite pena corporal, ni estar inhabilitado para el desempe\u00f1o de cargos p\u00fablicos.<\/p>\n<p style=\"text-align: justify;\">De la misma forma, deben haber residido cuando menos cinco a\u00f1os anteriores al d\u00eda del nombramiento, contar con conocimientos especializados y experiencia debidamente comprobados en el \u00e1mbito de su competencia, adem\u00e1s de poseer t\u00edtulo y c\u00e9dula profesional de licenciado en Derecho expedidos por autoridad o instituci\u00f3n legalmente facultada.<\/p>\n<p style=\"text-align: justify;\">Asimismo, no podr\u00e1 ser ministro de ning\u00fan culto religioso ni titular de ninguna dependencia, entidad u organismo de la administraci\u00f3n p\u00fablica estatal, municipal o representante popular, federal o estatal durante dos a\u00f1os previos a la designaci\u00f3n, como tampoco haber sido dirigente de alg\u00fan partido pol\u00edtico, ni postulado para cargo de elecci\u00f3n popular durante los tres a\u00f1os anteriores a la designaci\u00f3n.<\/p>\n<p style=\"text-align: justify;\">Entre la documentaci\u00f3n que deber\u00e1n entregar los aspirantes, est\u00e1n copias certificadas del acta de nacimiento, de la credencial para votar vigente, del t\u00edtulo y c\u00e9dula profesionales, acreditaci\u00f3n de residencia en Guerrero durante los \u00faltimos cinco a\u00f1os, comprobante de domicilio, acreditaci\u00f3n de conocimientos especializados y experiencia comprobada en el \u00e1mbito de competencia de la Fiscal\u00eda General, as\u00ed como el curr\u00edculum vitae.<\/p>\n<p style=\"text-align: justify;\">Las solicitudes de registro de aspirantes a ocupar el cargo se recibir\u00e1n del 20 al 22 de marzo del 2024, en un horario de las 9:00 a las 15:00 horas en las oficinas de Presidencia de la Junta de Coordinaci\u00f3n Pol\u00edtica, interior del Recinto Oficial del Poder Legislativo, boulevard Vicente Guerrero, Tr\u00e9bol Sur Sentimientos de la Naci\u00f3n S\/N,\u00a0Colonia Villa Moderna, C.P. 39074, en Chilpancingo de los Bravo, Guerrero.<\/p>\n<p style=\"text-align: justify;\">Recabados los documentos de los aspirantes y vencido el plazo, se verificar\u00e1 el cumplimiento de los requisitos tomando en cuenta la historia profesional y laboral, apego a los principios de legalidad, objetividad, eficiencia, profesionalismo, honradez y respeto a los derechos humanos.<\/p>\n<p style=\"text-align: justify;\">Posteriormente, se elaborar\u00e1 una lista de al menos diez candidatos que ser\u00e1 enviada a la gobernadora del estado, quien a su vez, dentro de los diez d\u00edas siguientes, formular\u00e1 una terna que regresar\u00e1 al Congreso para que comparezcan y presenten su plan de trabajo.<\/p>\n<p style=\"text-align: justify;\">Una vez desahogadas las comparecencias, la JUCOPO propondr\u00e1 al Pleno la propuesta para que con el voto de las dos terceras partes se elija a quien ocupar\u00e1 la titularidad de dicho organismo aut\u00f3nomo, posterior a lo cual rendir\u00e1 protesta de ley al cargo, mismo que ser\u00e1 por un periodo de 6 a\u00f1os improrrogables.<\/p>\n<p style=\"text-align: center;\"><i><a href=\"https:\/\/congresogro.gob.mx\/63\/inicio\/wp-content\/uploads\/2024\/03\/CONVOCATORIA-FISCALIA-GENERAL-.pdf\" target=\"_blank\" rel=\"noopener\">Lee el resumen de la convocatoria aqu\u00ed.<\/a><\/i><\/p>\n<p style=\"text-align: center;\"><i><a href=\"https:\/\/congresogro.gob.mx\/63\/inicio\/wp-content\/uploads\/2024\/03\/PROCESO-DE-SELECCION-Y-DESIGNACION-DEL-TOTULAR-DE-LA-FISCA.pdf\" target=\"_blank\" rel=\"noopener\">Mira aqu\u00ed la convocatoria aprobada por el Pleno.\u00a0<\/a><\/i><\/p>\n<p><img loading=\"lazy\" decoding=\"async\" class=\"size-medium wp-image-9230 aligncenter\" src=\"https:\/\/congresogro.gob.mx\/63\/inicio\/wp-content\/uploads\/2024\/03\/BOL-566-CONVOCATORIA-FGE-640x360.jpeg\" alt=\"\" width=\"640\" height=\"360\" srcset=\"https:\/\/congresogro.gob.mx\/63\/inicio\/wp-content\/uploads\/2024\/03\/BOL-566-CONVOCATORIA-FGE-640x360.jpeg 640w, https:\/\/congresogro.gob.mx\/63\/inicio\/wp-content\/uploads\/2024\/03\/BOL-566-CONVOCATORIA-FGE-1280x720.jpeg 1280w, https:\/\/congresogro.gob.mx\/63\/inicio\/wp-content\/uploads\/2024\/03\/BOL-566-CONVOCATORIA-FGE-768x432.jpeg 768w, https:\/\/congresogro.gob.mx\/63\/inicio\/wp-content\/uploads\/2024\/03\/BOL-566-CONVOCATORIA-FGE-1536x864.jpeg 1536w, https:\/\/congresogro.gob.mx\/63\/inicio\/wp-content\/uploads\/2024\/03\/BOL-566-CONVOCATORIA-FGE-320x180.jpeg 320w, https:\/\/congresogro.gob.mx\/63\/inicio\/wp-content\/uploads\/2024\/03\/BOL-566-CONVOCATORIA-FGE.jpeg 1600w\" sizes=\"auto, (max-width: 640px) 100vw, 640px\" \/><\/p>\n<p>&nbsp;<\/p>\n<p><strong>Acuerdos<\/strong><\/p>\n<p style=\"text-align: justify;\">En esta sesi\u00f3n, el Pleno del Congreso del Estado aprob\u00f3 un punto de acuerdo suscrito por la Junta de Coordinaci\u00f3n Pol\u00edtica para reestructurar la Comisi\u00f3n de la Juventud y el Deporte de la LXIII Legislatura, quedando integrada de la siguiente manera: Ang\u00e9lica Espinoza Garc\u00eda, presidenta; Abril Gabriela Hern\u00e1ndez Pablo, secretaria, y como vocales Jennyfer Garc\u00eda Lucena, Gabriela Giles Rodr\u00edguez y Am\u00e9rica Libertad Beltr\u00e1n Cort\u00e9s.<\/p>\n<p style=\"text-align: justify;\">Por su parte, la diputada Am\u00e9rica Libertad Beltr\u00e1n Cort\u00e9s present\u00f3 un punto de acuerdo por el que se exhorta a los titulares de las Secretar\u00edas de Salud y de Educaci\u00f3n del Gobierno del Estado, as\u00ed como a las autoridades del Instituto Mexicano del Seguro Social (IMSS) y del Instituto de Seguridad y Servicios Sociales de los Trabajadores del Estado (ISSSTE), a integrar una comisi\u00f3n intersecretarial permanente que se encargue de establecer las estrategias necesarias para que tanto en instituciones educativas como de salud se lleven a cabo pruebas de tamizaje para lactantes, preescolares y escolares de primaria y secundaria que presenten alguna sintomatolog\u00eda o exista sospecha de un posible trastorno del espectro autista, que permita detectarlo de manera oportuna y coadyuve a mejorar la calidad de vida de ni\u00f1os y adolescentes del estado. La propuesta se turn\u00f3 a las comisiones unidas de Salud y de Educaci\u00f3n, Ciencia y Tecnolog\u00eda.<\/p>\n<p style=\"text-align: justify;\">En su oportunidad, la diputada Diana Bernab\u00e9 Vega present\u00f3 un punto de acuerdo por el que se exhorta a los titulares de la Comisi\u00f3n Nacional Forestal, de las Secretar\u00edas de Medio Ambiente y Recursos Naturales y de Gesti\u00f3n Integral de Riesgos y Protecci\u00f3n Civil del estado de Guerrero, a los ayuntamientos del estado y el Concejo Municipal Comunitario de Ayutla de los Libres, a que implementen acciones de prevenci\u00f3n, control y combate de incendios, que preserven nuestro ambiente y prevengan enfermedades respiratorias y gastrointestinales entre los ni\u00f1os, ni\u00f1as, adolescentes, mujeres y adultos mayores. La propuesta fue aprobada por unanimidad.<\/p>\n<p style=\"text-align: justify;\">Tambi\u00e9n ante el Pleno rindieron protesta la diputada Am\u00e9rica Libertad Beltr\u00e1n Cort\u00e9s y el diputado Genaro Yovani Estrada Morales como secretaria propietaria y secretario suplente de la Mesa Directiva que dirigir\u00e1 y coordinar\u00e1 los trabajos legislativos por lo que resta del Tercer A\u00f1o de Ejercicio de la LXIII Legislatura al Congreso del Estado.<\/p>\n","protected":false},"excerpt":{"rendered":"<p>Chilpancingo, Gro., 19 de marzo de 2024.- El Pleno del Congreso del Estado aprob\u00f3 la emisi\u00f3n de la Convocatoria para seleccionar y designar a la o el titular de la fiscal\u00eda general del Estado de Guerrero. Esto luego de que en la sesi\u00f3n de este martes se enter\u00f3 a las diputadas y los diputados del&#8230;<\/p>\n","protected":false},"author":1,"featured_media":9229,"comment_status":"closed","ping_status":"open","sticky":false,"template":"","format":"standard","meta":{"_monsterinsights_skip_tracking":false,"_monsterinsights_sitenote_active":false,"_monsterinsights_sitenote_note":"","_monsterinsights_sitenote_category":0,"footnotes":""},"categories":[3],"tags":[],"class_list":["post-9228","post","type-post","status-publish","format-standard","has-post-thumbnail","hentry","category-boletin"],"aioseo_notices":[],"_links":{"self":[{"href":"https:\/\/congresogro.gob.mx\/63\/inicio\/wp-json\/wp\/v2\/posts\/9228","targetHints":{"allow":["GET"]}}],"collection":[{"href":"https:\/\/congresogro.gob.mx\/63\/inicio\/wp-json\/wp\/v2\/posts"}],"about":[{"href":"https:\/\/congresogro.gob.mx\/63\/inicio\/wp-json\/wp\/v2\/types\/post"}],"author":[{"embeddable":true,"href":"https:\/\/congresogro.gob.mx\/63\/inicio\/wp-json\/wp\/v2\/users\/1"}],"replies":[{"embeddable":true,"href":"https:\/\/congresogro.gob.mx\/63\/inicio\/wp-json\/wp\/v2\/comments?post=9228"}],"version-history":[{"count":5,"href":"https:\/\/congresogro.gob.mx\/63\/inicio\/wp-json\/wp\/v2\/posts\/9228\/revisions"}],"predecessor-version":[{"id":9539,"href":"https:\/\/congresogro.gob.mx\/63\/inicio\/wp-json\/wp\/v2\/posts\/9228\/revisions\/9539"}],"wp:featuredmedia":[{"embeddable":true,"href":"https:\/\/congresogro.gob.mx\/63\/inicio\/wp-json\/wp\/v2\/media\/9229"}],"wp:attachment":[{"href":"https:\/\/congresogro.gob.mx\/63\/inicio\/wp-json\/wp\/v2\/media?parent=9228"}],"wp:term":[{"taxonomy":"category","embeddable":true,"href":"https:\/\/congresogro.gob.mx\/63\/inicio\/wp-json\/wp\/v2\/categories?post=9228"},{"taxonomy":"post_tag","embeddable":true,"href":"https:\/\/congresogro.gob.mx\/63\/inicio\/wp-json\/wp\/v2\/tags?post=9228"}],"curies":[{"name":"wp","href":"https:\/\/api.w.org\/{rel}","templated":true}]}}