{"id":9178,"date":"2024-03-07T18:02:28","date_gmt":"2024-03-08T00:02:28","guid":{"rendered":"https:\/\/congresogro.gob.mx\/63\/inicio\/?p=9178"},"modified":"2024-04-29T14:55:40","modified_gmt":"2024-04-29T20:55:40","slug":"diputadas-de-la-lxiii-legislatura-refrendan-compromiso-con-la-agenda-en-pro-de-las-mujeres","status":"publish","type":"post","link":"https:\/\/congresogro.gob.mx\/63\/inicio\/2024\/03\/07\/diputadas-de-la-lxiii-legislatura-refrendan-compromiso-con-la-agenda-en-pro-de-las-mujeres\/","title":{"rendered":"DIPUTADAS DE LA LXIII LEGISLATURA REFRENDAN COMPROMISO CON LA AGENDA EN PRO DE LAS MUJERES"},"content":{"rendered":"<p style=\"text-align: justify;\"><strong>Chilpancingo, Gro., 07 de marzo de 2024.- <\/strong>En el marco del D\u00eda Internacional de la Mujer, diputadas integrantes de la LXIII Legislatura se pronunciaron por continuar trabajando para hacer de la paridad de g\u00e9nero una realidad en el estado de Guerrero, y seguir impulsando una agenda legislativa que garantice el irrestricto respeto a sus derechos, en especial el acceso a una vida libre de violencia.<\/p>\n<p style=\"text-align: justify;\">Desde tribuna en la sesi\u00f3n ordinaria de este mi\u00e9rcoles, la diputada Diana Bernab\u00e9 Vega resalt\u00f3 la importancia de que en esta fecha se rinda un homenaje a todas las mujeres que lucharon y siguen luchando por un M\u00e9xico m\u00e1s justo e igualitario, sin violencia ni discriminaci\u00f3n, con libertad, justicia e igualdad.<\/p>\n<p style=\"text-align: justify;\">Remarc\u00f3 que, como resultado de esa lucha, hoy en d\u00eda hay grandes avances, al ocupar muchas mujeres secretar\u00edas tanto en el Gobierno Federal como el estatal, as\u00ed como curules en la misma proporci\u00f3n que los hombres en el Congreso de la Uni\u00f3n y en el Congreso del Estado, adem\u00e1s de una primera gobernadora de Guerrero.<\/p>\n<p style=\"text-align: justify;\">Sin embargo, la legisladora consider\u00f3 que debe arribarse ya a la paridad de g\u00e9nero total en la administraci\u00f3n p\u00fablica estatal, en los \u00f3rganos aut\u00f3nomos, el Tribunal Superior de Justicia, e incluso en la Universidad Aut\u00f3noma de Guerrero, que refleje el empoderamiento de la mujer en todos los espacios de toma de decisiones.<\/p>\n<p style=\"text-align: justify;\">En su participaci\u00f3n, la diputada Claudia Sierra P\u00e9rez se\u00f1al\u00f3 que a la fecha hay sectores de la poblaci\u00f3n que toman el 08 de marzo como un d\u00eda de simple asueto o descanso, derivado de que las instituciones han tergiversado el significado que tiene tan importante fecha. Ante esto, se pronunci\u00f3 por que este d\u00eda no se celebre, pero s\u00ed se ensalce lo que toda mujer representa en la actualidad, como es el empoderamiento, s\u00edmbolo de fuerza, lucha, entrega, amor y m\u00e1s.<\/p>\n<p style=\"text-align: justify;\">\u201cNuestra conquista de derechos contin\u00faa, tanto en el \u00e1mbito p\u00fablico como en el privado. En el espacio p\u00fablico no solo es en lo pol\u00edtico, sino el hecho de que podamos caminar libres de violencia y ejercer cada uno de los derechos que est\u00e1n en la Constituci\u00f3n, de una manera m\u00e1s libre y sin discriminaci\u00f3n. Solamente as\u00ed podremos conocer qu\u00e9 decisiones siguen y c\u00f3mo debemos tomarlas\u201d, remarc\u00f3.<\/p>\n<p style=\"text-align: justify;\">En su intervenci\u00f3n, la diputada Mar\u00eda Flores Maldonado resalt\u00f3 \u00a0la importancia de reivindicar los derechos de las mujeres, como el votar y ser votada, entre muchos otros avances logrados en los \u00faltimos a\u00f1os, que han favorecido la paridad de g\u00e9nero en espacios de representaci\u00f3n popular y de toma de decisiones, ejemplo de lo cual es la primera legislatura paritaria de Guerrero.<\/p>\n<p style=\"text-align: justify;\">Asimismo, se pronunci\u00f3 a favor de que todas, desde sus trincheras, coadyuven a consolidar el tejido social, abonar a la disminuci\u00f3n de la violencia y hacer lo posible para fomentar los principios y valores en los hogares para hacer entender a las nuevas generaciones que es necesario reconsiderar la forma de vivir y convivir en sociedad.<\/p>\n<p style=\"text-align: justify;\">Finalmente, la diputada Am\u00e9rica Libertad Beltr\u00e1n Cort\u00e9s sostuvo que esta fecha debe representar la reivindicaci\u00f3n y el reconocimiento pleno de la lucha que han librado miles de mujeres en favor de sus derechos, y adem\u00e1s trabajar cada d\u00eda para consolidar los avances sociales y pol\u00edticos del sector.<\/p>\n<p style=\"text-align: justify;\">Asimismo, llam\u00f3 a sus hom\u00f3logas a seguir legislando para que toda mujer guerrerense pueda acceder a una vida libre de violencia, sin desapariciones forzadas ni feminicidios. \u201cDebemos avanzar a una sociedad donde las penas para los agresores sean realmente justas, brindando a las mujeres una verdadera protecci\u00f3n y todo el apoyo\u201d, apunt\u00f3.<\/p>\n","protected":false},"excerpt":{"rendered":"<p>Chilpancingo, Gro., 07 de marzo de 2024.- En el marco del D\u00eda Internacional de la Mujer, diputadas integrantes de la LXIII Legislatura se pronunciaron por continuar trabajando para hacer de la paridad de g\u00e9nero una realidad en el estado de Guerrero, y seguir impulsando una agenda legislativa que garantice el irrestricto respeto a sus derechos,&#8230;<\/p>\n","protected":false},"author":1,"featured_media":9180,"comment_status":"closed","ping_status":"open","sticky":false,"template":"","format":"standard","meta":{"_monsterinsights_skip_tracking":false,"_monsterinsights_sitenote_active":false,"_monsterinsights_sitenote_note":"","_monsterinsights_sitenote_category":0,"footnotes":""},"categories":[69,3],"tags":[],"class_list":["post-9178","post","type-post","status-publish","format-standard","has-post-thumbnail","hentry","category-8-de-marzo","category-boletin"],"aioseo_notices":[],"_links":{"self":[{"href":"https:\/\/congresogro.gob.mx\/63\/inicio\/wp-json\/wp\/v2\/posts\/9178","targetHints":{"allow":["GET"]}}],"collection":[{"href":"https:\/\/congresogro.gob.mx\/63\/inicio\/wp-json\/wp\/v2\/posts"}],"about":[{"href":"https:\/\/congresogro.gob.mx\/63\/inicio\/wp-json\/wp\/v2\/types\/post"}],"author":[{"embeddable":true,"href":"https:\/\/congresogro.gob.mx\/63\/inicio\/wp-json\/wp\/v2\/users\/1"}],"replies":[{"embeddable":true,"href":"https:\/\/congresogro.gob.mx\/63\/inicio\/wp-json\/wp\/v2\/comments?post=9178"}],"version-history":[{"count":1,"href":"https:\/\/congresogro.gob.mx\/63\/inicio\/wp-json\/wp\/v2\/posts\/9178\/revisions"}],"predecessor-version":[{"id":9181,"href":"https:\/\/congresogro.gob.mx\/63\/inicio\/wp-json\/wp\/v2\/posts\/9178\/revisions\/9181"}],"wp:featuredmedia":[{"embeddable":true,"href":"https:\/\/congresogro.gob.mx\/63\/inicio\/wp-json\/wp\/v2\/media\/9180"}],"wp:attachment":[{"href":"https:\/\/congresogro.gob.mx\/63\/inicio\/wp-json\/wp\/v2\/media?parent=9178"}],"wp:term":[{"taxonomy":"category","embeddable":true,"href":"https:\/\/congresogro.gob.mx\/63\/inicio\/wp-json\/wp\/v2\/categories?post=9178"},{"taxonomy":"post_tag","embeddable":true,"href":"https:\/\/congresogro.gob.mx\/63\/inicio\/wp-json\/wp\/v2\/tags?post=9178"}],"curies":[{"name":"wp","href":"https:\/\/api.w.org\/{rel}","templated":true}]}}