{"id":9143,"date":"2024-03-07T13:19:29","date_gmt":"2024-03-07T19:19:29","guid":{"rendered":"https:\/\/congresogro.gob.mx\/63\/inicio\/?p=9143"},"modified":"2024-04-29T14:56:02","modified_gmt":"2024-04-29T20:56:02","slug":"con-el-fin-de-prevenir-y-promover-la-denuncia-del-delito-de-trata-de-personas","status":"publish","type":"post","link":"https:\/\/congresogro.gob.mx\/63\/inicio\/2024\/03\/07\/con-el-fin-de-prevenir-y-promover-la-denuncia-del-delito-de-trata-de-personas\/","title":{"rendered":"Con el fin de prevenir y promover la denuncia del delito de trata de personas"},"content":{"rendered":"<p>Con el fin de prevenir y promover la denuncia del delito de trata de personas, el Congreso de Guerrero te comparte la siguiente informaci\u00f3n.<\/p>\n<p><img loading=\"lazy\" decoding=\"async\" class=\"alignnone size-medium wp-image-9146 aligncenter\" src=\"https:\/\/congresogro.gob.mx\/63\/inicio\/wp-content\/uploads\/2024\/03\/TRIPTICO_TRATA_DE_PERSONAS-1-640x495.png\" alt=\"\" width=\"640\" height=\"495\" srcset=\"https:\/\/congresogro.gob.mx\/63\/inicio\/wp-content\/uploads\/2024\/03\/TRIPTICO_TRATA_DE_PERSONAS-1-640x495.png 640w, https:\/\/congresogro.gob.mx\/63\/inicio\/wp-content\/uploads\/2024\/03\/TRIPTICO_TRATA_DE_PERSONAS-1-1280x989.png 1280w, https:\/\/congresogro.gob.mx\/63\/inicio\/wp-content\/uploads\/2024\/03\/TRIPTICO_TRATA_DE_PERSONAS-1-768x593.png 768w, https:\/\/congresogro.gob.mx\/63\/inicio\/wp-content\/uploads\/2024\/03\/TRIPTICO_TRATA_DE_PERSONAS-1-1536x1187.png 1536w, https:\/\/congresogro.gob.mx\/63\/inicio\/wp-content\/uploads\/2024\/03\/TRIPTICO_TRATA_DE_PERSONAS-1-2048x1583.png 2048w, https:\/\/congresogro.gob.mx\/63\/inicio\/wp-content\/uploads\/2024\/03\/TRIPTICO_TRATA_DE_PERSONAS-1-320x247.png 320w\" sizes=\"auto, (max-width: 640px) 100vw, 640px\" \/><\/p>\n<p><img loading=\"lazy\" decoding=\"async\" class=\"alignnone size-medium wp-image-9149 aligncenter\" src=\"https:\/\/congresogro.gob.mx\/63\/inicio\/wp-content\/uploads\/2024\/03\/TRIPTICO_TRATA_DE_PERSONAS-2-640x495.png\" alt=\"\" width=\"640\" height=\"495\" srcset=\"https:\/\/congresogro.gob.mx\/63\/inicio\/wp-content\/uploads\/2024\/03\/TRIPTICO_TRATA_DE_PERSONAS-2-640x495.png 640w, https:\/\/congresogro.gob.mx\/63\/inicio\/wp-content\/uploads\/2024\/03\/TRIPTICO_TRATA_DE_PERSONAS-2-1280x989.png 1280w, https:\/\/congresogro.gob.mx\/63\/inicio\/wp-content\/uploads\/2024\/03\/TRIPTICO_TRATA_DE_PERSONAS-2-768x593.png 768w, https:\/\/congresogro.gob.mx\/63\/inicio\/wp-content\/uploads\/2024\/03\/TRIPTICO_TRATA_DE_PERSONAS-2-1536x1187.png 1536w, https:\/\/congresogro.gob.mx\/63\/inicio\/wp-content\/uploads\/2024\/03\/TRIPTICO_TRATA_DE_PERSONAS-2-2048x1583.png 2048w, https:\/\/congresogro.gob.mx\/63\/inicio\/wp-content\/uploads\/2024\/03\/TRIPTICO_TRATA_DE_PERSONAS-2-320x247.png 320w\" sizes=\"auto, (max-width: 640px) 100vw, 640px\" \/><\/p>\n<p style=\"text-align: center;\"><a href=\"https:\/\/congresogro.gob.mx\/63\/inicio\/wp-content\/uploads\/2024\/03\/TRIPTICO_TRATA_DE_PERSONAS..pdf\" target=\"_blank\" rel=\"noopener\">Descarga aqu\u00ed el Tr\u00edptico.<\/a><\/p>\n<p><a href=\"http:\/\/www.comisioncontralatrata.segob.gob.mx\" target=\"_blank\" rel=\"noopener\">Consulta m\u00e1s detalles<\/a><\/p>\n","protected":false},"excerpt":{"rendered":"<p>Con el fin de prevenir y promover la denuncia del delito de trata de personas, el Congreso de Guerrero te comparte la siguiente informaci\u00f3n. Descarga aqu\u00ed el Tr\u00edptico. Consulta m\u00e1s detalles<\/p>\n","protected":false},"author":1,"featured_media":9144,"comment_status":"closed","ping_status":"open","sticky":false,"template":"","format":"standard","meta":{"_monsterinsights_skip_tracking":false,"_monsterinsights_sitenote_active":false,"_monsterinsights_sitenote_note":"","_monsterinsights_sitenote_category":0,"footnotes":""},"categories":[3],"tags":[],"class_list":["post-9143","post","type-post","status-publish","format-standard","has-post-thumbnail","hentry","category-boletin"],"aioseo_notices":[],"_links":{"self":[{"href":"https:\/\/congresogro.gob.mx\/63\/inicio\/wp-json\/wp\/v2\/posts\/9143","targetHints":{"allow":["GET"]}}],"collection":[{"href":"https:\/\/congresogro.gob.mx\/63\/inicio\/wp-json\/wp\/v2\/posts"}],"about":[{"href":"https:\/\/congresogro.gob.mx\/63\/inicio\/wp-json\/wp\/v2\/types\/post"}],"author":[{"embeddable":true,"href":"https:\/\/congresogro.gob.mx\/63\/inicio\/wp-json\/wp\/v2\/users\/1"}],"replies":[{"embeddable":true,"href":"https:\/\/congresogro.gob.mx\/63\/inicio\/wp-json\/wp\/v2\/comments?post=9143"}],"version-history":[{"count":2,"href":"https:\/\/congresogro.gob.mx\/63\/inicio\/wp-json\/wp\/v2\/posts\/9143\/revisions"}],"predecessor-version":[{"id":9151,"href":"https:\/\/congresogro.gob.mx\/63\/inicio\/wp-json\/wp\/v2\/posts\/9143\/revisions\/9151"}],"wp:featuredmedia":[{"embeddable":true,"href":"https:\/\/congresogro.gob.mx\/63\/inicio\/wp-json\/wp\/v2\/media\/9144"}],"wp:attachment":[{"href":"https:\/\/congresogro.gob.mx\/63\/inicio\/wp-json\/wp\/v2\/media?parent=9143"}],"wp:term":[{"taxonomy":"category","embeddable":true,"href":"https:\/\/congresogro.gob.mx\/63\/inicio\/wp-json\/wp\/v2\/categories?post=9143"},{"taxonomy":"post_tag","embeddable":true,"href":"https:\/\/congresogro.gob.mx\/63\/inicio\/wp-json\/wp\/v2\/tags?post=9143"}],"curies":[{"name":"wp","href":"https:\/\/api.w.org\/{rel}","templated":true}]}}