{"id":912,"date":"2021-11-05T09:17:29","date_gmt":"2021-11-05T15:17:29","guid":{"rendered":"https:\/\/congresogro.gob.mx\/63\/inicio\/?p=912"},"modified":"2021-11-08T09:18:35","modified_gmt":"2021-11-08T15:18:35","slug":"culmina-instalacion-de-comisiones-y-comites-del-congreso-del-estado","status":"publish","type":"post","link":"https:\/\/congresogro.gob.mx\/63\/inicio\/2021\/11\/05\/culmina-instalacion-de-comisiones-y-comites-del-congreso-del-estado\/","title":{"rendered":"CULMINA INSTALACI\u00d3N DE COMISIONES Y COMIT\u00c9S DEL CONGRESO DEL ESTADO"},"content":{"rendered":"<p style=\"text-align: justify;\"><strong>Chilpancingo, Gro., 05 de noviembre de 2021.-<\/strong> Con la instalaci\u00f3n de las comisiones de Miner\u00eda y de Salud, este viernes, se concluy\u00f3 el proceso de integraci\u00f3n formal de los 39 \u00f3rganos legislativos encargados de analizar y dictaminar los asuntos que son competencia del Congreso del Estado.<\/p>\n<p style=\"text-align: justify;\">La Comisi\u00f3n de Miner\u00eda tiene como integrantes a las y los diputados <a href=\"https:\/\/www.facebook.com\/AndresGuevaraCardenasOficial\/?__cft__%5b0%5d=AZWQh60XHV_CTs2CQ3srwMbOnOy9OyM7xHkJlZW9a0UZ_1mn_JfaHMcB-m_1WhQtoZ2P0lp6gyB5L7XqFyTW6iet0VvFdDLUSzppFhUlc4OEMUeuLz6h58CjP7quKOxUht879nuORZxwHR8x8TTc59YW&amp;__tn__=kK-R\">Andr\u00e9s Guevara C\u00e1rdenas<\/a>, Susana <a href=\"https:\/\/www.facebook.com\/Paola-Ju%C3%A1rez-G%C3%B3mez-281322437038885\/?__cft__%5b0%5d=AZWQh60XHV_CTs2CQ3srwMbOnOy9OyM7xHkJlZW9a0UZ_1mn_JfaHMcB-m_1WhQtoZ2P0lp6gyB5L7XqFyTW6iet0VvFdDLUSzppFhUlc4OEMUeuLz6h58CjP7quKOxUht879nuORZxwHR8x8TTc59YW&amp;__tn__=kK-R\">Paola Ju\u00e1rez G\u00f3mez<\/a>, <a href=\"https:\/\/www.facebook.com\/AlfredoSanchezE\/?__cft__%5b0%5d=AZWQh60XHV_CTs2CQ3srwMbOnOy9OyM7xHkJlZW9a0UZ_1mn_JfaHMcB-m_1WhQtoZ2P0lp6gyB5L7XqFyTW6iet0VvFdDLUSzppFhUlc4OEMUeuLz6h58CjP7quKOxUht879nuORZxwHR8x8TTc59YW&amp;__tn__=kK-R\">Alfredo S\u00e1nchez Esquivel<\/a>, <a href=\"https:\/\/www.facebook.com\/Olaguer-Hern%C3%A1ndez-Flores-105183588246879\/?__cft__%5b0%5d=AZWQh60XHV_CTs2CQ3srwMbOnOy9OyM7xHkJlZW9a0UZ_1mn_JfaHMcB-m_1WhQtoZ2P0lp6gyB5L7XqFyTW6iet0VvFdDLUSzppFhUlc4OEMUeuLz6h58CjP7quKOxUht879nuORZxwHR8x8TTc59YW&amp;__tn__=kK-R\">Olaguer Hern\u00e1ndez Flores<\/a> y Estrella de la Paz Bernal, presidente, secretario y vocales, respectivamente, quienes se comprometieron a coadyuvar con el fortalecimiento de la actividad minera para mejorar el desarrollo regional y econom\u00eda de Guerrero.<\/p>\n<p style=\"text-align: justify;\">Coincidieron las y los legisladores en que buscar\u00e1n, a trav\u00e9s del perfeccionamiento de los ordenamientos legales, generar mediante esta rama productiva riqueza en la entidad y mayor desarrollo en las comunidades donde existe actividad minera, pero sobre todo con un enfoque sustentable que no comprometa los recursos para las generaciones futuras.<\/p>\n<p style=\"text-align: justify;\">Al evento acudieron diputadas y diputados de los distintos grupos parlamentarios, y en calidad de invitados especiales el secretario de Medio Ambiente y Desarrollo Sustentable del Gobierno del Estado, \u00c1ngel Almaz\u00e1n Ju\u00e1rez; los presidentes municipales de Eduardo Neri y Cocula, Sara Salinas Bravo y Carlos Alberto Duarte Bahena; la directora de la Escuela de Ciencias de la Tierra de la Universidad Aut\u00f3noma de Guerrero, Rosalba P\u00e9rez Guti\u00e9rrez, y el director de Relaciones con el Gobierno de \u201cGrupo Pe\u00f1oles\u201d, Cristopher \u00c1vila Mier.<\/p>\n<p style=\"text-align: justify;\">Posteriormente se instalaron los trabajos de la Comisi\u00f3n de Salud, que integra como presidente el diputado <a href=\"https:\/\/www.facebook.com\/Olaguer-Hern%C3%A1ndez-Flores-105183588246879\/?__cft__%5b0%5d=AZU73zadNfMk8xlChuKK4lf-4EvVTAs5GuF4E9DHGBjm7roA0IIYmAWi7M2-fG4nZnyGFlXCzusjjQxu4Cd1qV9INtso9899HvFVF7P2W_WhvZyVKr0jkSUnRJmkYmWSawyl1T8n6SamHWB1lnblieou&amp;__tn__=kK-R\">Olaguer Hern\u00e1ndez Flores<\/a>; como secretario el diputado <a href=\"https:\/\/www.facebook.com\/AndresGuevaraCardenasOficial\/?__cft__%5b0%5d=AZU73zadNfMk8xlChuKK4lf-4EvVTAs5GuF4E9DHGBjm7roA0IIYmAWi7M2-fG4nZnyGFlXCzusjjQxu4Cd1qV9INtso9899HvFVF7P2W_WhvZyVKr0jkSUnRJmkYmWSawyl1T8n6SamHWB1lnblieou&amp;__tn__=kK-R\">Andr\u00e9s Guevara C\u00e1rdenas<\/a>, y como vocales las diputadas <a href=\"https:\/\/www.facebook.com\/Dip-Yanelly-Hern%C3%A1ndez-Mart%C3%ADnez-112965401158624\/?__cft__%5b0%5d=AZU73zadNfMk8xlChuKK4lf-4EvVTAs5GuF4E9DHGBjm7roA0IIYmAWi7M2-fG4nZnyGFlXCzusjjQxu4Cd1qV9INtso9899HvFVF7P2W_WhvZyVKr0jkSUnRJmkYmWSawyl1T8n6SamHWB1lnblieou&amp;__tn__=kK-R\">Yanelly Hern\u00e1ndez Mart\u00ednez<\/a>, <a href=\"https:\/\/www.facebook.com\/Leticia-Mosso-Hern%C3%A1ndez-286344738859867\/?__cft__%5b0%5d=AZU73zadNfMk8xlChuKK4lf-4EvVTAs5GuF4E9DHGBjm7roA0IIYmAWi7M2-fG4nZnyGFlXCzusjjQxu4Cd1qV9INtso9899HvFVF7P2W_WhvZyVKr0jkSUnRJmkYmWSawyl1T8n6SamHWB1lnblieou&amp;__tn__=kK-R\">Leticia Mosso Hern\u00e1ndez<\/a> y <a href=\"https:\/\/www.facebook.com\/jessicaivette.alejorayo?__cft__%5b0%5d=AZU73zadNfMk8xlChuKK4lf-4EvVTAs5GuF4E9DHGBjm7roA0IIYmAWi7M2-fG4nZnyGFlXCzusjjQxu4Cd1qV9INtso9899HvFVF7P2W_WhvZyVKr0jkSUnRJmkYmWSawyl1T8n6SamHWB1lnblieou&amp;__tn__=-%5dK-R\">Jessica Ivette Alejo Rayo<\/a>.<\/p>\n<p style=\"text-align: justify;\">Los integrantes de esta comisi\u00f3n se comprometieron a trabajar con responsabilidad para lograr el dise\u00f1o de pol\u00edticas p\u00fablicas que garanticen el derecho a la salud de la poblaci\u00f3n, con la ayuda y coordinaci\u00f3n de las instancias de gobierno involucradas.<\/p>\n<p style=\"text-align: justify;\">Asimismo, adelantaron que promover\u00e1n la ampliaci\u00f3n de presupuesto para la mejora de los servicios de salud, con calidad y oportunidad, con suficientes medicamentos y mejores oportunidades para el personal m\u00e9dico, mismo al que reconocieron su gran labor en la lucha contra la pandemia de Covid-19.<\/p>\n<p style=\"text-align: justify;\">Presenciaron el acto diputadas y diputados de la LXIII Legislatura, as\u00ed como la secretaria de Salud en el estado, Aid\u00e9 Ib\u00e1rez Castro; la delegada del IMSS en Guerrero, Josefina Estrada Mart\u00ednez; el subsecretario de Prevenci\u00f3n y Control de Enfermedades, Jes\u00fas Ulises Adame Reyna, entre otras personalidades del ramo.<\/p>\n<p style=\"text-align: justify;\">En otros asuntos, este viernes tambi\u00e9n se reuni\u00f3 la Comisi\u00f3n de Hacienda y se declar\u00f3 en sesi\u00f3n permanente, para abocarse en el an\u00e1lisis de las iniciativas de Ley de Ingresos, Tablas de Valores, Presupuesto de Ingresos y Actas de Cabildo para el Ejercicio Fiscal 2022 de los 80 ayuntamientos y del Concejo Municipal Comunitario de Ayutla de los Libres.<\/p>\n<p style=\"text-align: justify;\">Encabez\u00f3 los trabajos el diputado <a href=\"https:\/\/www.facebook.com\/bernardo.ortegajimenez.3?__cft__%5b0%5d=AZXqC6CLQKAqlxRHluBrNkcUxRA7WcgD_t4ixGBJ5Xm6LlaLu4nwv9HNidPij6oZ3OtSLuAz2TGCzz3Y2RjOwHZsfDNCooJJhZGvSJHRCipfi6WQP1fw8XBdzNK3vFyHSW4zU-5qDJtQvyNMKbaER_zv&amp;__tn__=-%5dK-R\">Bernardo Ortega Jim\u00e9nez<\/a>, presidente de la comisi\u00f3n, con la participaci\u00f3n de las y los diputados <a href=\"https:\/\/www.facebook.com\/AlfredoSanchezE\/?__cft__%5b0%5d=AZXqC6CLQKAqlxRHluBrNkcUxRA7WcgD_t4ixGBJ5Xm6LlaLu4nwv9HNidPij6oZ3OtSLuAz2TGCzz3Y2RjOwHZsfDNCooJJhZGvSJHRCipfi6WQP1fw8XBdzNK3vFyHSW4zU-5qDJtQvyNMKbaER_zv&amp;__tn__=kK-R\">Alfredo S\u00e1nchez Esquivel<\/a>, <a href=\"https:\/\/www.facebook.com\/Jos%C3%A9-Efr%C3%A9n-L%C3%B3pez-Cortes-Diputado-Local-198881958842159\/?__cft__%5b0%5d=AZXqC6CLQKAqlxRHluBrNkcUxRA7WcgD_t4ixGBJ5Xm6LlaLu4nwv9HNidPij6oZ3OtSLuAz2TGCzz3Y2RjOwHZsfDNCooJJhZGvSJHRCipfi6WQP1fw8XBdzNK3vFyHSW4zU-5qDJtQvyNMKbaER_zv&amp;__tn__=kK-R\">Jos\u00e9 Efr\u00e9n L\u00f3pez Cortes<\/a>, <a href=\"https:\/\/www.facebook.com\/AliciaZamoraVillalva\/?__cft__%5b0%5d=AZXqC6CLQKAqlxRHluBrNkcUxRA7WcgD_t4ixGBJ5Xm6LlaLu4nwv9HNidPij6oZ3OtSLuAz2TGCzz3Y2RjOwHZsfDNCooJJhZGvSJHRCipfi6WQP1fw8XBdzNK3vFyHSW4zU-5qDJtQvyNMKbaER_zv&amp;__tn__=kK-R\">Alicia Zamora Villalva<\/a> y <a href=\"https:\/\/www.facebook.com\/BeatrizMojicaM?__cft__%5b0%5d=AZXqC6CLQKAqlxRHluBrNkcUxRA7WcgD_t4ixGBJ5Xm6LlaLu4nwv9HNidPij6oZ3OtSLuAz2TGCzz3Y2RjOwHZsfDNCooJJhZGvSJHRCipfi6WQP1fw8XBdzNK3vFyHSW4zU-5qDJtQvyNMKbaER_zv&amp;__tn__=-%5dK-R\">Beatriz Mojica<\/a> Morga, secretario y vocales, respectivamente.<\/p>\n","protected":false},"excerpt":{"rendered":"<p>Chilpancingo, Gro., 05 de noviembre de 2021.- Con la instalaci\u00f3n de las comisiones de Miner\u00eda y de Salud, este viernes, se concluy\u00f3 el proceso de integraci\u00f3n formal de los 39 \u00f3rganos legislativos encargados de analizar y dictaminar los asuntos que son competencia del Congreso del Estado. La Comisi\u00f3n de Miner\u00eda tiene como integrantes a las&#8230;<\/p>\n","protected":false},"author":1,"featured_media":913,"comment_status":"closed","ping_status":"open","sticky":false,"template":"","format":"standard","meta":{"_monsterinsights_skip_tracking":false,"_monsterinsights_sitenote_active":false,"_monsterinsights_sitenote_note":"","_monsterinsights_sitenote_category":0,"footnotes":""},"categories":[3],"tags":[],"class_list":["post-912","post","type-post","status-publish","format-standard","has-post-thumbnail","hentry","category-boletin"],"aioseo_notices":[],"_links":{"self":[{"href":"https:\/\/congresogro.gob.mx\/63\/inicio\/wp-json\/wp\/v2\/posts\/912","targetHints":{"allow":["GET"]}}],"collection":[{"href":"https:\/\/congresogro.gob.mx\/63\/inicio\/wp-json\/wp\/v2\/posts"}],"about":[{"href":"https:\/\/congresogro.gob.mx\/63\/inicio\/wp-json\/wp\/v2\/types\/post"}],"author":[{"embeddable":true,"href":"https:\/\/congresogro.gob.mx\/63\/inicio\/wp-json\/wp\/v2\/users\/1"}],"replies":[{"embeddable":true,"href":"https:\/\/congresogro.gob.mx\/63\/inicio\/wp-json\/wp\/v2\/comments?post=912"}],"version-history":[{"count":1,"href":"https:\/\/congresogro.gob.mx\/63\/inicio\/wp-json\/wp\/v2\/posts\/912\/revisions"}],"predecessor-version":[{"id":914,"href":"https:\/\/congresogro.gob.mx\/63\/inicio\/wp-json\/wp\/v2\/posts\/912\/revisions\/914"}],"wp:featuredmedia":[{"embeddable":true,"href":"https:\/\/congresogro.gob.mx\/63\/inicio\/wp-json\/wp\/v2\/media\/913"}],"wp:attachment":[{"href":"https:\/\/congresogro.gob.mx\/63\/inicio\/wp-json\/wp\/v2\/media?parent=912"}],"wp:term":[{"taxonomy":"category","embeddable":true,"href":"https:\/\/congresogro.gob.mx\/63\/inicio\/wp-json\/wp\/v2\/categories?post=912"},{"taxonomy":"post_tag","embeddable":true,"href":"https:\/\/congresogro.gob.mx\/63\/inicio\/wp-json\/wp\/v2\/tags?post=912"}],"curies":[{"name":"wp","href":"https:\/\/api.w.org\/{rel}","templated":true}]}}