{"id":9101,"date":"2024-03-05T19:58:00","date_gmt":"2024-03-06T01:58:00","guid":{"rendered":"https:\/\/congresogro.gob.mx\/63\/inicio\/?p=9101"},"modified":"2024-04-29T14:57:13","modified_gmt":"2024-04-29T20:57:13","slug":"protestan-nuevos-diputados-y-diputadas-locales","status":"publish","type":"post","link":"https:\/\/congresogro.gob.mx\/63\/inicio\/2024\/03\/05\/protestan-nuevos-diputados-y-diputadas-locales\/","title":{"rendered":"PROTESTAN NUEVOS DIPUTADOS Y DIPUTADAS LOCALES"},"content":{"rendered":"<p style=\"text-align: justify;\">Rinden protesta ante el Pleno Martha Tania Gonz\u00e1lez P\u00e9rez, Gabriela Giles Rodr\u00edguez, Erika Guadalupe Delgado V\u00e9lez, Abril Gabriela Hern\u00e1ndez Pablo, Cynthia del Carmen Corona Garc\u00eda, Marcos Urbano D\u00edaz, Genaro Yovani Estrada Morales, Claudio Comonfort Ventura y Hermelindo Garc\u00eda Pe\u00f1afor, al cargo y funciones de diputadas y diputados integrantes de la LXIII Legislatura al Congreso del Estado de Guerrero.<\/p>\n","protected":false},"excerpt":{"rendered":"<p>Rinden protesta ante el Pleno Martha Tania Gonz\u00e1lez P\u00e9rez, Gabriela Giles Rodr\u00edguez, Erika Guadalupe Delgado V\u00e9lez, Abril Gabriela Hern\u00e1ndez Pablo, Cynthia del Carmen Corona Garc\u00eda, Marcos Urbano D\u00edaz, Genaro Yovani Estrada Morales, Claudio Comonfort Ventura y Hermelindo Garc\u00eda Pe\u00f1afor, al cargo y funciones de diputadas y diputados integrantes de la LXIII Legislatura al Congreso del&#8230;<\/p>\n","protected":false},"author":1,"featured_media":9102,"comment_status":"closed","ping_status":"open","sticky":false,"template":"","format":"standard","meta":{"_monsterinsights_skip_tracking":false,"_monsterinsights_sitenote_active":false,"_monsterinsights_sitenote_note":"","_monsterinsights_sitenote_category":0,"footnotes":""},"categories":[3],"tags":[],"class_list":["post-9101","post","type-post","status-publish","format-standard","has-post-thumbnail","hentry","category-boletin"],"aioseo_notices":[],"_links":{"self":[{"href":"https:\/\/congresogro.gob.mx\/63\/inicio\/wp-json\/wp\/v2\/posts\/9101","targetHints":{"allow":["GET"]}}],"collection":[{"href":"https:\/\/congresogro.gob.mx\/63\/inicio\/wp-json\/wp\/v2\/posts"}],"about":[{"href":"https:\/\/congresogro.gob.mx\/63\/inicio\/wp-json\/wp\/v2\/types\/post"}],"author":[{"embeddable":true,"href":"https:\/\/congresogro.gob.mx\/63\/inicio\/wp-json\/wp\/v2\/users\/1"}],"replies":[{"embeddable":true,"href":"https:\/\/congresogro.gob.mx\/63\/inicio\/wp-json\/wp\/v2\/comments?post=9101"}],"version-history":[{"count":1,"href":"https:\/\/congresogro.gob.mx\/63\/inicio\/wp-json\/wp\/v2\/posts\/9101\/revisions"}],"predecessor-version":[{"id":9103,"href":"https:\/\/congresogro.gob.mx\/63\/inicio\/wp-json\/wp\/v2\/posts\/9101\/revisions\/9103"}],"wp:featuredmedia":[{"embeddable":true,"href":"https:\/\/congresogro.gob.mx\/63\/inicio\/wp-json\/wp\/v2\/media\/9102"}],"wp:attachment":[{"href":"https:\/\/congresogro.gob.mx\/63\/inicio\/wp-json\/wp\/v2\/media?parent=9101"}],"wp:term":[{"taxonomy":"category","embeddable":true,"href":"https:\/\/congresogro.gob.mx\/63\/inicio\/wp-json\/wp\/v2\/categories?post=9101"},{"taxonomy":"post_tag","embeddable":true,"href":"https:\/\/congresogro.gob.mx\/63\/inicio\/wp-json\/wp\/v2\/tags?post=9101"}],"curies":[{"name":"wp","href":"https:\/\/api.w.org\/{rel}","templated":true}]}}