{"id":9050,"date":"2024-03-04T13:27:56","date_gmt":"2024-03-04T19:27:56","guid":{"rendered":"https:\/\/congresogro.gob.mx\/63\/inicio\/?p=9050"},"modified":"2024-04-29T14:58:41","modified_gmt":"2024-04-29T20:58:41","slug":"programa-de-actividades-en-el-marco-del-08-de-marzo-internacional-de-la-mujer","status":"publish","type":"post","link":"https:\/\/congresogro.gob.mx\/63\/inicio\/2024\/03\/04\/programa-de-actividades-en-el-marco-del-08-de-marzo-internacional-de-la-mujer\/","title":{"rendered":"ORGANIZA EL CONGRESO SERIE DE CONFERENCIAS  Y TALLERES POR EL D\u00cdA INTERNACIONAL DE LA MUJER"},"content":{"rendered":"<p style=\"text-align: justify;\"><strong>Chilpancingo, Gro., 04 de marzo de 2024.-<\/strong> El Congreso del Estado de Guerrero, a trav\u00e9s de su Unidad para la Igualdad de G\u00e9nero, hace extensiva la invitaci\u00f3n al personal de la instituci\u00f3n y p\u00fablico en general a participar en las conferencias y talleres que se estar\u00e1n realizando del 05 al 07 de marzo pr\u00f3ximos, en el contexto del D\u00eda Internacional de la Mujer, a conmemorarse el pr\u00f3ximo 08 de marzo.<\/p>\n<p style=\"text-align: justify;\">Debido a la importancia que conlleva esta fecha, el Poder Legislativo busca, a trav\u00e9s de diversas actividades, seguir fortaleciendo las acciones en conmemoraci\u00f3n de los logros y la lucha hist\u00f3rica de las mujeres que han trabajado en busca de la igualdad de derechos y la justicia social; as\u00ed como sensibilizar a la sociedad en general sobre los desaf\u00edos que a\u00fan enfrenta este sector en el estado, en el pa\u00eds y en todo el mundo.<\/p>\n<p style=\"text-align: justify;\">Por ello, a partir del d\u00eda de ma\u00f1ana se da inicio con la conferencia \u201cLa violencia hacia las mujeres: Historias que se entrelazan\u201d, impartida por la maestra Elia del Moral, a las 10: 00 horas en la sala Carlos Rom\u00e1n Celis del Instituto de Estudios Parlamentarios Eduardo Neri (IEPEN).<\/p>\n<p style=\"text-align: justify;\">Para el d\u00eda mi\u00e9rcoles 06 de marzo, se realizar\u00e1 el taller: \u201cReconociendo las huellas de mis ancestras\u201d, dirigida por la psic\u00f3loga Azucena Moncayo Ces\u00e1reo, y el jueves 07 de marzo culminan las actividades con la conferencia \u201cLa violencia en contra de las mujeres en el \u00e1mbito laboral\u201d, a cargo de la maestra Josabeth Barrag\u00e1n Torres, ambas a las 10 de la ma\u00f1ana en la misma sala del IEPEN.<\/p>\n","protected":false},"excerpt":{"rendered":"<p>Chilpancingo, Gro., 04 de marzo de 2024.- El Congreso del Estado de Guerrero, a trav\u00e9s de su Unidad para la Igualdad de G\u00e9nero, hace extensiva la invitaci\u00f3n al personal de la instituci\u00f3n y p\u00fablico en general a participar en las conferencias y talleres que se estar\u00e1n realizando del 05 al 07 de marzo pr\u00f3ximos, en&#8230;<\/p>\n","protected":false},"author":1,"featured_media":9051,"comment_status":"closed","ping_status":"open","sticky":false,"template":"","format":"standard","meta":{"_monsterinsights_skip_tracking":false,"_monsterinsights_sitenote_active":false,"_monsterinsights_sitenote_note":"","_monsterinsights_sitenote_category":0,"footnotes":""},"categories":[3],"tags":[],"class_list":["post-9050","post","type-post","status-publish","format-standard","has-post-thumbnail","hentry","category-boletin"],"aioseo_notices":[],"_links":{"self":[{"href":"https:\/\/congresogro.gob.mx\/63\/inicio\/wp-json\/wp\/v2\/posts\/9050","targetHints":{"allow":["GET"]}}],"collection":[{"href":"https:\/\/congresogro.gob.mx\/63\/inicio\/wp-json\/wp\/v2\/posts"}],"about":[{"href":"https:\/\/congresogro.gob.mx\/63\/inicio\/wp-json\/wp\/v2\/types\/post"}],"author":[{"embeddable":true,"href":"https:\/\/congresogro.gob.mx\/63\/inicio\/wp-json\/wp\/v2\/users\/1"}],"replies":[{"embeddable":true,"href":"https:\/\/congresogro.gob.mx\/63\/inicio\/wp-json\/wp\/v2\/comments?post=9050"}],"version-history":[{"count":3,"href":"https:\/\/congresogro.gob.mx\/63\/inicio\/wp-json\/wp\/v2\/posts\/9050\/revisions"}],"predecessor-version":[{"id":9070,"href":"https:\/\/congresogro.gob.mx\/63\/inicio\/wp-json\/wp\/v2\/posts\/9050\/revisions\/9070"}],"wp:featuredmedia":[{"embeddable":true,"href":"https:\/\/congresogro.gob.mx\/63\/inicio\/wp-json\/wp\/v2\/media\/9051"}],"wp:attachment":[{"href":"https:\/\/congresogro.gob.mx\/63\/inicio\/wp-json\/wp\/v2\/media?parent=9050"}],"wp:term":[{"taxonomy":"category","embeddable":true,"href":"https:\/\/congresogro.gob.mx\/63\/inicio\/wp-json\/wp\/v2\/categories?post=9050"},{"taxonomy":"post_tag","embeddable":true,"href":"https:\/\/congresogro.gob.mx\/63\/inicio\/wp-json\/wp\/v2\/tags?post=9050"}],"curies":[{"name":"wp","href":"https:\/\/api.w.org\/{rel}","templated":true}]}}