{"id":905,"date":"2021-11-04T21:19:54","date_gmt":"2021-11-05T03:19:54","guid":{"rendered":"https:\/\/congresogro.gob.mx\/63\/inicio\/?p=905"},"modified":"2021-11-05T08:58:53","modified_gmt":"2021-11-05T14:58:53","slug":"notifican-al-pleno-del-congreso-la-renuncia-del-fiscal-general-y-sobre-la-recepcion-de-las-leyes-de-ingresos-de-los-81-municipios-para-el-ejercicio-fiscal-2022","status":"publish","type":"post","link":"https:\/\/congresogro.gob.mx\/63\/inicio\/2021\/11\/04\/notifican-al-pleno-del-congreso-la-renuncia-del-fiscal-general-y-sobre-la-recepcion-de-las-leyes-de-ingresos-de-los-81-municipios-para-el-ejercicio-fiscal-2022\/","title":{"rendered":"NOTIFICAN AL PLENO DEL CONGRESO LA RENUNCIA DEL FISCAL GENERAL Y SOBRE LA RECEPCI\u00d3N DE LAS LEYES DE INGRESOS DE LOS 81 MUNICIPIOS PARA EL EJERCICIO FISCAL 2022"},"content":{"rendered":"<p style=\"text-align: justify;\"><strong>Chilpancingo, Gro., 04 de noviembre de 2021.- <\/strong>En la sesi\u00f3n plenaria de este jueves, la Mesa Directiva dio lectura al oficio suscrito por Jorge Zuriel de los Santos Barrila, fiscal general del estado, mediante el cual presenta su renuncia irrevocable al cargo y funciones que desempe\u00f1a, a partir del 15 de noviembre del a\u00f1o en curso.<\/p>\n<p style=\"text-align: justify;\">En el oficio dirigido a la presidenta de la Mesa, diputada Flor A\u00f1orve Ocampo, el funcionario indica que su renuncia es por motivos personales, solicitando su tr\u00e1mite inmediato ante el Pleno para los efectos contemplados en la Constituci\u00f3n Pol\u00edtica del Estado de Guerrero.<\/p>\n<p style=\"text-align: justify;\">El asunto fue turnado a la Junta de Coordinaci\u00f3n Pol\u00edtica para los efectos conducentes.<\/p>\n<p style=\"text-align: justify;\">De la misma forma, se notific\u00f3 al Pleno la recepci\u00f3n de las iniciativas de Ley de Ingresos, Tablas de Valores, Presupuesto de Ingresos y Actas de Cabildo para el Ejercicio Fiscal 2022 de los 80 Ayuntamientos y del Concejo Municipal Comunitario de Ayutla de los Libres, Guerrero.<\/p>\n<p style=\"text-align: justify;\">Los documentos fueron turnados a la Comisi\u00f3n de Hacienda para los efectos dispuestos en la Ley Org\u00e1nica del Poder Legislativo.<\/p>\n<p style=\"text-align: justify;\">\n<p style=\"text-align: justify;\"><strong>Comisiones<\/strong><\/p>\n<p style=\"text-align: justify;\">Este jueves se dio continuidad a la instalaci\u00f3n de comisiones y comit\u00e9s ordinarios del Congreso del Estado, que se abocar\u00e1n al an\u00e1lisis y desahogo de distintos temas turnados por la Mesa Directiva.<\/p>\n<p style=\"text-align: justify;\">En las primeras horas del d\u00eda se realiz\u00f3 la instalaci\u00f3n del nuevo Comit\u00e9 de Televisi\u00f3n del Congreso del Estado, que integran las y los diputados Carlos Cruz L\u00f3pez, presidente; Elzy Camacho Pineda, secretaria, y como vocales H\u00e9ctor Apreza Patr\u00f3n, Ana Lenis Res\u00e9ndiz Javier y Claudia Sierra L\u00f3pez.<\/p>\n<p style=\"text-align: justify;\">Se coincidi\u00f3 en que este medio de car\u00e1cter p\u00fablico viene a contribuir en la construcci\u00f3n de un estado democr\u00e1tico, pluricultural e incluyente, asegurando que su funci\u00f3n estar\u00e1 encaminada a ser fuente certera y objetiva de la actividad parlamentaria, con la responsabilidad social de fortalecer el di\u00e1logo permanente entre el Poder Legislativo y la ciudadan\u00eda.<\/p>\n<p style=\"text-align: justify;\">Las y los legisladores tambi\u00e9n se comprometieron a cuidar que la difusi\u00f3n de las actividades parlamentarias se haga sin distingo partidista, anteponiendo el inter\u00e9s superior de la ciudadan\u00eda.<\/p>\n<p style=\"text-align: justify;\">A la instalaci\u00f3n acudieron diputadas y diputados de los distintos grupos parlamentarios, y como invitados especiales el magistrado del Tribunal Superior de Justicia H\u00e9ctor Flores Piedra; el director de Radio y Televisi\u00f3n de Guerrero, El\u00edas Noriega Garc\u00eda; el director de TV Azteca, Richard Guti\u00e9rrez, entre otros directivos de medios de comunicaci\u00f3n.<\/p>\n<p style=\"text-align: justify;\">Tambi\u00e9n, qued\u00f3 instalado el Comit\u00e9 de Administraci\u00f3n, presidido por el diputado Carlos Reyes Torres; como secretaria la diputada Estrella de la Paz Bernal, y como vocales los diputados Adolfo Torales Catal\u00e1n, Manuel Qui\u00f1\u00f3nez Cort\u00e9s y Andr\u00e9s Guevara C\u00e1rdenas.<\/p>\n<p style=\"text-align: justify;\"><img loading=\"lazy\" decoding=\"async\" class=\"alignnone size-medium wp-image-907\" src=\"https:\/\/congresogro.gob.mx\/63\/inicio\/wp-content\/uploads\/2021\/11\/INSTALACION-COMISIONES-BOL-106-640x640.jpeg\" alt=\"\" width=\"640\" height=\"640\" srcset=\"https:\/\/congresogro.gob.mx\/63\/inicio\/wp-content\/uploads\/2021\/11\/INSTALACION-COMISIONES-BOL-106-640x640.jpeg 640w, https:\/\/congresogro.gob.mx\/63\/inicio\/wp-content\/uploads\/2021\/11\/INSTALACION-COMISIONES-BOL-106-1280x1280.jpeg 1280w, https:\/\/congresogro.gob.mx\/63\/inicio\/wp-content\/uploads\/2021\/11\/INSTALACION-COMISIONES-BOL-106-160x160.jpeg 160w, https:\/\/congresogro.gob.mx\/63\/inicio\/wp-content\/uploads\/2021\/11\/INSTALACION-COMISIONES-BOL-106-768x768.jpeg 768w, https:\/\/congresogro.gob.mx\/63\/inicio\/wp-content\/uploads\/2021\/11\/INSTALACION-COMISIONES-BOL-106-1536x1536.jpeg 1536w, https:\/\/congresogro.gob.mx\/63\/inicio\/wp-content\/uploads\/2021\/11\/INSTALACION-COMISIONES-BOL-106-320x320.jpeg 320w, https:\/\/congresogro.gob.mx\/63\/inicio\/wp-content\/uploads\/2021\/11\/INSTALACION-COMISIONES-BOL-106.jpeg 1600w\" sizes=\"auto, (max-width: 640px) 100vw, 640px\" \/><\/p>\n<p style=\"text-align: justify;\">En el acto, la y los legisladores ofrecieron trabajar coordinadamente y privilegiando el entendimiento, con el objeto de cumplir a cabalidad la funci\u00f3n de vigilar y establecer criterios para el responsable y eficiente ejercicio de los recursos de la instituci\u00f3n, que permita colocarla como ejemplo en el cumplimiento de todos y cada uno de los lineamientos en materia de control gubernamental, y coadyuvando a que el Poder Legislativo cumpla su funci\u00f3n sustantiva de legislar en beneficio de las y los guerrerenses.<\/p>\n<p style=\"text-align: justify;\">Acudieron al acto protocolario diputadas y diputados de los distintos grupos parlamentarios, as\u00ed como funcionarios de las \u00e1reas financiera y contable.<\/p>\n<p style=\"text-align: justify;\">Por \u00faltimo, se instal\u00f3 la Comisi\u00f3n de Cultura, cuyos trabajos ser\u00e1n encabezados por la diputada presidenta Jennyfer Garc\u00eda Lucena; como secretario el diputado Fortunato Hern\u00e1ndez Carbajal, y como vocales la y los diputados Claudia Sierra P\u00e9rez, Jes\u00fas Parra Garc\u00eda y Jacinto Gonz\u00e1lez Varona.<\/p>\n<p style=\"text-align: justify;\">En sus intervenciones, las y los legisladores coincidieron en la importancia de impulsar mejores pol\u00edticas p\u00fablicas en materia de desarrollo cultural, aspecto que obliga a etiquetar en el pr\u00f3ximo Presupuesto de Egresos los recursos econ\u00f3micos suficientes para la gesti\u00f3n de proyectos productivos y capacitaci\u00f3n para los creadores, investigadores, artistas y artesanos.<\/p>\n<p style=\"text-align: justify;\">Asistieron al acto las legisladoras Beatriz Mojica Morga, Mar\u00eda Flores Maldonado y Ang\u00e9lica Espinoza Garc\u00eda; la titular de la Secretar\u00eda de Cultura del Estado de Guerrero, A\u00edda Melina Mart\u00ednez Rebolledo, y representantes de grupos culturales de las distintas regiones de la entidad.<\/p>\n<p style=\"text-align: justify;\">Cabe mencionar que con los comit\u00e9s y comisi\u00f3n mencionados, se hacen un total de 37 instalaciones formales, quedando contempladas para este viernes las instalaciones de la Comisi\u00f3n de Miner\u00eda y de Salud.<\/p>\n","protected":false},"excerpt":{"rendered":"<p>Chilpancingo, Gro., 04 de noviembre de 2021.- En la sesi\u00f3n plenaria de este jueves, la Mesa Directiva dio lectura al oficio suscrito por Jorge Zuriel de los Santos Barrila, fiscal general del estado, mediante el cual presenta su renuncia irrevocable al cargo y funciones que desempe\u00f1a, a partir del 15 de noviembre del a\u00f1o en&#8230;<\/p>\n","protected":false},"author":1,"featured_media":906,"comment_status":"closed","ping_status":"open","sticky":false,"template":"","format":"standard","meta":{"_monsterinsights_skip_tracking":false,"_monsterinsights_sitenote_active":false,"_monsterinsights_sitenote_note":"","_monsterinsights_sitenote_category":0,"footnotes":""},"categories":[3],"tags":[],"class_list":["post-905","post","type-post","status-publish","format-standard","has-post-thumbnail","hentry","category-boletin"],"aioseo_notices":[],"_links":{"self":[{"href":"https:\/\/congresogro.gob.mx\/63\/inicio\/wp-json\/wp\/v2\/posts\/905","targetHints":{"allow":["GET"]}}],"collection":[{"href":"https:\/\/congresogro.gob.mx\/63\/inicio\/wp-json\/wp\/v2\/posts"}],"about":[{"href":"https:\/\/congresogro.gob.mx\/63\/inicio\/wp-json\/wp\/v2\/types\/post"}],"author":[{"embeddable":true,"href":"https:\/\/congresogro.gob.mx\/63\/inicio\/wp-json\/wp\/v2\/users\/1"}],"replies":[{"embeddable":true,"href":"https:\/\/congresogro.gob.mx\/63\/inicio\/wp-json\/wp\/v2\/comments?post=905"}],"version-history":[{"count":2,"href":"https:\/\/congresogro.gob.mx\/63\/inicio\/wp-json\/wp\/v2\/posts\/905\/revisions"}],"predecessor-version":[{"id":910,"href":"https:\/\/congresogro.gob.mx\/63\/inicio\/wp-json\/wp\/v2\/posts\/905\/revisions\/910"}],"wp:featuredmedia":[{"embeddable":true,"href":"https:\/\/congresogro.gob.mx\/63\/inicio\/wp-json\/wp\/v2\/media\/906"}],"wp:attachment":[{"href":"https:\/\/congresogro.gob.mx\/63\/inicio\/wp-json\/wp\/v2\/media?parent=905"}],"wp:term":[{"taxonomy":"category","embeddable":true,"href":"https:\/\/congresogro.gob.mx\/63\/inicio\/wp-json\/wp\/v2\/categories?post=905"},{"taxonomy":"post_tag","embeddable":true,"href":"https:\/\/congresogro.gob.mx\/63\/inicio\/wp-json\/wp\/v2\/tags?post=905"}],"curies":[{"name":"wp","href":"https:\/\/api.w.org\/{rel}","templated":true}]}}