{"id":9036,"date":"2024-02-28T12:39:51","date_gmt":"2024-02-28T18:39:51","guid":{"rendered":"https:\/\/congresogro.gob.mx\/63\/inicio\/?p=9036"},"modified":"2024-04-29T15:00:50","modified_gmt":"2024-04-29T21:00:50","slug":"presentan-en-el-congreso-el-libro-mujeres-haciendo-historia-legislatura-de-la-paridad-en-guerrero-2021-2024","status":"publish","type":"post","link":"https:\/\/congresogro.gob.mx\/63\/inicio\/2024\/02\/28\/presentan-en-el-congreso-el-libro-mujeres-haciendo-historia-legislatura-de-la-paridad-en-guerrero-2021-2024\/","title":{"rendered":"PRESENTAN EN EL CONGRESO EL LIBRO \u201cMUJERES HACIENDO HISTORIA: LEGISLATURA DE LA PARIDAD EN GUERRERO 2021-2024\u201d"},"content":{"rendered":"<p style=\"text-align: justify;\"><strong>Chilpancingo, Gro., 28 de febrero de 2024.-<\/strong>Las diputadas Leticia Mosso Hern\u00e1ndez, Gloria Citlalli Calixto Jim\u00e9nez y Beatriz Mojica Morga, presidentas de la Mesa Directiva, de la Junta de Coordinaci\u00f3n Pol\u00edtica y de la Comisi\u00f3n de los Derechos de las Ni\u00f1as, Ni\u00f1os y Adolescentes del Congreso del Estado, respectivamente, resaltaron que por muchos a\u00f1os las mujeres transitaron un camino dif\u00edcil y lleno de obst\u00e1culos para poder lograr su participaci\u00f3n en los espacios de toma de decisiones, destacando hoy, entre los avances logrados, que por primera vez el Poder Legislativo de Guerrero tiene una legislatura paritaria.<\/p>\n<p style=\"text-align: justify;\">Lo anterior en el marco de la presentaci\u00f3n del libro \u201cMujeres Haciendo Historia: Legislatura de la Paridad en Guerrero 2021- 2024\u201d, de la diputada Beatriz Mojica Morga en coautor\u00eda con las investigadoras Mar\u00eda de los \u00c1ngeles Silvina Manzano A\u00f1orve y Mar\u00eda Albavera Viveros, realizada este mi\u00e9rcoles en las instalaciones del Congreso local.<\/p>\n<p style=\"text-align: justify;\">Dicho documento biogr\u00e1fico plasma la historia, retos y lucha que han enfrentado las 23 diputadas integrantes de la LXIII Legislatura, en su esfuerzo por mejorar el marco jur\u00eddico y garantizar la participaci\u00f3n pol\u00edtica y los derechos de las mujeres guerrerenses en todos los \u00e1mbitos.<\/p>\n<p style=\"text-align: justify;\">Al dar un mensaje, la diputada Leticia Mosso manifest\u00f3 que llegar a la paridad legislativa tiene un sinf\u00edn de historias complejas, arduas, pero muy enriquecedoras que son producto del esfuerzo individual y colectivo, porque se han acompa\u00f1ado de muchas mujeres que comparten la misma lucha para que este sector sea visibilizado y participativo.<\/p>\n<p style=\"text-align: justify;\">Agreg\u00f3 que esta es una legislatura hist\u00f3rica porque, adem\u00e1s de que las mujeres ocupan el 50 por ciento de las 46 curules, han podido acceder a los \u00f3rganos de gobierno m\u00e1s importantes, como son las Presidencias de la Junta de Coordinaci\u00f3n Pol\u00edtica y de la Mesa Directiva.<\/p>\n<p style=\"text-align: justify;\">En ese sentido, celebr\u00f3 la iniciativa de su hom\u00f3loga Beatriz Mojica por hacer un recuento del camino que cada una de las diputadas ha transitado, lo cual es parte de la historia de un Congreso menos desigual y discriminatorio, y que marca un presente y las bases de un futuro m\u00e1s incluyente.<\/p>\n<p style=\"text-align: justify;\">En su intervenci\u00f3n, la diputada Gloria Citlali Calixto indic\u00f3 que la paridad de g\u00e9nero es una conquista fundamental en la lucha por garantizar los derechos pol\u00edtico-electorales de las mujeres.<\/p>\n<p style=\"text-align: justify;\">Enfatiz\u00f3, asimismo, que la lucha por lograr la paridad, por combatir la desigualdad y la discriminaci\u00f3n sistem\u00e1tica, ha sido un arduo desaf\u00edo que las mujeres han tenido que enfrentar por d\u00e9cadas, a efecto de lograr la representaci\u00f3n sustantiva en los diferentes espacios de toma de decisiones, como es el hecho hist\u00f3rico de contar con la primera legislatura paritaria de Guerrero, as\u00ed como la primera mujer gobernadora del estado.<\/p>\n<p style=\"text-align: justify;\">Calixto Jim\u00e9nez expres\u00f3 su firme convicci\u00f3n de que este libro abonar\u00e1 al avance pol\u00edtico de las mujeres, ya que la historia de lucha de otras mujeres siempre impulsa, inspira y empodera a las dem\u00e1s.<\/p>\n<p style=\"text-align: justify;\">\u201cNo me queda m\u00e1s que reiterar mi reconocimiento a todas las mujeres que hicieron posible este libro; y desde luego, invitar a hombres y mujeres a adquirir su ejemplar y sumar a esta lucha por la construcci\u00f3n de un mundo m\u00e1s justo e igualitario para todas y todos\u201d, apunt\u00f3.<\/p>\n<p style=\"text-align: justify;\">En su oportunidad, la diputada Beatriz Mojica manifest\u00f3 que el libro es una referencia de las luchas que se han emprendido a lo largo de los a\u00f1os, muchas de las cuales se reflejan en acciones y avances en materia legislativa para garantizar la igualdad entre hombres y mujeres. Por lo anterior, dijo sentirse orgullosa de pertenecer a la LXIII Legislatura, la primera paritaria del estado de Guerrero.<\/p>\n<p style=\"text-align: justify;\">\u201cPero no es suficiente, falta mucho camino por recorrer, y es por eso que se debe dejar marcada la historia, para que sea la inspiraci\u00f3n de las pr\u00f3ximas generaciones de mujeres, para que sigan luchando en busca de poder desempe\u00f1arse en los diferentes \u00e1mbitos de la sociedad, mientras que nosotras, como legisladoras, tenemos la doble tarea de velar por los intereses del pueblo y los derechos de las mujeres, as\u00ed como garantizarles una vida libre de violencia y discriminaci\u00f3n\u201d, puntualiz\u00f3.<\/p>\n<p style=\"text-align: justify;\">Participaron en el evento las diputadas Diana Bernab\u00e9 Vega, Ang\u00e9lica Espinoza Garc\u00eda, Am\u00e9rica Libertad Beltr\u00e1n Cort\u00e9s, Mar\u00eda Flores Maldonado, Patricia Doroteo Calder\u00f3n, Nora Yanek Vel\u00e1zquez Mart\u00ednez, Jennyfer Garc\u00eda Lucena, Estrella de la Paz Bernal y el diputado Fortunato Hern\u00e1ndez Carbajal, y como comentaristas las profesoras-investigadoras Rosa Icela Ojeda Rivera y Alejandra C\u00e1rdenas Santana.<\/p>\n","protected":false},"excerpt":{"rendered":"<p>Chilpancingo, Gro., 28 de febrero de 2024.-Las diputadas Leticia Mosso Hern\u00e1ndez, Gloria Citlalli Calixto Jim\u00e9nez y Beatriz Mojica Morga, presidentas de la Mesa Directiva, de la Junta de Coordinaci\u00f3n Pol\u00edtica y de la Comisi\u00f3n de los Derechos de las Ni\u00f1as, Ni\u00f1os y Adolescentes del Congreso del Estado, respectivamente, resaltaron que por muchos a\u00f1os las mujeres&#8230;<\/p>\n","protected":false},"author":1,"featured_media":9037,"comment_status":"closed","ping_status":"open","sticky":false,"template":"","format":"standard","meta":{"_monsterinsights_skip_tracking":false,"_monsterinsights_sitenote_active":false,"_monsterinsights_sitenote_note":"","_monsterinsights_sitenote_category":0,"footnotes":""},"categories":[13,3,21,30],"tags":[],"class_list":["post-9036","post","type-post","status-publish","format-standard","has-post-thumbnail","hentry","category-beatriz-mojica-morga","category-boletin","category-gloria-citlali-calixto-jimenez","category-leticia-mosso-hernandez"],"aioseo_notices":[],"_links":{"self":[{"href":"https:\/\/congresogro.gob.mx\/63\/inicio\/wp-json\/wp\/v2\/posts\/9036","targetHints":{"allow":["GET"]}}],"collection":[{"href":"https:\/\/congresogro.gob.mx\/63\/inicio\/wp-json\/wp\/v2\/posts"}],"about":[{"href":"https:\/\/congresogro.gob.mx\/63\/inicio\/wp-json\/wp\/v2\/types\/post"}],"author":[{"embeddable":true,"href":"https:\/\/congresogro.gob.mx\/63\/inicio\/wp-json\/wp\/v2\/users\/1"}],"replies":[{"embeddable":true,"href":"https:\/\/congresogro.gob.mx\/63\/inicio\/wp-json\/wp\/v2\/comments?post=9036"}],"version-history":[{"count":5,"href":"https:\/\/congresogro.gob.mx\/63\/inicio\/wp-json\/wp\/v2\/posts\/9036\/revisions"}],"predecessor-version":[{"id":9042,"href":"https:\/\/congresogro.gob.mx\/63\/inicio\/wp-json\/wp\/v2\/posts\/9036\/revisions\/9042"}],"wp:featuredmedia":[{"embeddable":true,"href":"https:\/\/congresogro.gob.mx\/63\/inicio\/wp-json\/wp\/v2\/media\/9037"}],"wp:attachment":[{"href":"https:\/\/congresogro.gob.mx\/63\/inicio\/wp-json\/wp\/v2\/media?parent=9036"}],"wp:term":[{"taxonomy":"category","embeddable":true,"href":"https:\/\/congresogro.gob.mx\/63\/inicio\/wp-json\/wp\/v2\/categories?post=9036"},{"taxonomy":"post_tag","embeddable":true,"href":"https:\/\/congresogro.gob.mx\/63\/inicio\/wp-json\/wp\/v2\/tags?post=9036"}],"curies":[{"name":"wp","href":"https:\/\/api.w.org\/{rel}","templated":true}]}}