{"id":9034,"date":"2024-03-01T12:28:35","date_gmt":"2024-03-01T18:28:35","guid":{"rendered":"https:\/\/congresogro.gob.mx\/63\/inicio\/?p=9034"},"modified":"2024-04-29T14:59:04","modified_gmt":"2024-04-29T20:59:04","slug":"crea-el-congreso-de-guerrero-su-primer-programa-interno-de-proteccion-civil","status":"publish","type":"post","link":"https:\/\/congresogro.gob.mx\/63\/inicio\/2024\/03\/01\/crea-el-congreso-de-guerrero-su-primer-programa-interno-de-proteccion-civil\/","title":{"rendered":"CREA EL CONGRESO DE GUERRERO SU PRIMER PROGRAMA INTERNO DE PROTECCI\u00d3N CIVIL"},"content":{"rendered":"<p style=\"text-align: justify;\"><strong>Chilpancingo, Gro., 01 de marzo de 2024.-<\/strong> Por primera vez en la historia, el Congreso del Estado de Guerrero cuenta con un Programa Interno de Protecci\u00f3n Civil que coadyuvar\u00e1 a la salvaguarda de la integridad f\u00edsica de las personas que laboran en esta instituci\u00f3n y sus visitantes, ante la eventual ocurrencia de fen\u00f3menos naturales o siniestros.<\/p>\n<p style=\"text-align: justify;\">Dicho programa elaborado por maestros, investigadores y alumnos de la Licenciatura en Ingenier\u00eda en Prevenci\u00f3n de Desastres y Protecci\u00f3n Civil de la Universidad Aut\u00f3noma de Guerrero, Campus Zumpango, y que est\u00e1 avalado por la Secretar\u00eda de Gesti\u00f3n Integral de Riesgos y Protecci\u00f3n Civil del Gobierno del Estado, fue presentado este viernes en las instalaciones del Poder Legislativo, en el marco del D\u00eda Internacional de la Protecci\u00f3n Civil.<\/p>\n<p style=\"text-align: justify;\">En el acto inaugural, la presidenta de la Junta de Coordinaci\u00f3n Pol\u00edtica (Jucopo), diputada Gloria Citlali Calixto Jim\u00e9nez, indic\u00f3 que tal herramienta tiene como objetivo primordial salvaguardar la vida del cuerpo de legisladores, trabajadores y visitantes del Congreso en casos de contingencia.<\/p>\n<p style=\"text-align: justify;\">Abund\u00f3 que los recursos para el efecto se invierten con total transparencia y en lo que se requiera sin escatimar, como lo es la adquisici\u00f3n de insumos b\u00e1sicos, como extintores funcionales, uniformes, meg\u00e1fonos, as\u00ed como modernos sistemas de alertamiento s\u00edsmico y c\u00f3digos de alertamiento para cada uno de los riesgos a los que est\u00e9 expuesto el edificio.<\/p>\n<p style=\"text-align: justify;\">Asimismo, reconoci\u00f3 el trabajo que realiza la Comisi\u00f3n de Protecci\u00f3n Civil del Congreso, que en coordinaci\u00f3n con instituciones gubernamentales y educativas ha hecho posible la creaci\u00f3n de este programa que ser\u00e1 de vital importancia para la salvaguarda de la integridad f\u00edsica de todas las personas que concurren en el recinto legislativo, en casos de sismos, incendios o cualquier cat\u00e1strofe que se pudiera presentar.<\/p>\n<p style=\"text-align: justify;\">En su oportunidad, la diputada Leticia Mosso Hern\u00e1ndez, presidenta de la Mesa Directiva, hizo un reconocimiento a la comisi\u00f3n legislativa y a quienes participaron en la elaboraci\u00f3n del programa en menci\u00f3n, confiando en que este se pueda replicar en todas las instituciones gubernamentales, los ayuntamientos y en los hogares.<\/p>\n<p style=\"text-align: justify;\">Por su parte, la diputada Patricia Doroteo Calder\u00f3n, presidenta de la Comisi\u00f3n de Protecci\u00f3n Civil, calific\u00f3 este d\u00eda como hist\u00f3rico, porque por primera vez el Congreso cuenta con un programa interno que servir\u00e1 para la protecci\u00f3n de trabajadoras y trabajadores, diputadas y diputados, as\u00ed como las decenas de personas que visitan el Congreso para diversos tr\u00e1mites.<\/p>\n<p style=\"text-align: justify;\">Adem\u00e1s, la legisladora agradeci\u00f3 las facilidades otorgadas por parte de la presidenta de la Jucopo, as\u00ed como a la UAGro, para lograr su realizaci\u00f3n e implementaci\u00f3n.<\/p>\n<p style=\"text-align: justify;\">Por \u00faltimo, el director de Protecci\u00f3n Civil de la UAGro, Apolonio Bahena Salgado, refiri\u00f3 que la elaboraci\u00f3n del programa requiri\u00f3 de un trabajo arduo que satisfactoriamente se concret\u00f3 en un instrumento de planeaci\u00f3n que tiene como objetivo salvaguardar la integridad f\u00edsica de las personas del Congreso, instituci\u00f3n a la que reiter\u00f3 su disposici\u00f3n de coadyuvar cuando se requiera.<\/p>\n<p style=\"text-align: justify;\">En el evento participaron tambi\u00e9n los diputados Fortunato Hern\u00e1ndez Carbajal, Marco Tulio S\u00e1nchez Alarc\u00f3n y las diputadas Jennifer Garc\u00eda Lucena y Nora Yanek Vel\u00e1zquez Mart\u00ednez; el secretario de Servicios Financieros y Administrativos, Esli Joanan Navarrete Cisneros; el director del Instituto de Estudios Parlamentarios Eduardo Neri, Celerino Tlacotempa Zapoteco; el encargado de la Seguridad Interna, Constantino Gonz\u00e1lez Vargas; la directora de Capacitaci\u00f3n de la Secretar\u00eda de Gesti\u00f3n Integral de Riesgos y Protecci\u00f3n Civil, Lorena Santos Hern\u00e1ndez; el director de la Licenciatura en Ingenier\u00eda en Prevenci\u00f3n de Desastres y Protecci\u00f3n Civil de la UAGro, Campus Zumpango, Apolonio Bahena Salgado, y la profesora e investigadora de la misma, Roc\u00edo Reyes Suazo, entre otros.<\/p>\n","protected":false},"excerpt":{"rendered":"<p>Chilpancingo, Gro., 01 de marzo de 2024.- Por primera vez en la historia, el Congreso del Estado de Guerrero cuenta con un Programa Interno de Protecci\u00f3n Civil que coadyuvar\u00e1 a la salvaguarda de la integridad f\u00edsica de las personas que laboran en esta instituci\u00f3n y sus visitantes, ante la eventual ocurrencia de fen\u00f3menos naturales o&#8230;<\/p>\n","protected":false},"author":1,"featured_media":9035,"comment_status":"closed","ping_status":"open","sticky":false,"template":"","format":"standard","meta":{"_monsterinsights_skip_tracking":false,"_monsterinsights_sitenote_active":false,"_monsterinsights_sitenote_note":"","_monsterinsights_sitenote_category":0,"footnotes":""},"categories":[3,21,30,43],"tags":[],"class_list":["post-9034","post","type-post","status-publish","format-standard","has-post-thumbnail","hentry","category-boletin","category-gloria-citlali-calixto-jimenez","category-leticia-mosso-hernandez","category-patricia-doroteo-calderon"],"aioseo_notices":[],"_links":{"self":[{"href":"https:\/\/congresogro.gob.mx\/63\/inicio\/wp-json\/wp\/v2\/posts\/9034","targetHints":{"allow":["GET"]}}],"collection":[{"href":"https:\/\/congresogro.gob.mx\/63\/inicio\/wp-json\/wp\/v2\/posts"}],"about":[{"href":"https:\/\/congresogro.gob.mx\/63\/inicio\/wp-json\/wp\/v2\/types\/post"}],"author":[{"embeddable":true,"href":"https:\/\/congresogro.gob.mx\/63\/inicio\/wp-json\/wp\/v2\/users\/1"}],"replies":[{"embeddable":true,"href":"https:\/\/congresogro.gob.mx\/63\/inicio\/wp-json\/wp\/v2\/comments?post=9034"}],"version-history":[{"count":1,"href":"https:\/\/congresogro.gob.mx\/63\/inicio\/wp-json\/wp\/v2\/posts\/9034\/revisions"}],"predecessor-version":[{"id":9049,"href":"https:\/\/congresogro.gob.mx\/63\/inicio\/wp-json\/wp\/v2\/posts\/9034\/revisions\/9049"}],"wp:featuredmedia":[{"embeddable":true,"href":"https:\/\/congresogro.gob.mx\/63\/inicio\/wp-json\/wp\/v2\/media\/9035"}],"wp:attachment":[{"href":"https:\/\/congresogro.gob.mx\/63\/inicio\/wp-json\/wp\/v2\/media?parent=9034"}],"wp:term":[{"taxonomy":"category","embeddable":true,"href":"https:\/\/congresogro.gob.mx\/63\/inicio\/wp-json\/wp\/v2\/categories?post=9034"},{"taxonomy":"post_tag","embeddable":true,"href":"https:\/\/congresogro.gob.mx\/63\/inicio\/wp-json\/wp\/v2\/tags?post=9034"}],"curies":[{"name":"wp","href":"https:\/\/api.w.org\/{rel}","templated":true}]}}