{"id":8898,"date":"2024-02-07T09:19:46","date_gmt":"2024-02-07T15:19:46","guid":{"rendered":"https:\/\/congresogro.gob.mx\/63\/inicio\/?p=8898"},"modified":"2024-02-08T09:21:13","modified_gmt":"2024-02-08T15:21:13","slug":"designa-el-congreso-a-miembros-de-los-nuevos-ayuntamientos-de-las-vigas-y-san-nicolas","status":"publish","type":"post","link":"https:\/\/congresogro.gob.mx\/63\/inicio\/2024\/02\/07\/designa-el-congreso-a-miembros-de-los-nuevos-ayuntamientos-de-las-vigas-y-san-nicolas\/","title":{"rendered":"DESIGNA EL CONGRESO A MIEMBROS DE LOS NUEVOS AYUNTAMIENTOS DE LAS VIGAS Y SAN NICOL\u00c1S"},"content":{"rendered":"<p style=\"text-align: justify;\"><strong>Chilpancingo, Gro., 07 de febrero de 2024.-<\/strong> El Congreso del Estado design\u00f3 este mi\u00e9rcoles a las y los integrantes de los ayuntamientos instituyentes de los municipios de Las Vigas y San Nicol\u00e1s, que fungir\u00e1n del 8 de febrero al 29 de septiembre de 2024.<\/p>\n<p style=\"text-align: justify;\">De acuerdo con los dict\u00e1menes emitidos por la Junta de Coordinaci\u00f3n Pol\u00edtica, para la designaci\u00f3n de las y los miembros de dichos cabildos se tomaron en cuenta los siguientes criterios: que estar\u00edan integrados de manera paritaria por una presidencia, una sindicatura y seis regidur\u00edas, y en la designaci\u00f3n se aplic\u00f3 el principio de alternancia, por lo que la sindicatura corresponder\u00e1 a un g\u00e9nero distinto al de la presidencia, y la primera regidur\u00eda un g\u00e9nero distinto a la sindicatura, continuando as\u00ed con las regidur\u00edas restantes.<\/p>\n<p style=\"text-align: justify;\">Adem\u00e1s, se consider\u00f3 que las personas propuestas reunieran requisitos como: ser ciudadana o ciudadano guerrerense en pleno ejercicio de sus derechos civiles y pol\u00edticos; tener 21 a\u00f1os de edad cumplidos al d\u00eda de la designaci\u00f3n; ser originaria del municipio que corresponda o con una residencia efectiva no menor de cinco a\u00f1os inmediatamente anteriores al d\u00eda de la designaci\u00f3n; no haber fungido como directivos de partidos pol\u00edticos; no haber desempe\u00f1ado cargos de elecci\u00f3n popular, ni ser miembros del comit\u00e9 gestor vigente.<\/p>\n<p style=\"text-align: justify;\">De esta manera, el Ayuntamiento Instituyente de las Vigas qued\u00f3 conformado por Soledad Hermenegildo Arizmendi como presidenta municipal; Antonio Guinto Mart\u00ednez como s\u00edndico procurador, y en las regidur\u00edas Rosario Guinto Blanco, Gilberto M\u00e9ndez V\u00e1zquez, Mar\u00eda Silvia Gallardo Rodr\u00edguez, Renato Cruz Lorenzo, Luz Mar\u00eda Villanueva Mej\u00eda y Ruvicen del Valle Cuevas.<\/p>\n<p style=\"text-align: justify;\">Por otro lado, el Ayuntamiento de San Nicol\u00e1s estar\u00e1 integrado por Tania \u00c1vila Magad\u00e1n como presidenta; Jos\u00e9 Villarreal Silva, s\u00edndico procurador, y como regidores Mar\u00eda Eduarda Noyola Morga, Ciriaco Mesa Garc\u00eda, Leonarda Mar\u00edn Flores, Alejandro Castillo Mar\u00edn, Magdalena Bernal Clemente y Ra\u00fal Cruz Moreno.<\/p>\n<p style=\"text-align: justify;\">\n<p style=\"text-align: justify;\"><strong>Primera sesi\u00f3n<\/strong><\/p>\n<p style=\"text-align: justify;\">En la sesi\u00f3n de la Comisi\u00f3n Permanente de este d\u00eda, la diputada Patricia Doroteo Calder\u00f3n present\u00f3 una iniciativa para reformar y derogar diversas disposiciones de la Ley de Seguridad Social de los Servidores P\u00fablicos del Estado para mejorar el sistema de seguridad social y asegurar un enfoque garantista de los derechos humanos de los servidores p\u00fablicos, as\u00ed como avalar el pago de pensiones actuales y futuras mediante un financiamiento respaldado por aportaciones de entidades p\u00fablicas y afiliados.<\/p>\n<p style=\"text-align: justify;\">Tambi\u00e9n propone que las cuotas sean propiedad de los derechohabientes, protegi\u00e9ndolas de embargos o incautaciones, sin exigir garant\u00edas para pr\u00e9stamos ni cargos adicionales de intereses moratorios o penalizaciones.<\/p>\n<p style=\"text-align: justify;\">Esta iniciativa fue turnada a la Comisi\u00f3n de Desarrollo Econ\u00f3mico y Trabajo.<\/p>\n<p style=\"text-align: justify;\">Asimismo, la diputada Diana Bernab\u00e9 Vega remiti\u00f3 una iniciativa de reforma al C\u00f3digo Penal del Estado para aumentar las penas de 12 y hasta 18 a\u00f1os de prisi\u00f3n a quien o quienes cometan el delito de pornograf\u00eda de personas menores de edad o de personas que no tienen capacidad para comprender el significado del hecho.<\/p>\n<p style=\"text-align: justify;\">Adem\u00e1s, para reformar la Ley Org\u00e1nica del Municipio Libre del Estado de Guerrero, y establecer que las regidoras y los regidores, adem\u00e1s de rendir un informe anual ante el ayuntamiento, tengan la obligaci\u00f3n de hacerlo ante la ciudadan\u00eda.<\/p>\n<p style=\"text-align: justify;\">Por su parte, el diputado Osbaldo R\u00edos Manrique present\u00f3 una iniciativa de adici\u00f3n a la Ley Estatuto de los Trabajadores al Servicio del Estado, de los Municipios y de los Organismos P\u00fablicos Coordinados y Descentralizados del Estado, para que se otorguen permisos de paternidad pagados con una duraci\u00f3n de 10 d\u00edas a trabajadores de base, supernumerarios y de confianza que laboran en los municipios, con el objetivo de lograr una paternidad plena que contribuya a que los ni\u00f1os y ni\u00f1as tengan el mejor comienzo en sus vidas.<\/p>\n<p style=\"text-align: justify;\">La propuesta se turn\u00f3 a la Comisi\u00f3n de Desarrollo Econ\u00f3mico y Trabajo.<\/p>\n","protected":false},"excerpt":{"rendered":"<p>Chilpancingo, Gro., 07 de febrero de 2024.- El Congreso del Estado design\u00f3 este mi\u00e9rcoles a las y los integrantes de los ayuntamientos instituyentes de los municipios de Las Vigas y San Nicol\u00e1s, que fungir\u00e1n del 8 de febrero al 29 de septiembre de 2024. De acuerdo con los dict\u00e1menes emitidos por la Junta de Coordinaci\u00f3n&#8230;<\/p>\n","protected":false},"author":1,"featured_media":8899,"comment_status":"closed","ping_status":"open","sticky":false,"template":"","format":"standard","meta":{"_monsterinsights_skip_tracking":false,"_monsterinsights_sitenote_active":false,"_monsterinsights_sitenote_note":"","_monsterinsights_sitenote_category":0,"footnotes":""},"categories":[3],"tags":[],"class_list":["post-8898","post","type-post","status-publish","format-standard","has-post-thumbnail","hentry","category-boletin"],"aioseo_notices":[],"_links":{"self":[{"href":"https:\/\/congresogro.gob.mx\/63\/inicio\/wp-json\/wp\/v2\/posts\/8898","targetHints":{"allow":["GET"]}}],"collection":[{"href":"https:\/\/congresogro.gob.mx\/63\/inicio\/wp-json\/wp\/v2\/posts"}],"about":[{"href":"https:\/\/congresogro.gob.mx\/63\/inicio\/wp-json\/wp\/v2\/types\/post"}],"author":[{"embeddable":true,"href":"https:\/\/congresogro.gob.mx\/63\/inicio\/wp-json\/wp\/v2\/users\/1"}],"replies":[{"embeddable":true,"href":"https:\/\/congresogro.gob.mx\/63\/inicio\/wp-json\/wp\/v2\/comments?post=8898"}],"version-history":[{"count":1,"href":"https:\/\/congresogro.gob.mx\/63\/inicio\/wp-json\/wp\/v2\/posts\/8898\/revisions"}],"predecessor-version":[{"id":8900,"href":"https:\/\/congresogro.gob.mx\/63\/inicio\/wp-json\/wp\/v2\/posts\/8898\/revisions\/8900"}],"wp:featuredmedia":[{"embeddable":true,"href":"https:\/\/congresogro.gob.mx\/63\/inicio\/wp-json\/wp\/v2\/media\/8899"}],"wp:attachment":[{"href":"https:\/\/congresogro.gob.mx\/63\/inicio\/wp-json\/wp\/v2\/media?parent=8898"}],"wp:term":[{"taxonomy":"category","embeddable":true,"href":"https:\/\/congresogro.gob.mx\/63\/inicio\/wp-json\/wp\/v2\/categories?post=8898"},{"taxonomy":"post_tag","embeddable":true,"href":"https:\/\/congresogro.gob.mx\/63\/inicio\/wp-json\/wp\/v2\/tags?post=8898"}],"curies":[{"name":"wp","href":"https:\/\/api.w.org\/{rel}","templated":true}]}}