{"id":8867,"date":"2024-01-31T19:12:49","date_gmt":"2024-02-01T01:12:49","guid":{"rendered":"https:\/\/congresogro.gob.mx\/63\/inicio\/?p=8867"},"modified":"2024-01-31T19:12:49","modified_gmt":"2024-02-01T01:12:49","slug":"aprueba-el-congreso-la-integracion-de-los-ramos-de-vivienda-y-de-la-diversidad-sexual-en-ayuntamientos","status":"publish","type":"post","link":"https:\/\/congresogro.gob.mx\/63\/inicio\/2024\/01\/31\/aprueba-el-congreso-la-integracion-de-los-ramos-de-vivienda-y-de-la-diversidad-sexual-en-ayuntamientos\/","title":{"rendered":"APRUEBA EL CONGRESO LA INTEGRACI\u00d3N DE LOS RAMOS DE VIVIENDA Y DE LA DIVERSIDAD SEXUAL EN AYUNTAMIENTOS"},"content":{"rendered":"<p style=\"text-align: justify;\"><strong>Chilpancingo, Gro., 31 de enero de 2024.-<\/strong> El Congreso del Estado de Guerrero aprob\u00f3 adiciones a la Ley Org\u00e1nica del Municipio Libre para integrar en las administraciones municipales los ramos de \u201cvivienda\u201d y \u201cde la diversidad sexual\u201d, con el prop\u00f3sito de facilitar la atenci\u00f3n y garantizar los derechos de todos los sectores sociales.<\/p>\n<p style=\"text-align: justify;\">El dictamen que realiz\u00f3 la Comisi\u00f3n de Asuntos Pol\u00edticos y Gobernaci\u00f3n determin\u00f3 elaborar un solo documento de dos iniciativas presentadas separadamente por la diputada Yanelly Hern\u00e1ndez Mart\u00ednez y el diputado (suplente) Fernando Ag\u00fcero Garc\u00eda, por la coincidencia de las mismas.<\/p>\n<p style=\"text-align: justify;\">La comisi\u00f3n legislativa explic\u00f3 que su decisi\u00f3n de dictaminar en sentido positivo se basa en que las adiciones en comento no se contraponen a ning\u00fan ordenamiento legal ni invaden la esfera de competencia del ayuntamiento; por el contrario, es esencial fortalecer sus atribuciones como el \u00f3rgano de gobierno m\u00e1s cercano a la poblaci\u00f3n, a trav\u00e9s de sus regidoras, regidores y dem\u00e1s funcionarios.<\/p>\n<p style=\"text-align: justify;\">Refiere, adem\u00e1s, la importancia de contar con el ramo de \u201cvivienda\u201d, a efecto de que el ayuntamiento sea la primera instancia que garantice a las familias el derecho humano a disfrutar de espacios dignos y decorosos, por lo cual es obligaci\u00f3n del Estado implementar las pol\u00edticas p\u00fablicas y acciones gubernamentales necesarias que garanticen la protecci\u00f3n de este derecho.<\/p>\n<p style=\"text-align: justify;\">En ese sentido, el ayuntamiento deber\u00e1 Integrar el Sistema de Informaci\u00f3n Municipal, que permita conocer la problem\u00e1tica de vivienda en el municipio y las condiciones socioecon\u00f3micas; celebrar convenios para el cumplimiento de acciones a favor de las viviendas con las dependencias de los gobiernos federal, estatal y otros municipios, a fin de coordinar programas de construcci\u00f3n, mejoramiento y ampliaci\u00f3n de viviendas.<\/p>\n<p style=\"text-align: justify;\">Mientras que en el ramo de la \u201cdiversidad sexual\u201d, se remarca el prop\u00f3sito de que los ayuntamientos atiendan en primera instancia las necesidades de la comunidad LGBTTTIQ+, d\u00e1ndole visibilidad al sector y previniendo la violaci\u00f3n de sus derechos, a trav\u00e9s de acciones desde el \u00e1mbito municipal que garanticen la igualdad de condiciones, derechos humanos y sociales.<\/p>\n<p style=\"text-align: justify;\">De la misma forma, el ayuntamiento deber\u00e1 determinar las pol\u00edticas hacia las personas de la diversidad sexual; ejecutar, dar seguimiento y evaluar los programas y acciones que garanticen el principio de no discriminaci\u00f3n; desarrollar los lineamientos, mecanismos e instrumentos para la organizaci\u00f3n y funcionamiento de las instituciones de atenci\u00f3n a las personas de la diversidad sexual, y promover acciones que erradiquen la exclusi\u00f3n y la discriminaci\u00f3n por orientaci\u00f3n sexual o identidad de g\u00e9nero.<\/p>\n","protected":false},"excerpt":{"rendered":"<p>Chilpancingo, Gro., 31 de enero de 2024.- El Congreso del Estado de Guerrero aprob\u00f3 adiciones a la Ley Org\u00e1nica del Municipio Libre para integrar en las administraciones municipales los ramos de \u201cvivienda\u201d y \u201cde la diversidad sexual\u201d, con el prop\u00f3sito de facilitar la atenci\u00f3n y garantizar los derechos de todos los sectores sociales. El dictamen&#8230;<\/p>\n","protected":false},"author":1,"featured_media":8868,"comment_status":"closed","ping_status":"open","sticky":false,"template":"","format":"standard","meta":{"_monsterinsights_skip_tracking":false,"_monsterinsights_sitenote_active":false,"_monsterinsights_sitenote_note":"","_monsterinsights_sitenote_category":0,"footnotes":""},"categories":[3],"tags":[],"class_list":["post-8867","post","type-post","status-publish","format-standard","has-post-thumbnail","hentry","category-boletin"],"aioseo_notices":[],"_links":{"self":[{"href":"https:\/\/congresogro.gob.mx\/63\/inicio\/wp-json\/wp\/v2\/posts\/8867","targetHints":{"allow":["GET"]}}],"collection":[{"href":"https:\/\/congresogro.gob.mx\/63\/inicio\/wp-json\/wp\/v2\/posts"}],"about":[{"href":"https:\/\/congresogro.gob.mx\/63\/inicio\/wp-json\/wp\/v2\/types\/post"}],"author":[{"embeddable":true,"href":"https:\/\/congresogro.gob.mx\/63\/inicio\/wp-json\/wp\/v2\/users\/1"}],"replies":[{"embeddable":true,"href":"https:\/\/congresogro.gob.mx\/63\/inicio\/wp-json\/wp\/v2\/comments?post=8867"}],"version-history":[{"count":1,"href":"https:\/\/congresogro.gob.mx\/63\/inicio\/wp-json\/wp\/v2\/posts\/8867\/revisions"}],"predecessor-version":[{"id":8869,"href":"https:\/\/congresogro.gob.mx\/63\/inicio\/wp-json\/wp\/v2\/posts\/8867\/revisions\/8869"}],"wp:featuredmedia":[{"embeddable":true,"href":"https:\/\/congresogro.gob.mx\/63\/inicio\/wp-json\/wp\/v2\/media\/8868"}],"wp:attachment":[{"href":"https:\/\/congresogro.gob.mx\/63\/inicio\/wp-json\/wp\/v2\/media?parent=8867"}],"wp:term":[{"taxonomy":"category","embeddable":true,"href":"https:\/\/congresogro.gob.mx\/63\/inicio\/wp-json\/wp\/v2\/categories?post=8867"},{"taxonomy":"post_tag","embeddable":true,"href":"https:\/\/congresogro.gob.mx\/63\/inicio\/wp-json\/wp\/v2\/tags?post=8867"}],"curies":[{"name":"wp","href":"https:\/\/api.w.org\/{rel}","templated":true}]}}