{"id":8863,"date":"2024-01-30T19:39:36","date_gmt":"2024-01-31T01:39:36","guid":{"rendered":"https:\/\/congresogro.gob.mx\/63\/inicio\/?p=8863"},"modified":"2024-01-30T19:39:36","modified_gmt":"2024-01-31T01:39:36","slug":"llaman-a-la-unidad-en-la-conmemoracion-del-174-aniversario-del-congreso-constituyente-de-guerrero","status":"publish","type":"post","link":"https:\/\/congresogro.gob.mx\/63\/inicio\/2024\/01\/30\/llaman-a-la-unidad-en-la-conmemoracion-del-174-aniversario-del-congreso-constituyente-de-guerrero\/","title":{"rendered":"LLAMAN A LA UNIDAD EN LA CONMEMORACI\u00d3N DEL 174 ANIVERSARIO DEL CONGRESO CONSTITUYENTE DE GUERRERO"},"content":{"rendered":"<p style=\"text-align: justify;\"><strong>Iguala de la Independencia, Gro., 30 de enero de 2024.- <\/strong>La diputada Leticia Mosso Hern\u00e1ndez, presidenta de la Mesa Directiva del Congreso del Estado, extern\u00f3 que la pluralidad democr\u00e1tica que hoy se vive es reflejo de la diversidad del pueblo de Guerrero, circunstancia que los obliga a buscar los canales adecuados de comunicaci\u00f3n y entendimiento; entre diputadas y diputados, as\u00ed como con los representantes de los dem\u00e1s Poderes del Estado, por el bien de las y los guerrerenses.<\/p>\n<p style=\"text-align: justify;\">En su mensaje a nombre de la LXIII Legislatura durante la sesi\u00f3n p\u00fablica y solemne en conmemoraci\u00f3n del 174 Aniversario de la Instalaci\u00f3n del Congreso Constituyente del Estado de Guerrero, este martes en la ciudad de Iguala, y ante la presencia de la gobernadora Evelyn Salgado Pineda; el presidente del Tribunal Superior de Justicia, Raymundo Casarrubias V\u00e1zquez; el representante del Gobierno Federal, Iv\u00e1n Hern\u00e1ndez D\u00edaz, delegado federal de los Programas para el Bienestar en la entidad, y el presidente municipal David Gama P\u00e9rez, Mosso Hern\u00e1ndez rese\u00f1\u00f3 que, a 174 a\u00f1os, el Poder Legislativo de Guerrero ha pasado de ser un \u00f3rgano integrado por 11 diputados de elecci\u00f3n indirecta, a 46 diputaciones elegidas a trav\u00e9s del voto libre, secreto y directo.<\/p>\n<p style=\"text-align: justify;\">Resalt\u00f3 tambi\u00e9n en que de una legislatura conformada en su totalidad por varones, hoy existe un Congreso paritario, en donde mujeres y hombres participan en igualdad de condiciones y oportunidades en la toma de decisiones.<\/p>\n<p style=\"text-align: justify;\">Subray\u00f3, asimismo, que \u201ceste Congreso heredero del Primer Congreso Constituyente y de los Sentimientos de la Naci\u00f3n, tiene claro el desaf\u00edo que enfrenta Guerrero\u201d, y en ese sentido, extern\u00f3 su confianza en que, en el marco del entendimiento y respeto a las facultades y competencias de cada poder, sabr\u00e1n estar a la altura de las circunstancias que hoy se viven en la entidad.<\/p>\n<p style=\"text-align: justify;\">\u201cLa representaci\u00f3n pol\u00edtica que ostentamos por mandato del pueblo es reflejo de la pluralidad pol\u00edtica de nuestro estado; y nuestras diferencias, una oportunidad para reformar y enriquecer las leyes y reglas a las que todos habremos de ajustarnos, para garantizar una convivencia pac\u00edfica e incluyente\u201d, apunt\u00f3.<\/p>\n<p style=\"text-align: justify;\">En representaci\u00f3n del Gobierno Federal intervino el delegado en Guerrero de los Programas para el Bienestar, Iv\u00e1n Hern\u00e1ndez D\u00edaz, quien reconoci\u00f3 al Congreso del Estado por conmemorar este hecho hist\u00f3rico que marca el inicio de la vida institucional de esta entidad.<\/p>\n<p style=\"text-align: justify;\">Igualmente, destac\u00f3 que 174 a\u00f1os de vida parlamentaria han otorgado a Guerrero instituciones, leyes, reglamentos y un sin n\u00famero de preceptos en los que prevalecen los ideales del general Jos\u00e9 Mar\u00eda Morelos, Vicente Guerrero Salda\u00f1a y otros hombres ilustres de gran trascendencia para el estado y el pa\u00eds.<\/p>\n<p style=\"text-align: justify;\">Por \u00faltimo, se\u00f1al\u00f3 que a escasos meses de concluir la presente legislatura y la administraci\u00f3n del Gobierno de M\u00e9xico, existe la confianza de que trascender\u00e1n en la confianza que les brind\u00f3 el pueblo, motivo por el cual hizo un llamado a seguir trabajando para dar bienestar y paz a Guerrero.<\/p>\n<p style=\"text-align: justify;\">En su oportunidad, la gobernadora Evelyn Salgado Pineda recalc\u00f3 la importancia que representa la ciudad de Iguala, sitio en que se consum\u00f3 la Independencia de M\u00e9xico, se confeccion\u00f3 la Bandera Nacional y, adem\u00e1s, se instal\u00f3 el Primer Congreso Constituyente, dando pie a la consolidaci\u00f3n de los tres poderes y a la posterior publicaci\u00f3n de la primera Constituci\u00f3n Pol\u00edtica del Estado Libre y Soberano de Guerrero.<\/p>\n<p style=\"text-align: justify;\">La mandataria refrend\u00f3, asimismo, el compromiso de su gobierno con los ideales plasmados en el Constituyente, \u201ccon el impulso de quienes formaron ese primer Congreso, as\u00ed como con el legado noble de Jos\u00e9 Mar\u00eda Morelos, la valent\u00eda de Vicente Guerrero y la pasi\u00f3n de los Bravo\u201d.<\/p>\n<p style=\"text-align: justify;\">En ese tenor, Salgado Pineda enfatiz\u00f3 que las causas de esa primera transformaci\u00f3n nacional siguen vigentes en el compromiso de garantizar un Guerrero con justicia social, donde las instituciones caminen en la ruta del bienestar de las familias, y con la garant\u00eda de que sus derechos fundamentales se materialicen en acciones contundentes.<\/p>\n<p style=\"text-align: justify;\">Como parte del acto protocolario, dio lectura al Decreto n\u00famero 21 por el que el Congreso Constituyente declara de solemnidad nacional el d\u00eda 30 de enero de 1850, el diputado Andr\u00e9s Guevara C\u00e1rdenas; mientras que el diputado Esteban Albarr\u00e1n Mendoza dio lectura al Acta Constitutiva del Congreso Constituyente del Estado Libre y Soberano de Guerrero.<\/p>\n<p><img loading=\"lazy\" decoding=\"async\" class=\"alignnone size-medium wp-image-8865\" src=\"https:\/\/congresogro.gob.mx\/63\/inicio\/wp-content\/uploads\/2024\/01\/SESIO\u0301N-IGUALA-BOL-520-3-640x368.jpeg\" alt=\"\" width=\"640\" height=\"368\" srcset=\"https:\/\/congresogro.gob.mx\/63\/inicio\/wp-content\/uploads\/2024\/01\/SESIO\u0301N-IGUALA-BOL-520-3-640x368.jpeg 640w, https:\/\/congresogro.gob.mx\/63\/inicio\/wp-content\/uploads\/2024\/01\/SESIO\u0301N-IGUALA-BOL-520-3-1280x736.jpeg 1280w, https:\/\/congresogro.gob.mx\/63\/inicio\/wp-content\/uploads\/2024\/01\/SESIO\u0301N-IGUALA-BOL-520-3-768x442.jpeg 768w, https:\/\/congresogro.gob.mx\/63\/inicio\/wp-content\/uploads\/2024\/01\/SESIO\u0301N-IGUALA-BOL-520-3-1536x883.jpeg 1536w, https:\/\/congresogro.gob.mx\/63\/inicio\/wp-content\/uploads\/2024\/01\/SESIO\u0301N-IGUALA-BOL-520-3-320x184.jpeg 320w, https:\/\/congresogro.gob.mx\/63\/inicio\/wp-content\/uploads\/2024\/01\/SESIO\u0301N-IGUALA-BOL-520-3.jpeg 1600w\" sizes=\"auto, (max-width: 640px) 100vw, 640px\" \/><\/p>\n","protected":false},"excerpt":{"rendered":"<p>Iguala de la Independencia, Gro., 30 de enero de 2024.- La diputada Leticia Mosso Hern\u00e1ndez, presidenta de la Mesa Directiva del Congreso del Estado, extern\u00f3 que la pluralidad democr\u00e1tica que hoy se vive es reflejo de la diversidad del pueblo de Guerrero, circunstancia que los obliga a buscar los canales adecuados de comunicaci\u00f3n y entendimiento;&#8230;<\/p>\n","protected":false},"author":1,"featured_media":8864,"comment_status":"closed","ping_status":"open","sticky":false,"template":"","format":"standard","meta":{"_monsterinsights_skip_tracking":false,"_monsterinsights_sitenote_active":false,"_monsterinsights_sitenote_note":"","_monsterinsights_sitenote_category":0,"footnotes":""},"categories":[3],"tags":[],"class_list":["post-8863","post","type-post","status-publish","format-standard","has-post-thumbnail","hentry","category-boletin"],"aioseo_notices":[],"_links":{"self":[{"href":"https:\/\/congresogro.gob.mx\/63\/inicio\/wp-json\/wp\/v2\/posts\/8863","targetHints":{"allow":["GET"]}}],"collection":[{"href":"https:\/\/congresogro.gob.mx\/63\/inicio\/wp-json\/wp\/v2\/posts"}],"about":[{"href":"https:\/\/congresogro.gob.mx\/63\/inicio\/wp-json\/wp\/v2\/types\/post"}],"author":[{"embeddable":true,"href":"https:\/\/congresogro.gob.mx\/63\/inicio\/wp-json\/wp\/v2\/users\/1"}],"replies":[{"embeddable":true,"href":"https:\/\/congresogro.gob.mx\/63\/inicio\/wp-json\/wp\/v2\/comments?post=8863"}],"version-history":[{"count":1,"href":"https:\/\/congresogro.gob.mx\/63\/inicio\/wp-json\/wp\/v2\/posts\/8863\/revisions"}],"predecessor-version":[{"id":8866,"href":"https:\/\/congresogro.gob.mx\/63\/inicio\/wp-json\/wp\/v2\/posts\/8863\/revisions\/8866"}],"wp:featuredmedia":[{"embeddable":true,"href":"https:\/\/congresogro.gob.mx\/63\/inicio\/wp-json\/wp\/v2\/media\/8864"}],"wp:attachment":[{"href":"https:\/\/congresogro.gob.mx\/63\/inicio\/wp-json\/wp\/v2\/media?parent=8863"}],"wp:term":[{"taxonomy":"category","embeddable":true,"href":"https:\/\/congresogro.gob.mx\/63\/inicio\/wp-json\/wp\/v2\/categories?post=8863"},{"taxonomy":"post_tag","embeddable":true,"href":"https:\/\/congresogro.gob.mx\/63\/inicio\/wp-json\/wp\/v2\/tags?post=8863"}],"curies":[{"name":"wp","href":"https:\/\/api.w.org\/{rel}","templated":true}]}}