{"id":8854,"date":"2024-01-28T08:56:13","date_gmt":"2024-01-28T14:56:13","guid":{"rendered":"https:\/\/congresogro.gob.mx\/63\/inicio\/?p=8854"},"modified":"2024-01-29T08:57:47","modified_gmt":"2024-01-29T14:57:47","slug":"refrenda-diputada-citlali-calixto-el-compromiso-del-congreso-para-consolidar-la-paridad-de-genero","status":"publish","type":"post","link":"https:\/\/congresogro.gob.mx\/63\/inicio\/2024\/01\/28\/refrenda-diputada-citlali-calixto-el-compromiso-del-congreso-para-consolidar-la-paridad-de-genero\/","title":{"rendered":"REFRENDA DIPUTADA CITLALI CALIXTO EL COMPROMISO  DEL CONGRESO PARA CONSOLIDAR LA PARIDAD DE G\u00c9NERO"},"content":{"rendered":"<p style=\"text-align: justify;\"><strong>Chilpancingo, Gro., 28 de enero de 2024.-<\/strong> La diputada Gloria Citlali Calixto Jim\u00e9nez, presidenta de la Junta de Coordinaci\u00f3n Pol\u00edtica, inaugur\u00f3 este s\u00e1bado el seminario \u00abEn paridad: Escuela de formaci\u00f3n pol\u00edtica de las mujeres en toda su diversidad\u00bb, enmarcado en el Programa Nacional de Impulso a la Participaci\u00f3n Pol\u00edtica de las Mujeres 2023 que desarrolla la asociaci\u00f3n civil Transformaci\u00f3n Colectiva con Equidad.<\/p>\n<p style=\"text-align: justify;\">En su mensaje de bienvenida a las y los participantes, la legisladora recalc\u00f3 el compromiso de la LXIII Legislatura con la lucha para consolidar la paridad de g\u00e9nero y la erradicaci\u00f3n de la violencia de todo tipo contra las mujeres.<\/p>\n<p style=\"text-align: justify;\">En ese sentido, consider\u00f3 importante reconocer los esfuerzos emprendidos por las mujeres organizadas, gracias a lo cual se han logrado mayores espacios de toma de decisi\u00f3n, generando motivaci\u00f3n entre las mismas para lograr un piso parejo y condiciones igualitarias.<\/p>\n<p style=\"text-align: justify;\">En su oportunidad, la diputada Diana Bernab\u00e9 Vega resalt\u00f3 la importancia de continuar la preparaci\u00f3n de las mujeres organizadas, para que estas tiendan la mano a las m\u00e1s desfavorecidas.<\/p>\n<p style=\"text-align: justify;\">Y es que, dijo, \u201ca\u00fan hay mujeres que consideran que no tienen derechos, hecho que contribuye a que sigan siendo violentadas\u201d.<\/p>\n<p style=\"text-align: justify;\">Estuvo presente tambi\u00e9n la presidenta de Transformaci\u00f3n Colectiva con Equidad, A.C., y coordinadora del proyecto, Alma Rosa Aguirre Reyes, quien agradeci\u00f3 a la diputada su apoyo para la organizaci\u00f3n del evento y su disposici\u00f3n de participar en el mismo.<\/p>\n<p style=\"text-align: justify;\">Asimismo, asistieron Arbelia Arteaga Arteaga, en representaci\u00f3n de la secretaria de la Mujer del Gobierno del Estado; Cuauht\u00e9moc Casta\u00f1eda, en representaci\u00f3n de la Comisi\u00f3n de Derechos Humanos del Estado, y Celerino Tlacotempa Zapoteco, encargado del Instituto de Estudios Parlamentarios Eduardo Neri del Congreso, espacio en que todos los s\u00e1bados se desarrollar\u00e1 esta capacitaci\u00f3n, hasta el 9 de marzo de este a\u00f1o.<\/p>\n<p><img loading=\"lazy\" decoding=\"async\" class=\"alignnone size-medium wp-image-8856\" src=\"https:\/\/congresogro.gob.mx\/63\/inicio\/wp-content\/uploads\/2024\/01\/DIP-CITLALI-BOL-518-2-640x427.jpeg\" alt=\"\" width=\"640\" height=\"427\" srcset=\"https:\/\/congresogro.gob.mx\/63\/inicio\/wp-content\/uploads\/2024\/01\/DIP-CITLALI-BOL-518-2-640x427.jpeg 640w, https:\/\/congresogro.gob.mx\/63\/inicio\/wp-content\/uploads\/2024\/01\/DIP-CITLALI-BOL-518-2-1280x853.jpeg 1280w, https:\/\/congresogro.gob.mx\/63\/inicio\/wp-content\/uploads\/2024\/01\/DIP-CITLALI-BOL-518-2-768x512.jpeg 768w, https:\/\/congresogro.gob.mx\/63\/inicio\/wp-content\/uploads\/2024\/01\/DIP-CITLALI-BOL-518-2-1536x1024.jpeg 1536w, https:\/\/congresogro.gob.mx\/63\/inicio\/wp-content\/uploads\/2024\/01\/DIP-CITLALI-BOL-518-2-320x213.jpeg 320w, https:\/\/congresogro.gob.mx\/63\/inicio\/wp-content\/uploads\/2024\/01\/DIP-CITLALI-BOL-518-2.jpeg 1599w\" sizes=\"auto, (max-width: 640px) 100vw, 640px\" \/><\/p>\n","protected":false},"excerpt":{"rendered":"<p>Chilpancingo, Gro., 28 de enero de 2024.- La diputada Gloria Citlali Calixto Jim\u00e9nez, presidenta de la Junta de Coordinaci\u00f3n Pol\u00edtica, inaugur\u00f3 este s\u00e1bado el seminario \u00abEn paridad: Escuela de formaci\u00f3n pol\u00edtica de las mujeres en toda su diversidad\u00bb, enmarcado en el Programa Nacional de Impulso a la Participaci\u00f3n Pol\u00edtica de las Mujeres 2023 que desarrolla&#8230;<\/p>\n","protected":false},"author":1,"featured_media":8855,"comment_status":"closed","ping_status":"open","sticky":false,"template":"","format":"standard","meta":{"_monsterinsights_skip_tracking":false,"_monsterinsights_sitenote_active":false,"_monsterinsights_sitenote_note":"","_monsterinsights_sitenote_category":0,"footnotes":""},"categories":[3,21],"tags":[],"class_list":["post-8854","post","type-post","status-publish","format-standard","has-post-thumbnail","hentry","category-boletin","category-gloria-citlali-calixto-jimenez"],"aioseo_notices":[],"_links":{"self":[{"href":"https:\/\/congresogro.gob.mx\/63\/inicio\/wp-json\/wp\/v2\/posts\/8854","targetHints":{"allow":["GET"]}}],"collection":[{"href":"https:\/\/congresogro.gob.mx\/63\/inicio\/wp-json\/wp\/v2\/posts"}],"about":[{"href":"https:\/\/congresogro.gob.mx\/63\/inicio\/wp-json\/wp\/v2\/types\/post"}],"author":[{"embeddable":true,"href":"https:\/\/congresogro.gob.mx\/63\/inicio\/wp-json\/wp\/v2\/users\/1"}],"replies":[{"embeddable":true,"href":"https:\/\/congresogro.gob.mx\/63\/inicio\/wp-json\/wp\/v2\/comments?post=8854"}],"version-history":[{"count":1,"href":"https:\/\/congresogro.gob.mx\/63\/inicio\/wp-json\/wp\/v2\/posts\/8854\/revisions"}],"predecessor-version":[{"id":8857,"href":"https:\/\/congresogro.gob.mx\/63\/inicio\/wp-json\/wp\/v2\/posts\/8854\/revisions\/8857"}],"wp:featuredmedia":[{"embeddable":true,"href":"https:\/\/congresogro.gob.mx\/63\/inicio\/wp-json\/wp\/v2\/media\/8855"}],"wp:attachment":[{"href":"https:\/\/congresogro.gob.mx\/63\/inicio\/wp-json\/wp\/v2\/media?parent=8854"}],"wp:term":[{"taxonomy":"category","embeddable":true,"href":"https:\/\/congresogro.gob.mx\/63\/inicio\/wp-json\/wp\/v2\/categories?post=8854"},{"taxonomy":"post_tag","embeddable":true,"href":"https:\/\/congresogro.gob.mx\/63\/inicio\/wp-json\/wp\/v2\/tags?post=8854"}],"curies":[{"name":"wp","href":"https:\/\/api.w.org\/{rel}","templated":true}]}}