{"id":8851,"date":"2024-01-26T20:24:09","date_gmt":"2024-01-27T02:24:09","guid":{"rendered":"https:\/\/congresogro.gob.mx\/63\/inicio\/?p=8851"},"modified":"2024-01-26T20:24:37","modified_gmt":"2024-01-27T02:24:37","slug":"actualiza-el-congreso-los-nombres-de-distintas-dependencias-en-la-ley-organica-del-municipio-libre","status":"publish","type":"post","link":"https:\/\/congresogro.gob.mx\/63\/inicio\/2024\/01\/26\/actualiza-el-congreso-los-nombres-de-distintas-dependencias-en-la-ley-organica-del-municipio-libre\/","title":{"rendered":"ACTUALIZA EL CONGRESO LOS NOMBRES DE DISTINTAS DEPENDENCIAS EN LA LEY ORG\u00c1NICA DEL MUNICIPIO LIBRE"},"content":{"rendered":"<p style=\"text-align: justify;\"><strong>Chilpancingo, Gro., 26 de enero de 2024.-<\/strong> Para contar con una Ley Org\u00e1nica del Municipio Libre del Estado de Guerrero debidamente actualizada y que establezca correctamente los nombres de los \u00f3rganos de la administraci\u00f3n p\u00fablica que han sufrido cambios de denominaci\u00f3n, el Congreso del Estado aprob\u00f3 diversas reformas a dicho ordenamiento jur\u00eddico.<\/p>\n<p style=\"text-align: justify;\">Entre esas modificaciones est\u00e1n los cambios de denominaci\u00f3n de la Auditor\u00eda General del Estado por el de Auditor\u00eda Superior del Estado; de la Contralor\u00eda General del Estado por la de Secretar\u00eda de la Contralor\u00eda y Transparencia Gubernamental; de la Procuradur\u00eda General de Justicia por el de Fiscal\u00eda General del Estado, y de la Secretar\u00eda de Desarrollo y Bienestar Social por la de Secretar\u00eda de Bienestar.<\/p>\n<p style=\"text-align: justify;\">De acuerdo con el dictamen emitido por la Comisi\u00f3n de Asuntos Pol\u00edticos y Gobernaci\u00f3n, derivado de iniciativas presentadas por la diputada Julieta Fern\u00e1ndez M\u00e1rquez y el diputado Osbaldo R\u00edos Manrique, es oportuno realizar las adecuaciones de t\u00e9cnica legislativa pertinentes para que la disposici\u00f3n legal sea uniforme, arm\u00f3nica, accesible y entendible.<\/p>\n<p style=\"text-align: justify;\">Refiere, asimismo, que el a\u00f1o pasado se reform\u00f3 la Constituci\u00f3n Pol\u00edtica del Estado de Guerrero para adicionar a los nuevos municipios de Santa Cruz del Rinc\u00f3n, San Nicol\u00e1s, \u00d1uu Savi y Las Vigas al art\u00edculo 27, en el lugar que conforme al orden alfab\u00e9tico les corresponde.<\/p>\n<p style=\"text-align: justify;\">Por ello era necesario que las diputadas y diputados integrantes de la LXIII Legislatura reformaran la Ley Org\u00e1nica del Municipio Libre para agregarlos, y que dichos municipios rijan su administraci\u00f3n, organizaci\u00f3n, funcionamiento, y establezcan sus bases normativas, los bandos, reglamentos y ordenanzas, dotados de personalidad jur\u00eddica y patrimonio propio, para beneficio de la comunidad.<\/p>\n","protected":false},"excerpt":{"rendered":"<p>Chilpancingo, Gro., 26 de enero de 2024.- Para contar con una Ley Org\u00e1nica del Municipio Libre del Estado de Guerrero debidamente actualizada y que establezca correctamente los nombres de los \u00f3rganos de la administraci\u00f3n p\u00fablica que han sufrido cambios de denominaci\u00f3n, el Congreso del Estado aprob\u00f3 diversas reformas a dicho ordenamiento jur\u00eddico. Entre esas modificaciones&#8230;<\/p>\n","protected":false},"author":1,"featured_media":8852,"comment_status":"closed","ping_status":"open","sticky":false,"template":"","format":"standard","meta":{"_monsterinsights_skip_tracking":false,"_monsterinsights_sitenote_active":false,"_monsterinsights_sitenote_note":"","_monsterinsights_sitenote_category":0,"footnotes":""},"categories":[3],"tags":[],"class_list":["post-8851","post","type-post","status-publish","format-standard","has-post-thumbnail","hentry","category-boletin"],"aioseo_notices":[],"_links":{"self":[{"href":"https:\/\/congresogro.gob.mx\/63\/inicio\/wp-json\/wp\/v2\/posts\/8851","targetHints":{"allow":["GET"]}}],"collection":[{"href":"https:\/\/congresogro.gob.mx\/63\/inicio\/wp-json\/wp\/v2\/posts"}],"about":[{"href":"https:\/\/congresogro.gob.mx\/63\/inicio\/wp-json\/wp\/v2\/types\/post"}],"author":[{"embeddable":true,"href":"https:\/\/congresogro.gob.mx\/63\/inicio\/wp-json\/wp\/v2\/users\/1"}],"replies":[{"embeddable":true,"href":"https:\/\/congresogro.gob.mx\/63\/inicio\/wp-json\/wp\/v2\/comments?post=8851"}],"version-history":[{"count":1,"href":"https:\/\/congresogro.gob.mx\/63\/inicio\/wp-json\/wp\/v2\/posts\/8851\/revisions"}],"predecessor-version":[{"id":8853,"href":"https:\/\/congresogro.gob.mx\/63\/inicio\/wp-json\/wp\/v2\/posts\/8851\/revisions\/8853"}],"wp:featuredmedia":[{"embeddable":true,"href":"https:\/\/congresogro.gob.mx\/63\/inicio\/wp-json\/wp\/v2\/media\/8852"}],"wp:attachment":[{"href":"https:\/\/congresogro.gob.mx\/63\/inicio\/wp-json\/wp\/v2\/media?parent=8851"}],"wp:term":[{"taxonomy":"category","embeddable":true,"href":"https:\/\/congresogro.gob.mx\/63\/inicio\/wp-json\/wp\/v2\/categories?post=8851"},{"taxonomy":"post_tag","embeddable":true,"href":"https:\/\/congresogro.gob.mx\/63\/inicio\/wp-json\/wp\/v2\/tags?post=8851"}],"curies":[{"name":"wp","href":"https:\/\/api.w.org\/{rel}","templated":true}]}}