{"id":8833,"date":"2024-01-21T09:25:25","date_gmt":"2024-01-21T15:25:25","guid":{"rendered":"https:\/\/congresogro.gob.mx\/63\/inicio\/?p=8833"},"modified":"2024-01-22T09:26:34","modified_gmt":"2024-01-22T15:26:34","slug":"plantean-que-obligatoriamente-los-ayuntamientos-midan-las-emisiones-de-ruido-y-apliquen-sanciones","status":"publish","type":"post","link":"https:\/\/congresogro.gob.mx\/63\/inicio\/2024\/01\/21\/plantean-que-obligatoriamente-los-ayuntamientos-midan-las-emisiones-de-ruido-y-apliquen-sanciones\/","title":{"rendered":"PLANTEAN QUE OBLIGATORIAMENTE LOS AYUNTAMIENTOS  MIDAN LAS EMISIONES DE RUIDO Y APLIQUEN SANCIONES"},"content":{"rendered":"<p style=\"text-align: justify;\"><strong>Chilpancingo, Gro., 21 de enero de 2024.-<\/strong> La diputada Nora Vel\u00e1zquez Mart\u00ednez present\u00f3 una iniciativa de adici\u00f3n a la Ley del Equilibrio Ecol\u00f3gico y la Protecci\u00f3n al Ambiente del Estado de Guerrero para que se apliquen sanciones y establezca la obligatoriedad de los ayuntamientos de realizar, a trav\u00e9s de sus \u00e1reas competentes, las mediciones de emisi\u00f3n de ruido en zonas urbanas con dispositivos tales como campanas, timbres, sirenas, perifoneo, bocinas, entre otros.<\/p>\n<p style=\"text-align: justify;\">La propuesta resalta que en la reglamentaci\u00f3n de esta ley quedan exceptuados los veh\u00edculos de bomberos, protecci\u00f3n civil, polic\u00eda, as\u00ed como las ambulancias cuando realicen servicios de urgencia.<\/p>\n<p style=\"text-align: justify;\">Al explicar el sentido de la iniciativa, la legisladora detall\u00f3 que la contaminaci\u00f3n ac\u00fastica es un fen\u00f3meno que constituye un problema ambiental y social que va en aumento, sobre todo en las ciudades con alto nivel de industrializaci\u00f3n o densamente pobladas, hecho que ocasiona uno de los contaminantes m\u00e1s agresivos que afecta la calidad de vida y causa serias complicaciones en la salud de las personas.<\/p>\n<p style=\"text-align: justify;\">Abund\u00f3 en que la disminuci\u00f3n de la capacidad auditiva o sordera propicia desequilibrios psicol\u00f3gicos, como paranoia, irritabilidad, estr\u00e9s, mal humor, alteraciones en el rendimiento intelectual, dificulta las relaciones sociales, disminuye el rendimiento acad\u00e9mico y laboral, limita las oportunidades de trabajo, provoca sentimiento de aislamiento, soledad y depresi\u00f3n.<\/p>\n<p style=\"text-align: justify;\">Refiri\u00f3, asimismo, que en Guerrero existe la Ley del Equilibrio Ecol\u00f3gico y Protecci\u00f3n al Ambiente, que faculta a la Secretar\u00eda del Medio Ambiente y Recursos Naturales, la cual tiene por objeto, con base en sus atribuciones jur\u00eddicas, garantizar la satisfacci\u00f3n del derecho constitucional de toda persona a vivir en un medio ambiente adecuado para su desarrollo, salud y bienestar, as\u00ed como asegurar la preservaci\u00f3n, restauraci\u00f3n y el mejoramiento del medio ambiente y los recursos naturales.<\/p>\n<p style=\"text-align: justify;\">Sin embargo, precis\u00f3 Vel\u00e1zquez Mart\u00ednez, es importante establecer la obligatoriedad de que los ayuntamientos realicen, a trav\u00e9s de sus \u00e1reas competentes, las mediciones de la emisi\u00f3n de ruidos, y en caso de que rebasen los l\u00edmites permitidos por las normas oficiales mexicanas, realizar las sanciones pertinentes, con el fin de salvaguardar la salud auditiva de la ciudadan\u00eda.<\/p>\n<p style=\"text-align: justify;\">Esta iniciativa de adici\u00f3n a la Ley del Equilibrio Ecol\u00f3gico y la Protecci\u00f3n al Ambiente del Estado fue turnada a la Comisi\u00f3n de Recursos Naturales, Desarrollo Sustentable y Cambio Clim\u00e1tico, para su respectivo an\u00e1lisis y dictaminaci\u00f3n.<\/p>\n","protected":false},"excerpt":{"rendered":"<p>Chilpancingo, Gro., 21 de enero de 2024.- La diputada Nora Vel\u00e1zquez Mart\u00ednez present\u00f3 una iniciativa de adici\u00f3n a la Ley del Equilibrio Ecol\u00f3gico y la Protecci\u00f3n al Ambiente del Estado de Guerrero para que se apliquen sanciones y establezca la obligatoriedad de los ayuntamientos de realizar, a trav\u00e9s de sus \u00e1reas competentes, las mediciones de&#8230;<\/p>\n","protected":false},"author":1,"featured_media":8834,"comment_status":"closed","ping_status":"open","sticky":false,"template":"","format":"standard","meta":{"_monsterinsights_skip_tracking":false,"_monsterinsights_sitenote_active":false,"_monsterinsights_sitenote_note":"","_monsterinsights_sitenote_category":0,"footnotes":""},"categories":[3],"tags":[],"class_list":["post-8833","post","type-post","status-publish","format-standard","has-post-thumbnail","hentry","category-boletin"],"aioseo_notices":[],"_links":{"self":[{"href":"https:\/\/congresogro.gob.mx\/63\/inicio\/wp-json\/wp\/v2\/posts\/8833","targetHints":{"allow":["GET"]}}],"collection":[{"href":"https:\/\/congresogro.gob.mx\/63\/inicio\/wp-json\/wp\/v2\/posts"}],"about":[{"href":"https:\/\/congresogro.gob.mx\/63\/inicio\/wp-json\/wp\/v2\/types\/post"}],"author":[{"embeddable":true,"href":"https:\/\/congresogro.gob.mx\/63\/inicio\/wp-json\/wp\/v2\/users\/1"}],"replies":[{"embeddable":true,"href":"https:\/\/congresogro.gob.mx\/63\/inicio\/wp-json\/wp\/v2\/comments?post=8833"}],"version-history":[{"count":1,"href":"https:\/\/congresogro.gob.mx\/63\/inicio\/wp-json\/wp\/v2\/posts\/8833\/revisions"}],"predecessor-version":[{"id":8835,"href":"https:\/\/congresogro.gob.mx\/63\/inicio\/wp-json\/wp\/v2\/posts\/8833\/revisions\/8835"}],"wp:featuredmedia":[{"embeddable":true,"href":"https:\/\/congresogro.gob.mx\/63\/inicio\/wp-json\/wp\/v2\/media\/8834"}],"wp:attachment":[{"href":"https:\/\/congresogro.gob.mx\/63\/inicio\/wp-json\/wp\/v2\/media?parent=8833"}],"wp:term":[{"taxonomy":"category","embeddable":true,"href":"https:\/\/congresogro.gob.mx\/63\/inicio\/wp-json\/wp\/v2\/categories?post=8833"},{"taxonomy":"post_tag","embeddable":true,"href":"https:\/\/congresogro.gob.mx\/63\/inicio\/wp-json\/wp\/v2\/tags?post=8833"}],"curies":[{"name":"wp","href":"https:\/\/api.w.org\/{rel}","templated":true}]}}