{"id":8828,"date":"2024-01-19T20:17:43","date_gmt":"2024-01-20T02:17:43","guid":{"rendered":"https:\/\/congresogro.gob.mx\/63\/inicio\/?p=8828"},"modified":"2024-01-19T20:18:49","modified_gmt":"2024-01-20T02:18:49","slug":"llama-la-diputada-gloria-citlali-calixto-a-continuar-por-la-ruta-de-la-etica-y-la-legalidad-para-enfrentar-los-desafios-de-guerrero","status":"publish","type":"post","link":"https:\/\/congresogro.gob.mx\/63\/inicio\/2024\/01\/19\/llama-la-diputada-gloria-citlali-calixto-a-continuar-por-la-ruta-de-la-etica-y-la-legalidad-para-enfrentar-los-desafios-de-guerrero\/","title":{"rendered":"LLAMA LA DIPUTADA GLORIA CITLALI CALIXTO A CONTINUAR POR LA RUTA DE LA \u00c9TICA Y LA LEGALIDAD, PARA ENFRENTAR LOS DESAF\u00cdOS DE GUERRERO"},"content":{"rendered":"<p style=\"text-align: justify;\"><strong>Acapulco, Gro., 19 de enero de 2024.-<\/strong> La diputada Gloria Citlali Calixto Jim\u00e9nez, presidenta de la Junta de Coordinaci\u00f3n Pol\u00edtica del Congreso del Estado, exhort\u00f3 a los distintos \u00f3rdenes de gobierno, sector empresarial y sociedad civil organizada, a continuar transitando por la ruta de la legalidad y de la \u00e9tica profesional, en aras de enfrentar de forma eficaz y contundente los grandes retos que en materia econ\u00f3mica y social enfrenta la entidad.<\/p>\n<p><img loading=\"lazy\" decoding=\"async\" class=\"alignnone size-medium wp-image-8831\" src=\"https:\/\/congresogro.gob.mx\/63\/inicio\/wp-content\/uploads\/2024\/01\/WhatsApp-Image-2024-01-19-at-7.33.54-PM-1-640x426.jpeg\" alt=\"\" width=\"640\" height=\"426\" srcset=\"https:\/\/congresogro.gob.mx\/63\/inicio\/wp-content\/uploads\/2024\/01\/WhatsApp-Image-2024-01-19-at-7.33.54-PM-1-640x426.jpeg 640w, https:\/\/congresogro.gob.mx\/63\/inicio\/wp-content\/uploads\/2024\/01\/WhatsApp-Image-2024-01-19-at-7.33.54-PM-1-1280x853.jpeg 1280w, https:\/\/congresogro.gob.mx\/63\/inicio\/wp-content\/uploads\/2024\/01\/WhatsApp-Image-2024-01-19-at-7.33.54-PM-1-768x512.jpeg 768w, https:\/\/congresogro.gob.mx\/63\/inicio\/wp-content\/uploads\/2024\/01\/WhatsApp-Image-2024-01-19-at-7.33.54-PM-1-1536x1023.jpeg 1536w, https:\/\/congresogro.gob.mx\/63\/inicio\/wp-content\/uploads\/2024\/01\/WhatsApp-Image-2024-01-19-at-7.33.54-PM-1-320x213.jpeg 320w, https:\/\/congresogro.gob.mx\/63\/inicio\/wp-content\/uploads\/2024\/01\/WhatsApp-Image-2024-01-19-at-7.33.54-PM-1.jpeg 1600w\" sizes=\"auto, (max-width: 640px) 100vw, 640px\" \/><\/p>\n<p style=\"text-align: justify;\">Al participar en el evento de Toma de Protesta del Consejo Directivo del Colegio de Contadores P\u00fablicos del Estado de Guerrero, la legisladora fue enf\u00e1tica al se\u00f1alar lo significativo que resulta que la sociedad civil emita esfuerzos para trabajar de forma institucional y coordinada con los distintos \u00f3rdenes de gobierno y en los distintos \u00e1mbitos de la cotidianidad.<\/p>\n<p style=\"text-align: justify;\">\u201cCuando la sociedad civil se organiza y tiende puentes con las instituciones p\u00fablicas, se genera una din\u00e1mica pol\u00edtico-social muy enriquecedora, en la que el bien com\u00fan suele quedar de manifiesto. Eso es algo presente en la din\u00e1mica que ha desarrollado el Colegio en los \u00faltimos a\u00f1os, y por ello merecen nuestro respeto y toda nuestra disposici\u00f3n al trabajo conjunto desde el Congreso del Estado\u201d, subray\u00f3.<\/p>\n<p style=\"text-align: justify;\">En ese sentido, Calixto Jim\u00e9nez refiri\u00f3 que en distintos momentos el Poder Legislativo ha contado con la participaci\u00f3n de miembros del Colegio de Contadores P\u00fablicos, desde capacitaciones para dar cumplimiento en tiempo y forma a las obligaciones estipuladas por la Auditor\u00eda Superior del Estado y la Plataforma Nacional de Transparencia, hasta las asesor\u00edas vertidas en esta y otras legislaturas, lo que ha permitido incidir en reformas a distintos ordenamientos.<\/p>\n<p style=\"text-align: justify;\">Resalt\u00f3, asimismo, que ante los retos y desaf\u00edos, es vital hacer un frente com\u00fan entre los tres poderes, los tres \u00f3rdenes de gobierno, el sector empresarial y la sociedad civil para construir una sociedad m\u00e1s democr\u00e1tica y participativa, con genuino y tangible compromiso en el combate a la corrupci\u00f3n y el saneamiento de las finanzas.<\/p>\n<p style=\"text-align: justify;\">En ese tenor, la diputada destac\u00f3 el trabajo que realiza la gobernadora Evelyn Salgado Pineda, al crear 79 Unidades de Transparencia y sus respectivos Comit\u00e9s para cumplir con las obligaciones de la Ley n\u00famero 207 de Transparencia y Acceso a la Informaci\u00f3n P\u00fablica del Estado de Guerrero, entre otras acciones que favorecen a la transparencia, la rendici\u00f3n de cuentas y el uso eficiente de los recursos p\u00fablicos<\/p>\n<p style=\"text-align: justify;\">Por \u00faltimo, celebr\u00f3 que el acceso de las mujeres a espacios de poder es cada vez m\u00e1s frecuente, pues no solo est\u00e1n al frente de gobiernos y dependencias p\u00fablicas, sino dirigiendo organizaciones, instituciones educativas y empresas, lo que contribuye a erradicar los estereotipos de g\u00e9nero arraigados por d\u00e9cadas.<\/p>\n<p style=\"text-align: justify;\">\u201cSe dice f\u00e1cil, pero la lucha de las mujeres ha transformado paradigmas. Antes pens\u00e1bamos en la profesi\u00f3n de la Contadur\u00eda P\u00fablica como un \u00e1rea exclusiva para hombres; ten\u00edamos el imaginario de \u201cel contador\u201d; pero hoy se ha abierto este valioso espacio y cada vez m\u00e1s mujeres aportan desde esta noble profesi\u00f3n, al punto de que hoy tenemos nuevamente a la contadora Guri Huerta al frente de este Colegio\u201d, apunt\u00f3.<\/p>\n<p style=\"text-align: justify;\">En el evento participaron tambi\u00e9n el secretario de Finanzas y Administraci\u00f3n del Gobierno del Estado, Raymundo Segura Estrada, en representaci\u00f3n de la gobernadora de Guerrero; el auditor general del estado, Marco C\u00e9sar Paris Peralta Hidalgo; el secretario de Finanzas del Ayuntamiento de Acapulco, Carlos Alberto Morill\u00f3n Ram\u00edrez, entre otros.<\/p>\n","protected":false},"excerpt":{"rendered":"<p>Acapulco, Gro., 19 de enero de 2024.- La diputada Gloria Citlali Calixto Jim\u00e9nez, presidenta de la Junta de Coordinaci\u00f3n Pol\u00edtica del Congreso del Estado, exhort\u00f3 a los distintos \u00f3rdenes de gobierno, sector empresarial y sociedad civil organizada, a continuar transitando por la ruta de la legalidad y de la \u00e9tica profesional, en aras de enfrentar&#8230;<\/p>\n","protected":false},"author":1,"featured_media":8829,"comment_status":"closed","ping_status":"open","sticky":false,"template":"","format":"standard","meta":{"_monsterinsights_skip_tracking":false,"_monsterinsights_sitenote_active":false,"_monsterinsights_sitenote_note":"","_monsterinsights_sitenote_category":0,"footnotes":""},"categories":[3,21],"tags":[],"class_list":["post-8828","post","type-post","status-publish","format-standard","has-post-thumbnail","hentry","category-boletin","category-gloria-citlali-calixto-jimenez"],"aioseo_notices":[],"_links":{"self":[{"href":"https:\/\/congresogro.gob.mx\/63\/inicio\/wp-json\/wp\/v2\/posts\/8828","targetHints":{"allow":["GET"]}}],"collection":[{"href":"https:\/\/congresogro.gob.mx\/63\/inicio\/wp-json\/wp\/v2\/posts"}],"about":[{"href":"https:\/\/congresogro.gob.mx\/63\/inicio\/wp-json\/wp\/v2\/types\/post"}],"author":[{"embeddable":true,"href":"https:\/\/congresogro.gob.mx\/63\/inicio\/wp-json\/wp\/v2\/users\/1"}],"replies":[{"embeddable":true,"href":"https:\/\/congresogro.gob.mx\/63\/inicio\/wp-json\/wp\/v2\/comments?post=8828"}],"version-history":[{"count":2,"href":"https:\/\/congresogro.gob.mx\/63\/inicio\/wp-json\/wp\/v2\/posts\/8828\/revisions"}],"predecessor-version":[{"id":8832,"href":"https:\/\/congresogro.gob.mx\/63\/inicio\/wp-json\/wp\/v2\/posts\/8828\/revisions\/8832"}],"wp:featuredmedia":[{"embeddable":true,"href":"https:\/\/congresogro.gob.mx\/63\/inicio\/wp-json\/wp\/v2\/media\/8829"}],"wp:attachment":[{"href":"https:\/\/congresogro.gob.mx\/63\/inicio\/wp-json\/wp\/v2\/media?parent=8828"}],"wp:term":[{"taxonomy":"category","embeddable":true,"href":"https:\/\/congresogro.gob.mx\/63\/inicio\/wp-json\/wp\/v2\/categories?post=8828"},{"taxonomy":"post_tag","embeddable":true,"href":"https:\/\/congresogro.gob.mx\/63\/inicio\/wp-json\/wp\/v2\/tags?post=8828"}],"curies":[{"name":"wp","href":"https:\/\/api.w.org\/{rel}","templated":true}]}}