{"id":881,"date":"2021-11-03T19:14:18","date_gmt":"2021-11-04T01:14:18","guid":{"rendered":"https:\/\/congresogro.gob.mx\/63\/inicio\/?p=881"},"modified":"2021-11-03T19:14:18","modified_gmt":"2021-11-04T01:14:18","slug":"se-instalan-tres-comisiones-mas-en-el-congreso","status":"publish","type":"post","link":"https:\/\/congresogro.gob.mx\/63\/inicio\/2021\/11\/03\/se-instalan-tres-comisiones-mas-en-el-congreso\/","title":{"rendered":"SE INSTALAN TRES COMISIONES M\u00c1S EN EL CONGRESO"},"content":{"rendered":"<p style=\"text-align: justify;\"><strong>Chilpancingo, Gro., 03 de noviembre de 2021.-<\/strong> Este mi\u00e9rcoles se instalaron tres comisiones ordinarias de la LXIII Legislatura al Congreso del Estado, con lo que suman 34 de 39 \u00f3rganos t\u00e9cnicos listos para dictaminar los diversos asuntos turnados por la Mesa Directiva. <strong>\u00a0<\/strong><\/p>\n<p style=\"text-align: justify;\">En la instalaci\u00f3n de la Comisi\u00f3n de Estudios Constitucionales y Jur\u00eddicos, las y los legisladores coincidieron en la importancia de que su labor legislativa est\u00e9 estrechamente vinculada con el resto de dictaminadoras para la elaboraci\u00f3n de leyes m\u00e1s justas y acordes a la realidad social.<\/p>\n<p style=\"text-align: justify;\">Recordaron que tienen en puerta un proceso de reformas constitucionales de suma importancia para detonar el desarrollo del pa\u00eds, por lo cual se abocar\u00e1n al perfeccionamiento del marco jur\u00eddico local, en busca de dar certeza y seguridad a las y los guerrerenses, priorizando el di\u00e1logo, el consenso y el equilibrio pol\u00edtico.<\/p>\n<p style=\"text-align: justify;\">Esta comisi\u00f3n la preside la diputada Leticia Castro Ortiz y lleva como secretario al diputado Bernardo Ortega Jim\u00e9nez, y como vocales a la y los diputados Julieta Fern\u00e1ndez M\u00e1rquez, Joaqu\u00edn Badillo Escamilla y Jacinto Gonz\u00e1lez Varona.<\/p>\n<p style=\"text-align: justify;\">La Comisi\u00f3n de la Juventud y el Deporte que integran las diputadas <a href=\"https:\/\/www.facebook.com\/profile.php?id=100058725831607&amp;__cft__%5b0%5d=AZVAh-wuQ-XqsGWmQWzHHeYVmjvlspo5jak88ibhiuOqjwM4jsI2lQmIGg6j1UjzqHlpWgOt8TBmlL9_quwjOjA29w-19ubqCnDIC2pNbaGh6DbRj669GtkBBi3R6WglyvxZUMF-l58yQRXy_j-3eJRH&amp;__tn__=-%5dK-R\">Ang\u00e9lica Espinoza Garc\u00eda<\/a> como presidenta; como secretaria<a href=\"https:\/\/www.facebook.com\/Dip-Local-Ana-Lenis-Res%C3%A9ndiz-Javier-103387152067778\/?__cft__%5b0%5d=AZVAh-wuQ-XqsGWmQWzHHeYVmjvlspo5jak88ibhiuOqjwM4jsI2lQmIGg6j1UjzqHlpWgOt8TBmlL9_quwjOjA29w-19ubqCnDIC2pNbaGh6DbRj669GtkBBi3R6WglyvxZUMF-l58yQRXy_j-3eJRH&amp;__tn__=kK-R\"> Ana Lenis Res\u00e9ndiz Javier<\/a> y como vocales <a href=\"https:\/\/www.facebook.com\/SoyJulietaFernandez\/?__cft__%5b0%5d=AZVAh-wuQ-XqsGWmQWzHHeYVmjvlspo5jak88ibhiuOqjwM4jsI2lQmIGg6j1UjzqHlpWgOt8TBmlL9_quwjOjA29w-19ubqCnDIC2pNbaGh6DbRj669GtkBBi3R6WglyvxZUMF-l58yQRXy_j-3eJRH&amp;__tn__=kK-R\">Julieta Fern\u00e1ndez M\u00e1rquez<\/a>, Jennyfer Garc\u00eda Lucena y <a href=\"https:\/\/www.facebook.com\/Marben.DeLaCruz.S\/?__cft__%5b0%5d=AZVAh-wuQ-XqsGWmQWzHHeYVmjvlspo5jak88ibhiuOqjwM4jsI2lQmIGg6j1UjzqHlpWgOt8TBmlL9_quwjOjA29w-19ubqCnDIC2pNbaGh6DbRj669GtkBBi3R6WglyvxZUMF-l58yQRXy_j-3eJRH&amp;__tn__=kK-R\">Marben de la Cruz Santiago<\/a>, refrend\u00f3 su compromiso de trabajar coordinadamente con los tres \u00f3rdenes de gobierno para generar pol\u00edticas p\u00fablicas en favor de las actividades y disciplinas deportivas, con miras a lograr un desarrollo integral de la juventud y coadyuvar en la reconstrucci\u00f3n del tejido social.<\/p>\n<p style=\"text-align: justify;\">Tambi\u00e9n externaron su compromiso de gestionar mayores recursos que permitan contar con m\u00e1s espacios para la pr\u00e1ctica del deporte y motivar a las y los j\u00f3venes a que participen en disciplinas de alto rendimiento.<\/p>\n<p style=\"text-align: justify;\">Durante la instalaci\u00f3n de la Comisi\u00f3n de Educaci\u00f3n, Ciencia y Tecnolog\u00eda que conforman las y los diputados Masedonio Mendoza Basurto, presidente; <a href=\"https:\/\/www.facebook.com\/rafael.navarrete.quezada?__cft__%5b0%5d=AZV0-LdKCAkwStst90CnwX16Xz7LNW8rZ7a1worOp83oBh9hL7UT8oo3VrDlYVvQ5Lq3EvpU2sPyaCjZECafexNq5xo5Dk2FbnexVkW-32FvHiBw0UWkPU0MT1rdao-Krz1FUWupsB6ngHC8bVncHcRi&amp;__tn__=-%5dK-R\">Rafael Navarrete Quezada<\/a>, secretario, y como vocales<a href=\"https:\/\/www.facebook.com\/Dip-Yanelly-Hern%C3%A1ndez-Mart%C3%ADnez-112965401158624\/?__cft__%5b0%5d=AZV0-LdKCAkwStst90CnwX16Xz7LNW8rZ7a1worOp83oBh9hL7UT8oo3VrDlYVvQ5Lq3EvpU2sPyaCjZECafexNq5xo5Dk2FbnexVkW-32FvHiBw0UWkPU0MT1rdao-Krz1FUWupsB6ngHC8bVncHcRi&amp;__tn__=kK-R\"> Yanelly Hern\u00e1ndez Mart\u00ednez<\/a>, <a href=\"https:\/\/www.facebook.com\/fortunatohercar\/?__cft__%5b0%5d=AZV0-LdKCAkwStst90CnwX16Xz7LNW8rZ7a1worOp83oBh9hL7UT8oo3VrDlYVvQ5Lq3EvpU2sPyaCjZECafexNq5xo5Dk2FbnexVkW-32FvHiBw0UWkPU0MT1rdao-Krz1FUWupsB6ngHC8bVncHcRi&amp;__tn__=kK-R\">Fortunato Hern\u00e1ndez Carbajal<\/a> y <a href=\"https:\/\/www.facebook.com\/BernardoOrtegaJimenez\/?__cft__%5b0%5d=AZV0-LdKCAkwStst90CnwX16Xz7LNW8rZ7a1worOp83oBh9hL7UT8oo3VrDlYVvQ5Lq3EvpU2sPyaCjZECafexNq5xo5Dk2FbnexVkW-32FvHiBw0UWkPU0MT1rdao-Krz1FUWupsB6ngHC8bVncHcRi&amp;__tn__=kK-R\">Bernardo Ortega Jim\u00e9nez<\/a>, se coincidi\u00f3 en que para Guerrero uno de los principales retos es lograr una educaci\u00f3n integral que ayude a remontar el atraso hist\u00f3rico de los pueblos, los altos \u00edndices de analfabetismo y, por consecuencia, la desigualdad social.<\/p>\n<p style=\"text-align: justify;\">En este sentido, se comprometieron a coadyuvar desde el \u00e1mbito de su competencia en el fortalecimiento y consolidaci\u00f3n del desarrollo educativo como bien primordial y p\u00fablico, tarea tit\u00e1nica que, adem\u00e1s, requiere de la suma de esfuerzos, visi\u00f3n y voluntades de todas las \u00e1reas y niveles de gobierno, con miras a forjar una sociedad progresista, equitativa, justa y m\u00e1s humanista.<\/p>\n","protected":false},"excerpt":{"rendered":"<p>Chilpancingo, Gro., 03 de noviembre de 2021.- Este mi\u00e9rcoles se instalaron tres comisiones ordinarias de la LXIII Legislatura al Congreso del Estado, con lo que suman 34 de 39 \u00f3rganos t\u00e9cnicos listos para dictaminar los diversos asuntos turnados por la Mesa Directiva. \u00a0 En la instalaci\u00f3n de la Comisi\u00f3n de Estudios Constitucionales y Jur\u00eddicos, las&#8230;<\/p>\n","protected":false},"author":1,"featured_media":882,"comment_status":"closed","ping_status":"open","sticky":false,"template":"","format":"standard","meta":{"_monsterinsights_skip_tracking":false,"_monsterinsights_sitenote_active":false,"_monsterinsights_sitenote_note":"","_monsterinsights_sitenote_category":0,"footnotes":""},"categories":[3],"tags":[],"class_list":["post-881","post","type-post","status-publish","format-standard","has-post-thumbnail","hentry","category-boletin"],"aioseo_notices":[],"_links":{"self":[{"href":"https:\/\/congresogro.gob.mx\/63\/inicio\/wp-json\/wp\/v2\/posts\/881","targetHints":{"allow":["GET"]}}],"collection":[{"href":"https:\/\/congresogro.gob.mx\/63\/inicio\/wp-json\/wp\/v2\/posts"}],"about":[{"href":"https:\/\/congresogro.gob.mx\/63\/inicio\/wp-json\/wp\/v2\/types\/post"}],"author":[{"embeddable":true,"href":"https:\/\/congresogro.gob.mx\/63\/inicio\/wp-json\/wp\/v2\/users\/1"}],"replies":[{"embeddable":true,"href":"https:\/\/congresogro.gob.mx\/63\/inicio\/wp-json\/wp\/v2\/comments?post=881"}],"version-history":[{"count":1,"href":"https:\/\/congresogro.gob.mx\/63\/inicio\/wp-json\/wp\/v2\/posts\/881\/revisions"}],"predecessor-version":[{"id":883,"href":"https:\/\/congresogro.gob.mx\/63\/inicio\/wp-json\/wp\/v2\/posts\/881\/revisions\/883"}],"wp:featuredmedia":[{"embeddable":true,"href":"https:\/\/congresogro.gob.mx\/63\/inicio\/wp-json\/wp\/v2\/media\/882"}],"wp:attachment":[{"href":"https:\/\/congresogro.gob.mx\/63\/inicio\/wp-json\/wp\/v2\/media?parent=881"}],"wp:term":[{"taxonomy":"category","embeddable":true,"href":"https:\/\/congresogro.gob.mx\/63\/inicio\/wp-json\/wp\/v2\/categories?post=881"},{"taxonomy":"post_tag","embeddable":true,"href":"https:\/\/congresogro.gob.mx\/63\/inicio\/wp-json\/wp\/v2\/tags?post=881"}],"curies":[{"name":"wp","href":"https:\/\/api.w.org\/{rel}","templated":true}]}}