{"id":8755,"date":"2024-01-08T09:31:58","date_gmt":"2024-01-08T15:31:58","guid":{"rendered":"https:\/\/congresogro.gob.mx\/63\/inicio\/?p=8755"},"modified":"2024-01-09T09:33:45","modified_gmt":"2024-01-09T15:33:45","slug":"con-la-universidad-tecnologica-de-coyuca-de-benitez-el-congreso-abre-oportunidades-de-desarrollo-a-las-juventudes","status":"publish","type":"post","link":"https:\/\/congresogro.gob.mx\/63\/inicio\/2024\/01\/08\/con-la-universidad-tecnologica-de-coyuca-de-benitez-el-congreso-abre-oportunidades-de-desarrollo-a-las-juventudes\/","title":{"rendered":"CON LA UNIVERSIDAD TECNOL\u00d3GICA DE COYUCA DE BEN\u00cdTEZ, EL CONGRESO ABRE OPORTUNIDADES DE DESARROLLO A LAS JUVENTUDES"},"content":{"rendered":"<p style=\"text-align: justify;\"><strong>Chilpancingo, Gro., 08 de enero de 2024.-<\/strong> La creaci\u00f3n de la Universidad Tecnol\u00f3gica y Polit\u00e9cnica de Coyuca de Ben\u00edtez que aprobaron diputadas y diputados de la LXIII Legislatura, contribuye a consolidar los programas de desarrollo en materia de educaci\u00f3n en Guerrero.<\/p>\n<p style=\"text-align: justify;\">\nDe acuerdo con el dictamen emitido por la comisi\u00f3n legislativa de Educaci\u00f3n, Ciencia y Tecnolog\u00eda, se destaca el hecho de que ampliar la cobertura de la educaci\u00f3n tecnol\u00f3gica y polit\u00e9cnica en Guerrero consolida las bases educativas para el M\u00e9xico del siglo XXI, en el entendido de que la educaci\u00f3n es puntal decisivo para el desarrollo econ\u00f3mico, social, pol\u00edtico y cultural de cualquier regi\u00f3n geogr\u00e1fica.<\/p>\n<p style=\"text-align: justify;\">\nAgrega el documento del citado \u00f3rgano dictaminador que es importante fortalecer el sistema de educaci\u00f3n superior mediante la creaci\u00f3n de universidades, como nuevos horizontes para el mejoramiento de la calidad acad\u00e9mica, multiplicando las opciones en el campo de la formaci\u00f3n profesional y estableciendo una estrecha vinculaci\u00f3n de este modelo educativo con los requerimientos del sector productivo de bienes y servicios, que favorezca el desarrollo de las econom\u00edas regionales.<\/p>\n<p style=\"text-align: justify;\">\nAl intervenir sobre el tema en la sesi\u00f3n ordinaria en que se aprob\u00f3 el trascendental decreto, el diputado Carlos Cruz L\u00f3pez hizo un reconocimiento a la titular del Ejecutivo estatal, Evelyn Salgado Pineda, por priorizar las pol\u00edticas p\u00fablicas en materia de educaci\u00f3n, enfatizando que con esto la educaci\u00f3n se convierte en el punto de partida para el desarrollo econ\u00f3mico, social y cultural del estado.<\/p>\n<p style=\"text-align: justify;\">\nAgreg\u00f3 que con la creaci\u00f3n de este tipo de universidades se responde a la necesidad social de formar profesionistas de manera integral, dotados de las competencias necesarias para integrarse a cualquier ambiente de trabajo y contribuir al bienestar de la colectividad.<\/p>\n<p style=\"text-align: justify;\">\nPor su parte, el diputado Jes\u00fas Parra Garc\u00eda resalt\u00f3 la importancia de que se apueste en la educaci\u00f3n como una herramienta para poder sacar del atraso social a los pueblos de Guerrero.<\/p>\n<p style=\"text-align: justify;\">\nDe la misma forma, el legislador felicit\u00f3 a las regiones donde se instalar\u00e1n estas nuevas universidades, indicando que \u201cse les hizo justicia social a las juventudes guerrerenses, quienes tendr\u00e1n la oportunidad de concluir una carrera profesional para, en consecuencia, prestar servicios de calidad a sus comunidades\u201d.<\/p>\n","protected":false},"excerpt":{"rendered":"<p>Chilpancingo, Gro., 08 de enero de 2024.- La creaci\u00f3n de la Universidad Tecnol\u00f3gica y Polit\u00e9cnica de Coyuca de Ben\u00edtez que aprobaron diputadas y diputados de la LXIII Legislatura, contribuye a consolidar los programas de desarrollo en materia de educaci\u00f3n en Guerrero. De acuerdo con el dictamen emitido por la comisi\u00f3n legislativa de Educaci\u00f3n, Ciencia y&#8230;<\/p>\n","protected":false},"author":1,"featured_media":8756,"comment_status":"closed","ping_status":"open","sticky":false,"template":"","format":"standard","meta":{"_monsterinsights_skip_tracking":false,"_monsterinsights_sitenote_active":false,"_monsterinsights_sitenote_note":"","_monsterinsights_sitenote_category":0,"footnotes":""},"categories":[3],"tags":[],"class_list":["post-8755","post","type-post","status-publish","format-standard","has-post-thumbnail","hentry","category-boletin"],"aioseo_notices":[],"_links":{"self":[{"href":"https:\/\/congresogro.gob.mx\/63\/inicio\/wp-json\/wp\/v2\/posts\/8755","targetHints":{"allow":["GET"]}}],"collection":[{"href":"https:\/\/congresogro.gob.mx\/63\/inicio\/wp-json\/wp\/v2\/posts"}],"about":[{"href":"https:\/\/congresogro.gob.mx\/63\/inicio\/wp-json\/wp\/v2\/types\/post"}],"author":[{"embeddable":true,"href":"https:\/\/congresogro.gob.mx\/63\/inicio\/wp-json\/wp\/v2\/users\/1"}],"replies":[{"embeddable":true,"href":"https:\/\/congresogro.gob.mx\/63\/inicio\/wp-json\/wp\/v2\/comments?post=8755"}],"version-history":[{"count":1,"href":"https:\/\/congresogro.gob.mx\/63\/inicio\/wp-json\/wp\/v2\/posts\/8755\/revisions"}],"predecessor-version":[{"id":8757,"href":"https:\/\/congresogro.gob.mx\/63\/inicio\/wp-json\/wp\/v2\/posts\/8755\/revisions\/8757"}],"wp:featuredmedia":[{"embeddable":true,"href":"https:\/\/congresogro.gob.mx\/63\/inicio\/wp-json\/wp\/v2\/media\/8756"}],"wp:attachment":[{"href":"https:\/\/congresogro.gob.mx\/63\/inicio\/wp-json\/wp\/v2\/media?parent=8755"}],"wp:term":[{"taxonomy":"category","embeddable":true,"href":"https:\/\/congresogro.gob.mx\/63\/inicio\/wp-json\/wp\/v2\/categories?post=8755"},{"taxonomy":"post_tag","embeddable":true,"href":"https:\/\/congresogro.gob.mx\/63\/inicio\/wp-json\/wp\/v2\/tags?post=8755"}],"curies":[{"name":"wp","href":"https:\/\/api.w.org\/{rel}","templated":true}]}}