{"id":875,"date":"2021-11-03T01:10:05","date_gmt":"2021-11-03T01:10:05","guid":{"rendered":"https:\/\/congresogro.gob.mx\/63\/inicio\/?p=875"},"modified":"2021-11-04T01:11:07","modified_gmt":"2021-11-04T01:11:07","slug":"proponen-sanciones-para-el-patron-que-escatime-el-trabajo-y-salario-de-una-mujer-por-cuestion-de-genero","status":"publish","type":"post","link":"https:\/\/congresogro.gob.mx\/63\/inicio\/2021\/11\/03\/proponen-sanciones-para-el-patron-que-escatime-el-trabajo-y-salario-de-una-mujer-por-cuestion-de-genero\/","title":{"rendered":"PROPONEN SANCIONES PARA EL PATR\u00d3N QUE ESCATIME EL TRABAJO Y SALARIO DE UNA MUJER POR CUESTI\u00d3N DE G\u00c9NERO"},"content":{"rendered":"<p style=\"text-align: justify;\"><strong>Chilpancingo, Gro., 03 de noviembre de 2021.- <\/strong>La diputada Julieta Fern\u00e1ndez M\u00e1rquez propuso reformar el C\u00f3digo Penal del Estado para que se sancione al patr\u00f3n o persona que emplee a una mujer y escatime su salario, no pag\u00e1ndole de acuerdo al trabajo desempe\u00f1ado y la importancia del mismo, por consideraciones de g\u00e9nero.<\/p>\n<p style=\"text-align: justify;\">En su iniciativa que analiza la Comisi\u00f3n de Justicia de la LXIII Legislatura, la diputada integrante del Grupo Parlamentario del PRI expone que en M\u00e9xico las tasas de participaci\u00f3n femenina en la fuerza de trabajo son bajas en comparaci\u00f3n a Europa, e incluso con muchos pa\u00edses de Am\u00e9rica latina.<\/p>\n<p style=\"text-align: justify;\">Dijo que en el pa\u00eds aumentar la participaci\u00f3n de las mujeres en el campo laboral sigue siendo una tarea pendiente y uno de los principales retos que tienen los gobiernos para lograr una verdadera igualdad de g\u00e9nero.<\/p>\n<p style=\"text-align: justify;\">Agreg\u00f3 de acuerdo con la Organizaci\u00f3n para la Cooperaci\u00f3n y Desarrollo, M\u00e9xico registr\u00f3 la segunda tasa de participaci\u00f3n laboral femenina m\u00e1s baja de los 36 miembros, tan s\u00f3lo superado por Turqu\u00eda.<\/p>\n<p style=\"text-align: justify;\">Expuso tambi\u00e9n que entre las principales razones por las que el pa\u00eds tiene una de las tasas m\u00e1s bajas de participaci\u00f3n laboral femenina est\u00e1n \u201cestereotipos fuertemente arraigados entre la sociedad, que dictan que la mujer debe permanecer en casa, adem\u00e1s de la falta de compromiso por parte del Gobierno, situaci\u00f3n que se ve reflejada en una escasa regulaci\u00f3n y pol\u00edticas que afronten el problema\u201d.<\/p>\n<p style=\"text-align: justify;\">Mencion\u00f3 que aunado a la limitada participaci\u00f3n de la mujer en la vida laboral, la desigualdad salarial entre mujeres y hombres es otro de los problemas graves que hoy en d\u00eda ofenden como sociedad y afectan directamente a las mujeres, ya que en M\u00e9xico la brecha salarial que existe es de 18 por ciento, muy por encima del promedio a nivel mundial, que es de 13.<\/p>\n<p style=\"text-align: justify;\">Fern\u00e1ndez M\u00e1rquez consider\u00f3 lamentable que los estados con la desigualdad salarial m\u00e1s grande entre hombres y mujeres son Guerrero, Tlaxcala, Puebla, Guanajuato y Michoac\u00e1n, donde el sector femenino no representa ni siquiera el 25 por ciento del total de trabajadores con buenos salarios.<\/p>\n<p style=\"text-align: justify;\">A\u00f1adi\u00f3 que en Guerrero s\u00f3lo 24 mil 258 personas afirmaron tener ingresos mensuales superiores a los 13, 258 pesos, de los cuales 82 por ciento son hombres, situaci\u00f3n que refleja que de 10 trabajadores con puestos bien pagados, s\u00f3lo 2 son mujeres.<\/p>\n<p style=\"text-align: justify;\">Puntualiz\u00f3 que aun cuando la Constituci\u00f3n Pol\u00edtica de los Estados Unidos Mexicanos reconoce el derecho humano al trabajo y que el Congreso de la Uni\u00f3n deber\u00e1 expedir las leyes que prever\u00e1n, entre otras cosas, que \u201cpara trabajo igual debe corresponder salario igual, sin tener en cuenta sexo, ni nacionalidad\u201d, es lamentable que esto no se cumpla.<\/p>\n","protected":false},"excerpt":{"rendered":"<p>Chilpancingo, Gro., 03 de noviembre de 2021.- La diputada Julieta Fern\u00e1ndez M\u00e1rquez propuso reformar el C\u00f3digo Penal del Estado para que se sancione al patr\u00f3n o persona que emplee a una mujer y escatime su salario, no pag\u00e1ndole de acuerdo al trabajo desempe\u00f1ado y la importancia del mismo, por consideraciones de g\u00e9nero. En su iniciativa&#8230;<\/p>\n","protected":false},"author":1,"featured_media":876,"comment_status":"closed","ping_status":"open","sticky":false,"template":"","format":"standard","meta":{"_monsterinsights_skip_tracking":false,"_monsterinsights_sitenote_active":false,"_monsterinsights_sitenote_note":"","_monsterinsights_sitenote_category":0,"footnotes":""},"categories":[3,25],"tags":[],"class_list":["post-875","post","type-post","status-publish","format-standard","has-post-thumbnail","hentry","category-boletin","category-julieta-fernandez-marquez"],"aioseo_notices":[],"_links":{"self":[{"href":"https:\/\/congresogro.gob.mx\/63\/inicio\/wp-json\/wp\/v2\/posts\/875","targetHints":{"allow":["GET"]}}],"collection":[{"href":"https:\/\/congresogro.gob.mx\/63\/inicio\/wp-json\/wp\/v2\/posts"}],"about":[{"href":"https:\/\/congresogro.gob.mx\/63\/inicio\/wp-json\/wp\/v2\/types\/post"}],"author":[{"embeddable":true,"href":"https:\/\/congresogro.gob.mx\/63\/inicio\/wp-json\/wp\/v2\/users\/1"}],"replies":[{"embeddable":true,"href":"https:\/\/congresogro.gob.mx\/63\/inicio\/wp-json\/wp\/v2\/comments?post=875"}],"version-history":[{"count":1,"href":"https:\/\/congresogro.gob.mx\/63\/inicio\/wp-json\/wp\/v2\/posts\/875\/revisions"}],"predecessor-version":[{"id":877,"href":"https:\/\/congresogro.gob.mx\/63\/inicio\/wp-json\/wp\/v2\/posts\/875\/revisions\/877"}],"wp:featuredmedia":[{"embeddable":true,"href":"https:\/\/congresogro.gob.mx\/63\/inicio\/wp-json\/wp\/v2\/media\/876"}],"wp:attachment":[{"href":"https:\/\/congresogro.gob.mx\/63\/inicio\/wp-json\/wp\/v2\/media?parent=875"}],"wp:term":[{"taxonomy":"category","embeddable":true,"href":"https:\/\/congresogro.gob.mx\/63\/inicio\/wp-json\/wp\/v2\/categories?post=875"},{"taxonomy":"post_tag","embeddable":true,"href":"https:\/\/congresogro.gob.mx\/63\/inicio\/wp-json\/wp\/v2\/tags?post=875"}],"curies":[{"name":"wp","href":"https:\/\/api.w.org\/{rel}","templated":true}]}}