{"id":870,"date":"2021-11-02T15:55:56","date_gmt":"2021-11-02T15:55:56","guid":{"rendered":"https:\/\/congresogro.gob.mx\/63\/inicio\/?p=870"},"modified":"2021-11-03T15:56:25","modified_gmt":"2021-11-03T15:56:25","slug":"en-tiempo-y-forma-resolvera-el-congreso-la-designacion-de-un-nuevo-fiscal-general-del-estado-sanchez-esquivel","status":"publish","type":"post","link":"https:\/\/congresogro.gob.mx\/63\/inicio\/2021\/11\/02\/en-tiempo-y-forma-resolvera-el-congreso-la-designacion-de-un-nuevo-fiscal-general-del-estado-sanchez-esquivel\/","title":{"rendered":"EN TIEMPO Y FORMA RESOLVER\u00c1 EL CONGRESO LA DESIGNACI\u00d3N DE UN NUEVO FISCAL GENERAL DEL ESTADO: S\u00c1NCHEZ ESQUIVEL"},"content":{"rendered":"<p style=\"text-align: justify;\"><strong>Chilpancingo, Gro., 02 de noviembre de 2021.- <\/strong>El presidente de la Junta de Coordinaci\u00f3n Pol\u00edtica del Congreso del Estado, diputado Alfredo S\u00e1nchez Esquivel, asegur\u00f3 que, dentro del plazo que les marca la Ley, habr\u00e1n de cumplir con el procedimiento pertinente y de manera muy responsable en la designaci\u00f3n de un nuevo fiscal general del estado, tras la dimisi\u00f3n de \u00e9ste.<\/p>\n<p style=\"text-align: justify;\">Record\u00f3 que el funcionario present\u00f3 su renuncia a partir del 15 de noviembre, fecha a partir de la cual el Poder Legislativo cuenta con 20 d\u00edas para integrar una lista de diez propuestas, las cuales se turnar\u00e1n al Ejecutivo estatal para que seleccione a una terna, de la que el Pleno del Congreso designar\u00e1 al fiscal.<\/p>\n<p style=\"text-align: justify;\">\u201cEse es el procedimiento correcto y de conformidad con el art\u00edculo 61 de la Constituci\u00f3n Pol\u00edtica del Estado de Guerrero; una vez que se cumpla la fecha del 15 de noviembre, atenderemos el asunto de manera oportuna porque significa mucho para el estado contar con una persona a cargo de tan importante instancia de procuraci\u00f3n de justicia\u201d, abund\u00f3.<\/p>\n<p style=\"text-align: justify;\">En entrevista, mencion\u00f3 que la selecci\u00f3n del nuevo fiscal se va a atender de manera objetiva y actuando de acuerdo con lo que marca la norma, \u201ccuidando los necesarios equilibrios\u201d, apunt\u00f3.<\/p>\n<p style=\"text-align: justify;\">Refiri\u00f3 que, como parte del proceso, la comisi\u00f3n de Seguridad P\u00fablica deber\u00e1 generar la respectiva convocatoria en que se haga el llamado a hombres de elevada calidad moral y amplio perfil acad\u00e9mico, quienes se sientan capaces de llevar las riendas de esta importante instituci\u00f3n, cuya funci\u00f3n constitucional es la investigaci\u00f3n y persecuci\u00f3n efectiva de los delitos.<\/p>\n<p style=\"text-align: justify;\">En ese sentido, mencion\u00f3 el lamentable y reciente asesinato del periodista Alfredo Cardoso en Acapulco, el cual, como otros casos, \u201cnos indican la necesidad de tener a un hombre a la altura de las circunstancias, alguien que d\u00e9 seguimiento y redoble esfuerzos, aboc\u00e1ndose de lleno al trabajo de procuraci\u00f3n de justicia, ya que este tipo de hechos lastiman a la sociedad y es urgente darle respuesta mediante la aplicaci\u00f3n efectiva de la Ley\u201d.<\/p>\n<p style=\"text-align: justify;\">Por \u00faltimo, adelant\u00f3 que el pr\u00f3ximo mi\u00e9rcoles la Junta de Coordinaci\u00f3n Pol\u00edtica tendr\u00e1 en su agenda de trabajo este tema, que resolver\u00e1n cuidando no s\u00f3lo el debido proceso, sino los mismos equilibrios pol\u00edticos.<\/p>\n","protected":false},"excerpt":{"rendered":"<p>Chilpancingo, Gro., 02 de noviembre de 2021.- El presidente de la Junta de Coordinaci\u00f3n Pol\u00edtica del Congreso del Estado, diputado Alfredo S\u00e1nchez Esquivel, asegur\u00f3 que, dentro del plazo que les marca la Ley, habr\u00e1n de cumplir con el procedimiento pertinente y de manera muy responsable en la designaci\u00f3n de un nuevo fiscal general del estado,&#8230;<\/p>\n","protected":false},"author":1,"featured_media":871,"comment_status":"closed","ping_status":"open","sticky":false,"template":"","format":"standard","meta":{"_monsterinsights_skip_tracking":false,"_monsterinsights_sitenote_active":false,"_monsterinsights_sitenote_note":"","_monsterinsights_sitenote_category":0,"footnotes":""},"categories":[4,3],"tags":[],"class_list":["post-870","post","type-post","status-publish","format-standard","has-post-thumbnail","hentry","category-alfredo-sanchez-esquivel","category-boletin"],"aioseo_notices":[],"_links":{"self":[{"href":"https:\/\/congresogro.gob.mx\/63\/inicio\/wp-json\/wp\/v2\/posts\/870","targetHints":{"allow":["GET"]}}],"collection":[{"href":"https:\/\/congresogro.gob.mx\/63\/inicio\/wp-json\/wp\/v2\/posts"}],"about":[{"href":"https:\/\/congresogro.gob.mx\/63\/inicio\/wp-json\/wp\/v2\/types\/post"}],"author":[{"embeddable":true,"href":"https:\/\/congresogro.gob.mx\/63\/inicio\/wp-json\/wp\/v2\/users\/1"}],"replies":[{"embeddable":true,"href":"https:\/\/congresogro.gob.mx\/63\/inicio\/wp-json\/wp\/v2\/comments?post=870"}],"version-history":[{"count":1,"href":"https:\/\/congresogro.gob.mx\/63\/inicio\/wp-json\/wp\/v2\/posts\/870\/revisions"}],"predecessor-version":[{"id":872,"href":"https:\/\/congresogro.gob.mx\/63\/inicio\/wp-json\/wp\/v2\/posts\/870\/revisions\/872"}],"wp:featuredmedia":[{"embeddable":true,"href":"https:\/\/congresogro.gob.mx\/63\/inicio\/wp-json\/wp\/v2\/media\/871"}],"wp:attachment":[{"href":"https:\/\/congresogro.gob.mx\/63\/inicio\/wp-json\/wp\/v2\/media?parent=870"}],"wp:term":[{"taxonomy":"category","embeddable":true,"href":"https:\/\/congresogro.gob.mx\/63\/inicio\/wp-json\/wp\/v2\/categories?post=870"},{"taxonomy":"post_tag","embeddable":true,"href":"https:\/\/congresogro.gob.mx\/63\/inicio\/wp-json\/wp\/v2\/tags?post=870"}],"curies":[{"name":"wp","href":"https:\/\/api.w.org\/{rel}","templated":true}]}}