{"id":8627,"date":"2023-12-05T10:26:44","date_gmt":"2023-12-05T16:26:44","guid":{"rendered":"https:\/\/congresogro.gob.mx\/63\/inicio\/?p=8627"},"modified":"2023-12-06T10:28:06","modified_gmt":"2023-12-06T16:28:06","slug":"inauguran-en-el-congreso-el-tercer-festival-artesanal-y-gastronomico-2023","status":"publish","type":"post","link":"https:\/\/congresogro.gob.mx\/63\/inicio\/2023\/12\/05\/inauguran-en-el-congreso-el-tercer-festival-artesanal-y-gastronomico-2023\/","title":{"rendered":"INAUGURAN EN EL CONGRESO EL TERCER  FESTIVAL ARTESANAL Y GASTRON\u00d3MICO 2023"},"content":{"rendered":"<p style=\"text-align: justify;\"><strong>Chilpancingo, Gro., 05 de diciembre de 2023.-<\/strong> El Congreso del Estado, a trav\u00e9s de la Comisi\u00f3n de Artesan\u00edas, inaugur\u00f3 este martes el Tercer Festival Artesanal y Gastron\u00f3mico 2023, en el que participan decenas de expositores provenientes de las regiones Monta\u00f1a, Costa Chica, Costa Grande, Norte y Centro del estado.<\/p>\n<p style=\"text-align: justify;\">Esta exposici\u00f3n que se desarrolla en la explanada Centenario del Congreso tiene como prop\u00f3sito visibilizar, promover y valorizar los productos artesanales y alimentos t\u00edpicos de Guerrero, adem\u00e1s de contribuir econ\u00f3micamente con las familias dedicadas a esta importante y emblem\u00e1tica actividad productiva de Guerrero.<\/p>\n<p style=\"text-align: justify;\">Durante el acto inaugural, la diputada Mar\u00eda Flores Maldonado, presidenta de la citada comisi\u00f3n y promovente del festival, confi\u00f3 en que la siguiente legislatura le d\u00e9 secuencia a esta importante actividad que refrenda la pol\u00edtica de apertura del Congreso hacia todas las expresiones art\u00edsticas y culturales.<\/p>\n<p style=\"text-align: justify;\">La legisladora agreg\u00f3 que desde cualquier trinchera en que se encuentre, buscar\u00e1 los mecanismos para seguir apoyando a las artesanas y artesanos guerrerenses.<\/p>\n<p style=\"text-align: justify;\">Por su parte, las diputadas Leticia Castro Ortiz, Ang\u00e9lica Espinoza Garc\u00eda\u00a0 y los diputados Antonio Helguera Jim\u00e9nez y Marco Tulio S\u00e1nchez Alarc\u00f3n, reconocieron el esfuerzo y la preocupaci\u00f3n de su hom\u00f3loga por dar oportunidad a las familias artesanas de vender sus productos en los espacios del Congreso, por tercer a\u00f1o consecutivo.<\/p>\n<p style=\"text-align: justify;\">Coincidieron, adem\u00e1s, en que es necesario seguir impulsando a este sector para darle un mayor realce no solo a nivel estatal sino nacional e internacional, para lo cual ya se propuso una feria artesanal de corte estatal en la Costa Grande y otra en Acapulco, que favorezca el ingreso econ\u00f3mico de las y los productores.<\/p>\n<p style=\"text-align: justify;\">A este evento asistieron representantes de las secretar\u00edas de Fomento y Desarrollo Econ\u00f3mico, Para el Desarrollo de los Pueblos Ind\u00edgenas y Afromexicanos y de Cultura.<\/p>\n<p style=\"text-align: justify;\">El festival estar\u00e1 abierto al p\u00fablico hasta el mi\u00e9rcoles 06 de diciembre, en un horario de 10:00 a 18:00 horas.<\/p>\n","protected":false},"excerpt":{"rendered":"<p>Chilpancingo, Gro., 05 de diciembre de 2023.- El Congreso del Estado, a trav\u00e9s de la Comisi\u00f3n de Artesan\u00edas, inaugur\u00f3 este martes el Tercer Festival Artesanal y Gastron\u00f3mico 2023, en el que participan decenas de expositores provenientes de las regiones Monta\u00f1a, Costa Chica, Costa Grande, Norte y Centro del estado. Esta exposici\u00f3n que se desarrolla en&#8230;<\/p>\n","protected":false},"author":1,"featured_media":8628,"comment_status":"closed","ping_status":"open","sticky":false,"template":"","format":"standard","meta":{"_monsterinsights_skip_tracking":false,"_monsterinsights_sitenote_active":false,"_monsterinsights_sitenote_note":"","_monsterinsights_sitenote_category":0,"footnotes":""},"categories":[3,28],"tags":[],"class_list":["post-8627","post","type-post","status-publish","format-standard","has-post-thumbnail","hentry","category-boletin","category-maria-flores-maldonado"],"aioseo_notices":[],"_links":{"self":[{"href":"https:\/\/congresogro.gob.mx\/63\/inicio\/wp-json\/wp\/v2\/posts\/8627","targetHints":{"allow":["GET"]}}],"collection":[{"href":"https:\/\/congresogro.gob.mx\/63\/inicio\/wp-json\/wp\/v2\/posts"}],"about":[{"href":"https:\/\/congresogro.gob.mx\/63\/inicio\/wp-json\/wp\/v2\/types\/post"}],"author":[{"embeddable":true,"href":"https:\/\/congresogro.gob.mx\/63\/inicio\/wp-json\/wp\/v2\/users\/1"}],"replies":[{"embeddable":true,"href":"https:\/\/congresogro.gob.mx\/63\/inicio\/wp-json\/wp\/v2\/comments?post=8627"}],"version-history":[{"count":1,"href":"https:\/\/congresogro.gob.mx\/63\/inicio\/wp-json\/wp\/v2\/posts\/8627\/revisions"}],"predecessor-version":[{"id":8629,"href":"https:\/\/congresogro.gob.mx\/63\/inicio\/wp-json\/wp\/v2\/posts\/8627\/revisions\/8629"}],"wp:featuredmedia":[{"embeddable":true,"href":"https:\/\/congresogro.gob.mx\/63\/inicio\/wp-json\/wp\/v2\/media\/8628"}],"wp:attachment":[{"href":"https:\/\/congresogro.gob.mx\/63\/inicio\/wp-json\/wp\/v2\/media?parent=8627"}],"wp:term":[{"taxonomy":"category","embeddable":true,"href":"https:\/\/congresogro.gob.mx\/63\/inicio\/wp-json\/wp\/v2\/categories?post=8627"},{"taxonomy":"post_tag","embeddable":true,"href":"https:\/\/congresogro.gob.mx\/63\/inicio\/wp-json\/wp\/v2\/tags?post=8627"}],"curies":[{"name":"wp","href":"https:\/\/api.w.org\/{rel}","templated":true}]}}