{"id":8622,"date":"2023-12-04T15:27:37","date_gmt":"2023-12-04T21:27:37","guid":{"rendered":"https:\/\/congresogro.gob.mx\/63\/inicio\/?p=8622"},"modified":"2023-12-04T15:27:37","modified_gmt":"2023-12-04T21:27:37","slug":"satisfactorias-y-exitosas-las-comparecencias-considera-diputada-yoloczin-dominguez","status":"publish","type":"post","link":"https:\/\/congresogro.gob.mx\/63\/inicio\/2023\/12\/04\/satisfactorias-y-exitosas-las-comparecencias-considera-diputada-yoloczin-dominguez\/","title":{"rendered":"SATISFACTORIAS Y EXITOSAS LAS COMPARECENCIAS,   CONSIDERA DIPUTADA YOLOCZIN DOM\u00cdNGUEZ"},"content":{"rendered":"<p style=\"text-align: justify;\"><b><span data-contrast=\"none\">Chilpancingo, Gro., 04 de diciembre de 2023<\/span><\/b><span data-contrast=\"none\">.- La presidenta de la Junta de Coordinaci\u00f3n Pol\u00edtica del Congreso del Estado, diputada Yoloczin Dom\u00ednguez Serna, calific\u00f3 las comparecencias de secretarias y secretarios de despacho con motivo de la Glosa del Segundo Informe del Gobierno del Estado, como un ejercicio de rendici\u00f3n de cuentas \u201cpositivo, satisfactorio y exitoso\u201d.<\/span><span data-ccp-props=\"{&quot;201341983&quot;:0,&quot;335551550&quot;:6,&quot;335551620&quot;:6,&quot;335559739&quot;:0,&quot;335559740&quot;:259,&quot;469777462&quot;:[6570],&quot;469777927&quot;:[0],&quot;469777928&quot;:[1]}\">\u00a0<\/span><\/p>\n<p style=\"text-align: justify;\"><span data-contrast=\"none\">La legisladora asever\u00f3 que toda la informaci\u00f3n requerida durante las comparecencias, algunas de las cuales fueron ante el Pleno y otras en comisiones, fue aportada y aclarados todos los cuestionamientos y dudas por parte de las y los titulares de despacho.\u00a0<\/span><span data-ccp-props=\"{&quot;201341983&quot;:0,&quot;335551550&quot;:6,&quot;335551620&quot;:6,&quot;335559739&quot;:0,&quot;335559740&quot;:259,&quot;469777462&quot;:[6570],&quot;469777927&quot;:[0],&quot;469777928&quot;:[1]}\">\u00a0<\/span><\/p>\n<p style=\"text-align: justify;\"><span data-contrast=\"none\">En entrevista, Dom\u00ednguez Serna consider\u00f3 que estos ejercicios democr\u00e1ticos ponen de manifiesto el compromiso de los poderes Legislativo y Ejecutivo para dar cumplimiento a los principios de transparencia y rendici\u00f3n de cuentas, afianzando la confianza ciudadana en las instituciones.<\/span><span data-ccp-props=\"{&quot;201341983&quot;:0,&quot;335551550&quot;:6,&quot;335551620&quot;:6,&quot;335559739&quot;:0,&quot;335559740&quot;:259,&quot;469777462&quot;:[6570],&quot;469777927&quot;:[0],&quot;469777928&quot;:[1]}\">\u00a0<\/span><\/p>\n<p style=\"text-align: justify;\"><span data-contrast=\"none\">Asimismo, dijo que estos encuentros ayudar\u00e1n a reforzar las pol\u00edticas p\u00fablicas y acciones que la administraci\u00f3n estatal, a trav\u00e9s de sus distintas dependencias, aplica cotidianamente para beneficio social, pero sobre todo despu\u00e9s del desastre ocasionado por el hurac\u00e1n Otis que afect\u00f3 a Acapulco y Coyuca de Ben\u00edtez.<\/span><span data-ccp-props=\"{&quot;201341983&quot;:0,&quot;335551550&quot;:6,&quot;335551620&quot;:6,&quot;335559739&quot;:0,&quot;335559740&quot;:259,&quot;469777462&quot;:[6570],&quot;469777927&quot;:[0],&quot;469777928&quot;:[1]}\">\u00a0<\/span><\/p>\n<p style=\"text-align: justify;\"><span data-contrast=\"none\">\u201cPorque, sin duda, el hurac\u00e1n Otis ha marcado un antes y un despu\u00e9s de c\u00f3mo se desarrollan las tareas de gobierno y la utilizaci\u00f3n de los recursos, lo cual conlleva a definir con certeza y oportunidad c\u00f3mo aplicar la ayuda a la ciudadan\u00eda afectada, y c\u00f3mo prevenirnos ante una futura contingencia\u201d, abund\u00f3.\u00a0<\/span><span data-ccp-props=\"{&quot;201341983&quot;:0,&quot;335551550&quot;:6,&quot;335551620&quot;:6,&quot;335559739&quot;:0,&quot;335559740&quot;:259,&quot;469777462&quot;:[6570],&quot;469777927&quot;:[0],&quot;469777928&quot;:[1]}\">\u00a0<\/span><\/p>\n<p style=\"text-align: justify;\"><span data-contrast=\"none\">En lo que respecta a la agenda legislativa, la legisladora inform\u00f3 que en lo que resta de este a\u00f1o las diputadas y diputados est\u00e1n enfocados en el an\u00e1lisis de las Leyes de Ingresos del Estado y los Municipios, asuntos que est\u00e1n al interior de la Comisi\u00f3n de Hacienda, y que en breve se estar\u00e1n presentando ante el Pleno para su respectivo tr\u00e1mite legislativo.\u00a0<\/span><span data-ccp-props=\"{&quot;201341983&quot;:0,&quot;335551550&quot;:6,&quot;335551620&quot;:6,&quot;335559739&quot;:0,&quot;335559740&quot;:259,&quot;469777462&quot;:[6570],&quot;469777927&quot;:[0],&quot;469777928&quot;:[1]}\">\u00a0<\/span><\/p>\n<p style=\"text-align: justify;\"><span data-contrast=\"none\">Subray\u00f3 que tambi\u00e9n se est\u00e1 haciendo un an\u00e1lisis riguroso al Presupuesto de Egresos 2024, ya que derivado de las afectaciones por el Otis, se requiere de modificaciones para poder atender necesidades apremiantes.<\/span><span data-ccp-props=\"{&quot;201341983&quot;:0,&quot;335551550&quot;:6,&quot;335551620&quot;:6,&quot;335559739&quot;:0,&quot;335559740&quot;:259,&quot;469777462&quot;:[6570],&quot;469777927&quot;:[0],&quot;469777928&quot;:[1]}\">\u00a0<\/span><\/p>\n","protected":false},"excerpt":{"rendered":"<p>Chilpancingo, Gro., 04 de diciembre de 2023.- La presidenta de la Junta de Coordinaci\u00f3n Pol\u00edtica del Congreso del Estado, diputada Yoloczin Dom\u00ednguez Serna, calific\u00f3 las comparecencias de secretarias y secretarios de despacho con motivo de la Glosa del Segundo Informe del Gobierno del Estado, como un ejercicio de rendici\u00f3n de cuentas \u201cpositivo, satisfactorio y exitoso\u201d.\u00a0&#8230;<\/p>\n","protected":false},"author":1,"featured_media":8623,"comment_status":"closed","ping_status":"open","sticky":false,"template":"","format":"standard","meta":{"_monsterinsights_skip_tracking":false,"_monsterinsights_sitenote_active":false,"_monsterinsights_sitenote_note":"","_monsterinsights_sitenote_category":0,"footnotes":""},"categories":[3],"tags":[],"class_list":["post-8622","post","type-post","status-publish","format-standard","has-post-thumbnail","hentry","category-boletin"],"aioseo_notices":[],"_links":{"self":[{"href":"https:\/\/congresogro.gob.mx\/63\/inicio\/wp-json\/wp\/v2\/posts\/8622","targetHints":{"allow":["GET"]}}],"collection":[{"href":"https:\/\/congresogro.gob.mx\/63\/inicio\/wp-json\/wp\/v2\/posts"}],"about":[{"href":"https:\/\/congresogro.gob.mx\/63\/inicio\/wp-json\/wp\/v2\/types\/post"}],"author":[{"embeddable":true,"href":"https:\/\/congresogro.gob.mx\/63\/inicio\/wp-json\/wp\/v2\/users\/1"}],"replies":[{"embeddable":true,"href":"https:\/\/congresogro.gob.mx\/63\/inicio\/wp-json\/wp\/v2\/comments?post=8622"}],"version-history":[{"count":1,"href":"https:\/\/congresogro.gob.mx\/63\/inicio\/wp-json\/wp\/v2\/posts\/8622\/revisions"}],"predecessor-version":[{"id":8624,"href":"https:\/\/congresogro.gob.mx\/63\/inicio\/wp-json\/wp\/v2\/posts\/8622\/revisions\/8624"}],"wp:featuredmedia":[{"embeddable":true,"href":"https:\/\/congresogro.gob.mx\/63\/inicio\/wp-json\/wp\/v2\/media\/8623"}],"wp:attachment":[{"href":"https:\/\/congresogro.gob.mx\/63\/inicio\/wp-json\/wp\/v2\/media?parent=8622"}],"wp:term":[{"taxonomy":"category","embeddable":true,"href":"https:\/\/congresogro.gob.mx\/63\/inicio\/wp-json\/wp\/v2\/categories?post=8622"},{"taxonomy":"post_tag","embeddable":true,"href":"https:\/\/congresogro.gob.mx\/63\/inicio\/wp-json\/wp\/v2\/tags?post=8622"}],"curies":[{"name":"wp","href":"https:\/\/api.w.org\/{rel}","templated":true}]}}