{"id":8616,"date":"2023-12-01T15:51:37","date_gmt":"2023-12-01T21:51:37","guid":{"rendered":"https:\/\/congresogro.gob.mx\/63\/inicio\/?p=8616"},"modified":"2023-12-01T15:51:37","modified_gmt":"2023-12-01T21:51:37","slug":"invita-congreso-a-participar-en-el-tercer-festival-artesanal-y-gastronomico-2023","status":"publish","type":"post","link":"https:\/\/congresogro.gob.mx\/63\/inicio\/2023\/12\/01\/invita-congreso-a-participar-en-el-tercer-festival-artesanal-y-gastronomico-2023\/","title":{"rendered":"INVITA CONGRESO A PARTICIPAR EN EL TERCER FESTIVAL ARTESANAL Y GASTRON\u00d3MICO 2023"},"content":{"rendered":"<p style=\"text-align: justify;\"><strong>Chilpancingo, Gro., 01 de diciembre de 2023.-<\/strong> El Congreso del Estado, a trav\u00e9s de su Comisi\u00f3n de Artesan\u00edas, invita a la ciudadan\u00eda en general a participar en el Tercer Festival Artesanal y Gastron\u00f3mico 2023, a realizarse los d\u00edas 4, 5 y 6 del presente mes en las instalaciones de este Poder Legislativo.<br \/>\nLa diputada Mar\u00eda Flores Maldonado, presidenta de la citada comisi\u00f3n legislativa, inform\u00f3 que dicho festival tiene como objeto el promover y fomentar las artesan\u00edas representativas de Guerrero, as\u00ed como establecer una comunicaci\u00f3n directa de los artesanos con diputadas y diputados de la LXIII Legislatura.<br \/>\nAbund\u00f3 la legisladora que este festival es parte de las acciones que realiza la comisi\u00f3n para el fomento de esta importante actividad productiva representativa de Guerrero, y apoyar la econom\u00eda de las familias dedicadas a ella.<br \/>\nPrecis\u00f3 que los productos y alimentos que estar\u00e1n en la exposici\u00f3n son hechos exclusivamente por manos guerrerenses, y no se permitir\u00e1n revendedores.<br \/>\nLa cita es a partir de las 10:00 horas en la Explanada Centenario del Congreso del Estado (Velaria), Tr\u00e9bol Sur Sentimientos de la Naci\u00f3n S\/N, colonia Villa Moderna.<\/p>\n","protected":false},"excerpt":{"rendered":"<p>Chilpancingo, Gro., 01 de diciembre de 2023.- El Congreso del Estado, a trav\u00e9s de su Comisi\u00f3n de Artesan\u00edas, invita a la ciudadan\u00eda en general a participar en el Tercer Festival Artesanal y Gastron\u00f3mico 2023, a realizarse los d\u00edas 4, 5 y 6 del presente mes en las instalaciones de este Poder Legislativo. La diputada Mar\u00eda&#8230;<\/p>\n","protected":false},"author":1,"featured_media":8618,"comment_status":"closed","ping_status":"open","sticky":false,"template":"","format":"standard","meta":{"_monsterinsights_skip_tracking":false,"_monsterinsights_sitenote_active":false,"_monsterinsights_sitenote_note":"","_monsterinsights_sitenote_category":0,"footnotes":""},"categories":[3,28],"tags":[],"class_list":["post-8616","post","type-post","status-publish","format-standard","has-post-thumbnail","hentry","category-boletin","category-maria-flores-maldonado"],"aioseo_notices":[],"_links":{"self":[{"href":"https:\/\/congresogro.gob.mx\/63\/inicio\/wp-json\/wp\/v2\/posts\/8616","targetHints":{"allow":["GET"]}}],"collection":[{"href":"https:\/\/congresogro.gob.mx\/63\/inicio\/wp-json\/wp\/v2\/posts"}],"about":[{"href":"https:\/\/congresogro.gob.mx\/63\/inicio\/wp-json\/wp\/v2\/types\/post"}],"author":[{"embeddable":true,"href":"https:\/\/congresogro.gob.mx\/63\/inicio\/wp-json\/wp\/v2\/users\/1"}],"replies":[{"embeddable":true,"href":"https:\/\/congresogro.gob.mx\/63\/inicio\/wp-json\/wp\/v2\/comments?post=8616"}],"version-history":[{"count":1,"href":"https:\/\/congresogro.gob.mx\/63\/inicio\/wp-json\/wp\/v2\/posts\/8616\/revisions"}],"predecessor-version":[{"id":8619,"href":"https:\/\/congresogro.gob.mx\/63\/inicio\/wp-json\/wp\/v2\/posts\/8616\/revisions\/8619"}],"wp:featuredmedia":[{"embeddable":true,"href":"https:\/\/congresogro.gob.mx\/63\/inicio\/wp-json\/wp\/v2\/media\/8618"}],"wp:attachment":[{"href":"https:\/\/congresogro.gob.mx\/63\/inicio\/wp-json\/wp\/v2\/media?parent=8616"}],"wp:term":[{"taxonomy":"category","embeddable":true,"href":"https:\/\/congresogro.gob.mx\/63\/inicio\/wp-json\/wp\/v2\/categories?post=8616"},{"taxonomy":"post_tag","embeddable":true,"href":"https:\/\/congresogro.gob.mx\/63\/inicio\/wp-json\/wp\/v2\/tags?post=8616"}],"curies":[{"name":"wp","href":"https:\/\/api.w.org\/{rel}","templated":true}]}}