{"id":8585,"date":"2023-11-27T21:24:43","date_gmt":"2023-11-28T03:24:43","guid":{"rendered":"https:\/\/congresogro.gob.mx\/63\/inicio\/?p=8585"},"modified":"2023-11-28T21:26:12","modified_gmt":"2023-11-29T03:26:12","slug":"ante-secretario-de-finanzas-reafirmael-congreso-su-respaldo-para-hacer-frente-a-la-crisis-por-otis","status":"publish","type":"post","link":"https:\/\/congresogro.gob.mx\/63\/inicio\/2023\/11\/27\/ante-secretario-de-finanzas-reafirmael-congreso-su-respaldo-para-hacer-frente-a-la-crisis-por-otis\/","title":{"rendered":"ANTE SECRETARIO DE FINANZAS, REAFIRMAEL CONGRESO  SU RESPALDO PARA HACER FRENTE A LA CRISIS POR OTIS"},"content":{"rendered":"<p style=\"text-align: justify;\"><strong>Chilpancingo, Gro., 27 de noviembre de 2023.-<\/strong> El Congreso del Estado ser\u00e1 siempre un aliado institucional cuando se trata de hacer frente a los problemas que afectan a Guerrero, como la crisis derivada del hurac\u00e1n Otis, coincidieron diputadas y diputados durante la comparecencia del secretario de Finanzas y Administraci\u00f3n (Sefina), Raymundo Segura Estrada, en el marco de la Glosa del Segundo Informe del Gobierno de Evelyn Salgado Pineda.<\/p>\n<p style=\"text-align: justify;\">Inici\u00f3 la primera ronda de preguntas la diputada Leticia Mosso Hern\u00e1ndez, quien celebr\u00f3 que el presente a\u00f1o haya aumentado la recaudaci\u00f3n de impuestos estatales, de acuerdo con la informaci\u00f3n enviada al Congreso.<\/p>\n<p style=\"text-align: justify;\">Asimismo, pregunt\u00f3 qu\u00e9 detectaron como resultado de la fiscalizaci\u00f3n que permiti\u00f3 cuadriplicar el monto de esta recaudaci\u00f3n, y qu\u00e9 estrategias se prev\u00e9n para evitar un retroceso por el embate del hurac\u00e1n.<\/p>\n<p style=\"text-align: justify;\">Expuso que el Congreso es un firme aliado para hacer frente a los retos en materia de administraci\u00f3n, siempre que est\u00e9n en el centro los derechos de las y los guerrerenses.<\/p>\n<p style=\"text-align: justify;\">En su oportunidad, la diputada Hilda Jennifer Ponce Mendoza pregunt\u00f3 c\u00f3mo recibi\u00f3 la Sefina a partir de que asumi\u00f3 el cargo, y le pidi\u00f3 un diagn\u00f3stico del primer tercio de su mandato.<\/p>\n<p style=\"text-align: justify;\">Por su parte, el diputado Ociel Hugar Garc\u00eda Trujillo cuestion\u00f3 en relaci\u00f3n a la disciplina financiera y sus beneficios, el combate a la corrupci\u00f3n y cu\u00e1ntos funcionarios se han sancionado o est\u00e1n en proceso administrativo.<\/p>\n<p style=\"text-align: justify;\">Pregunt\u00f3 sobre los resultados del Programa Anual de Evaluaci\u00f3n de los Programas P\u00fablicos del Gobierno del Estado, y el avance en el cumplimiento de sus objetivos y metas financieras.<\/p>\n<p style=\"text-align: justify;\">La diputada Flor A\u00f1orve Ocampo cuestion\u00f3 bajo qu\u00e9 criterios se asegura que los recursos asignados para gasto de inversi\u00f3n, que aumentaron en 71 por ciento en 2023, se traducen en impacto directo y efectivo en el bienestar de la poblaci\u00f3n guerrerense.<\/p>\n<p style=\"text-align: justify;\">Adem\u00e1s, pregunt\u00f3 sobre las acciones espec\u00edficas para cerrar las brechas de desigualdad en la poblaci\u00f3n; por qu\u00e9 disminuyeron los recursos del Instituto Electoral y de Participaci\u00f3n Ciudadana, lo que puede afectar el desarrollo del pr\u00f3ximo proceso electoral, y c\u00f3mo se ha avanzado en la deuda institucional.<\/p>\n<p style=\"text-align: justify;\">El diputado Jos\u00e9 Efr\u00e9n L\u00f3pez Cort\u00e9s cuestion\u00f3 sobre la participaci\u00f3n espec\u00edfica de la secretar\u00eda en la contingencia de Acapulco por el hurac\u00e1n Otis; los avances para la liberaci\u00f3n de recursos financieros en favor de los municipios de nueva creaci\u00f3n; las acciones implementadas para prevenir y atender las demandas laborales, y c\u00f3mo se estimula la captaci\u00f3n de recursos por impuestos en el estado y los municipios.<\/p>\n<p style=\"text-align: justify;\">En la segunda ronda de interrogantes, el diputado Bernardo Ortega Jim\u00e9nez cuestion\u00f3 por qu\u00e9 el Gobierno del Estado no emite el decreto relacionado con la tenencia vehicular, como se hac\u00eda en gobiernos anteriores, y bajo qu\u00e9 justificaci\u00f3n se estableci\u00f3 en la Ley de Ingresos el cobro de tenencias a veh\u00edculos con m\u00e1s de 10 a\u00f1os de antig\u00fcedad, mismos que antes estaban exentos.<\/p>\n<p style=\"text-align: justify;\">A su vez, la diputada Gabriela Bernal Res\u00e9ndiz pregunt\u00f3 sobre el presupuesto asignado en 2023 al eje transversal de Perspectiva de G\u00e9nero, y el estado f\u00edsico, financiero y transversal del presupuesto de este \u00e1mbito en la actualidad.<\/p>\n<p style=\"text-align: justify;\">Del impacto del hurac\u00e1n Otis en Acapulco, la legisladora pidi\u00f3 saber si Guerrero cuenta con alguna reserva presupuestaria que haga frente de manera inmediata a las consecuencias de este desastre natural, y si hay un plan de reactivaci\u00f3n econ\u00f3mica y un diagn\u00f3stico de c\u00f3mo impactar\u00e1 la baja o nula captaci\u00f3n de ingresos de Acapulco a la hacienda estatal.<\/p>\n<p style=\"text-align: justify;\">Asimismo, la diputada Jessica Alejo Rayo cuestion\u00f3 por qu\u00e9 en el Presupuesto de Egresos 2023 dej\u00f3 de considerarse el Programa de Perspectiva de G\u00e9nero, e inquiri\u00f3 sobre los resultados y alcances de lo ejercido hasta el momento.<\/p>\n<p style=\"text-align: justify;\">La legisladora pidi\u00f3 al funcionario referir cu\u00e1nta poblaci\u00f3n se ha beneficiado con los planes y proyectos con perspectiva de g\u00e9nero; y referente al programa de Protocolo Violeta, pregunt\u00f3 si es viable su ampliaci\u00f3n.<\/p>\n<p style=\"text-align: justify;\">En la tercera ronda de preguntas, el diputado Esteban Albarr\u00e1n Mendoza solicit\u00f3 informaci\u00f3n sobre la gesti\u00f3n que har\u00e1 el Gobierno del Estado ante el Gobierno Federal para hacer frente al d\u00e9ficit financiero que se avecina tras el hurac\u00e1n Otis.<\/p>\n<p style=\"text-align: justify;\">Interrog\u00f3, asimismo, qu\u00e9 tanto afectar\u00e1 esta situaci\u00f3n al Producto Interno Bruto, y qu\u00e9 perspectiva de crecimiento hay para los municipios con poca recaudaci\u00f3n debido a su situaci\u00f3n de pobreza. Adem\u00e1s, le pidi\u00f3 abundar sobre los objetivos financieros fijados en el Plan 2022-2027 a partir de la coyuntura que enfrenta Guerrero.<\/p>\n<p style=\"text-align: justify;\">El diputado Osbaldo R\u00edos Manrique pregunt\u00f3 por su parte las causas por las que constantemente trabajadores se manifiestan para exigir que directivos de organismos p\u00fablicos descentralizados les respeten sus derechos laborales; por qu\u00e9 existen laudos condenatorios millonarios en contra de organismos p\u00fablicos descentralizados, y el plazo para sanear estos laudos.<\/p>\n<p style=\"text-align: justify;\">Por \u00faltimo, el diputado Andr\u00e9s Guevara C\u00e1rdenas quiso conocer la estrategia financiera con que se hace frente a la deuda p\u00fablica y la proyecci\u00f3n que se tendr\u00eda para los a\u00f1os subsecuentes.<\/p>\n<p style=\"text-align: justify;\">Celebr\u00f3, por \u00faltimo, la disposici\u00f3n del Ejecutivo para realizar este ejercicio de transparencia y rendici\u00f3n de cuentas que reaviva la confianza de la ciudadan\u00eda en sus gobernantes.<\/p>\n<p style=\"text-align: justify;\">En su intervenci\u00f3n, el titular de la Sefina destac\u00f3 que uno de los ejes principales de la administraci\u00f3n p\u00fablica estatal es encauzar los recursos con un enfoque de pol\u00edtica p\u00fablica inclusiva en pro de los grupos m\u00e1s desfavorecidos, reforzando la protecci\u00f3n social a trav\u00e9s de los programas sociales.<\/p>\n<p style=\"text-align: justify;\">En transparencia y rendici\u00f3n de cuentas, manifest\u00f3 que se cumpli\u00f3 puntualmente con la presentaci\u00f3n de los informes financieros a los entes fiscalizadores, conforme a la norma de contabilidad gubernamental, y asever\u00f3 que el Consejo Nacional de Administraci\u00f3n Contable ha efectuado evaluaciones trimestrales sobre el progreso en armonizaci\u00f3n contable, logr\u00e1ndose un cumplimiento total en las tres evaluaciones realizadas.<\/p>\n<p style=\"text-align: justify;\">Agreg\u00f3 que estos principios son pilares esenciales de la administraci\u00f3n, por ello, junto a otras dependencias, han dise\u00f1ado la p\u00e1gina web del Sistema Estatal de Evaluaci\u00f3n al Desempe\u00f1o, que ofrece detalles sobre el presupuesto y el impacto de iniciativas y programas estatales en beneficio de las y los guerrerenses, adem\u00e1s de las acciones para disminuir las brechas de desigualdad entre hombres y mujeres, donde la igualdad de g\u00e9nero se marca como eje transversal.<\/p>\n<p style=\"text-align: justify;\">Finalmente, el funcionario estatal reiter\u00f3 la disposici\u00f3n al di\u00e1logo y el trabajo en conjunto con el Poder Legislativo para hacer frente a los grandes retos que enfrenta Guerrero.<\/p>\n","protected":false},"excerpt":{"rendered":"<p>Chilpancingo, Gro., 27 de noviembre de 2023.- El Congreso del Estado ser\u00e1 siempre un aliado institucional cuando se trata de hacer frente a los problemas que afectan a Guerrero, como la crisis derivada del hurac\u00e1n Otis, coincidieron diputadas y diputados durante la comparecencia del secretario de Finanzas y Administraci\u00f3n (Sefina), Raymundo Segura Estrada, en el&#8230;<\/p>\n","protected":false},"author":1,"featured_media":8586,"comment_status":"closed","ping_status":"open","sticky":false,"template":"","format":"standard","meta":{"_monsterinsights_skip_tracking":false,"_monsterinsights_sitenote_active":false,"_monsterinsights_sitenote_note":"","_monsterinsights_sitenote_category":0,"footnotes":""},"categories":[3],"tags":[],"class_list":["post-8585","post","type-post","status-publish","format-standard","has-post-thumbnail","hentry","category-boletin"],"aioseo_notices":[],"_links":{"self":[{"href":"https:\/\/congresogro.gob.mx\/63\/inicio\/wp-json\/wp\/v2\/posts\/8585","targetHints":{"allow":["GET"]}}],"collection":[{"href":"https:\/\/congresogro.gob.mx\/63\/inicio\/wp-json\/wp\/v2\/posts"}],"about":[{"href":"https:\/\/congresogro.gob.mx\/63\/inicio\/wp-json\/wp\/v2\/types\/post"}],"author":[{"embeddable":true,"href":"https:\/\/congresogro.gob.mx\/63\/inicio\/wp-json\/wp\/v2\/users\/1"}],"replies":[{"embeddable":true,"href":"https:\/\/congresogro.gob.mx\/63\/inicio\/wp-json\/wp\/v2\/comments?post=8585"}],"version-history":[{"count":1,"href":"https:\/\/congresogro.gob.mx\/63\/inicio\/wp-json\/wp\/v2\/posts\/8585\/revisions"}],"predecessor-version":[{"id":8587,"href":"https:\/\/congresogro.gob.mx\/63\/inicio\/wp-json\/wp\/v2\/posts\/8585\/revisions\/8587"}],"wp:featuredmedia":[{"embeddable":true,"href":"https:\/\/congresogro.gob.mx\/63\/inicio\/wp-json\/wp\/v2\/media\/8586"}],"wp:attachment":[{"href":"https:\/\/congresogro.gob.mx\/63\/inicio\/wp-json\/wp\/v2\/media?parent=8585"}],"wp:term":[{"taxonomy":"category","embeddable":true,"href":"https:\/\/congresogro.gob.mx\/63\/inicio\/wp-json\/wp\/v2\/categories?post=8585"},{"taxonomy":"post_tag","embeddable":true,"href":"https:\/\/congresogro.gob.mx\/63\/inicio\/wp-json\/wp\/v2\/tags?post=8585"}],"curies":[{"name":"wp","href":"https:\/\/api.w.org\/{rel}","templated":true}]}}