{"id":8581,"date":"2023-11-27T22:08:18","date_gmt":"2023-11-28T04:08:18","guid":{"rendered":"https:\/\/congresogro.gob.mx\/63\/inicio\/?p=8581"},"modified":"2023-11-27T22:08:18","modified_gmt":"2023-11-28T04:08:18","slug":"refrenda-el-congreso-su-voluntad-de-sumar-esfuerzos-con-el-ejecutivo-para-dar-respuesta-a-los-grandes-retos-de-guerrero","status":"publish","type":"post","link":"https:\/\/congresogro.gob.mx\/63\/inicio\/2023\/11\/27\/refrenda-el-congreso-su-voluntad-de-sumar-esfuerzos-con-el-ejecutivo-para-dar-respuesta-a-los-grandes-retos-de-guerrero\/","title":{"rendered":"REFRENDA EL CONGRESO SU VOLUNTAD DE SUMAR ESFUERZOS CON EL EJECUTIVO PARA DAR RESPUESTA A LOS GRANDES RETOS DE GUERRERO"},"content":{"rendered":"<p style=\"text-align: justify;\"><strong>Chilpancingo, Gro., 27 de noviembre de 2023.-<\/strong> En el inicio de las comparecencias por la Glosa del Segundo Informe del Gobierno del Estado, diputadas y diputados de la LXIII Legislatura coincidieron en la necesidad de unir esfuerzos y voluntades entre poderes y los distintos \u00f3rdenes de gobierno para dar respuesta oportuna y efectiva a las grandes necesidades de la entidad.<\/p>\n<p style=\"text-align: justify;\">Ante el Pleno del Congreso de Guerrero compareci\u00f3 este lunes el secretario general de Gobierno, Ludwig Marcial Reynoso N\u00fa\u00f1ez, para informar sobre el estado que guarda la dependencia a su cargo y responder a cuestionamientos de legisladoras y legisladores de los distintos grupos parlamentarios y representaciones de partido, relacionados con la seguridad p\u00fablica, los derechos humanos, familias desplazadas, erradicaci\u00f3n de la violencia contra ni\u00f1as y mujeres, entre otros de su \u00e1mbito.<\/p>\n<p style=\"text-align: justify;\">En la primera ronda de preguntas, la diputada Ana Lenis Res\u00e9ndiz Javier cuestion\u00f3 al funcionario sobre la estrategia que implementa el gobierno para reducir la inseguridad en las distintas regiones de la entidad, y ante la cercan\u00eda de las campa\u00f1as pol\u00edticas, qu\u00e9 har\u00e1n para salvaguardar la integridad f\u00edsica de las y los candidatos, de la ciudadan\u00eda que participa y los trabajadores de los medios de comunicaci\u00f3n que dan cobertura al proceso.<\/p>\n<p style=\"text-align: justify;\">Continu\u00f3 la diputada Leticia Mosso Hern\u00e1ndez, destacando que la rendici\u00f3n de cuentas es un elemento fundamental de la democracia y un instrumento que genera mayor credibilidad y confianza en los representantes. En ese sentido, pregunt\u00f3 sobre la pol\u00edtica p\u00fablica de atenci\u00f3n a las familias desplazadas y las estrategias para la prevenci\u00f3n, atenci\u00f3n, sanci\u00f3n y erradicaci\u00f3n de la violencia contra las mujeres.<\/p>\n<p style=\"text-align: justify;\">La legisladora hizo tambi\u00e9n un llamado al Ejecutivo estatal a seguir redoblando esfuerzos para garantizar la estabilidad y paz social en la entidad, sobre todo por la crisis generada por el hurac\u00e1n Otis, reiterando el compromiso del Poder Legislativo de seguir coadyuvando, desde su \u00e1mbito, para satisfacer las m\u00faltiples necesidades ciudadanas.<\/p>\n<p style=\"text-align: justify;\">En su intervenci\u00f3n, la diputada Hilda Jennifer Ponce Mendoza vers\u00f3 sus cuestionamientos en relaci\u00f3n a las acciones que ha realizado el gobierno estatal para combatir y reducir los altos \u00edndices de pobreza y marginaci\u00f3n en la entidad.<\/p>\n<p style=\"text-align: justify;\">Por su parte, el diputado Bernardo Ortega pregunt\u00f3 si el Gobierno del Estado ya cuenta con el Programa Estatal de Derechos Humanos, y pidi\u00f3 tambi\u00e9n saber sobre las normas a que se sujetan las corporaciones para el uso de la fuerza p\u00fablica en casos de protesta, y los programas de protecci\u00f3n para defensores de derechos humanos y periodistas.<\/p>\n<p style=\"text-align: justify;\">La diputada Gabriela Bernal Res\u00e9ndiz, por su parte, pregunt\u00f3 al compareciente sobre si la estrategia de atenci\u00f3n a las familias desplazadas contempla empleo temporal, acceso a la educaci\u00f3n y a la salud.<\/p>\n<p style=\"text-align: justify;\">Tambi\u00e9n cuestion\u00f3 el desempe\u00f1o del secretario de Educaci\u00f3n en Guerrero por no atender con eficiencia las demandas del magisterio y los estudiantes, y pidi\u00f3 detalles sobre la atenci\u00f3n a las Declaratorias de Alerta de Violencia de G\u00e9nero contra las Mujeres por Agravio Comparado y violencia feminicida.<\/p>\n<p style=\"text-align: justify;\">Particip\u00f3 tambi\u00e9n la diputada Gloria Citlali Calixto Jim\u00e9nez, quien reconoci\u00f3 que los Poderes Ejecutivo y Legislativo han realizado un trabajo coordinado que ha dado respuesta a la problem\u00e1tica de las mujeres y el reconocimiento de sus derechos.<\/p>\n<p style=\"text-align: justify;\">Pregunt\u00f3, asimismo, qu\u00e9 resultados de buenas pr\u00e1cticas ha dado el m\u00f3dulo de atenci\u00f3n multidisciplinario a mujeres en situaci\u00f3n de violencia en el municipio de Ayutla de los Libres, si se podr\u00eda replicar este proyecto en otros municipios, y sobre los resultados del Transporte Violeta.<\/p>\n<p style=\"text-align: justify;\">En la segunda ronda de preguntas, el diputado Carlos Reyes Torres critic\u00f3 el avance en materia de seguridad, y expuso que esto puede deberse a que existe descoordinaci\u00f3n y falta de confianza entre las distintas corporaciones policiacas, lo mismo que entre las autoridades de los diferentes \u00f3rdenes de gobierno.<\/p>\n<p style=\"text-align: justify;\">En ese sentido, reiter\u00f3 el llamado del Legislativo para trabajar estrecha y comprometidamente con el Ejecutivo, a efecto de dar respuesta al anhelo de paz y armon\u00eda de las y los guerrerenses, quienes merecen vivir con dignidad.<\/p>\n<p style=\"text-align: justify;\">El diputado Esteban Albarr\u00e1n Mendoza pregunt\u00f3 sobre el n\u00famero de recomendaciones de derechos humanos recibidas por el Poder Ejecutivo, cu\u00e1ntas est\u00e1n pendientes de atender y las razones que imposibilitan, en algunos casos, su aceptaci\u00f3n.<\/p>\n<p style=\"text-align: justify;\">Reconoci\u00f3 que hay disposici\u00f3n para atender los diversos problemas de Guerrero, aunque los esfuerzos no han sido suficientes, sobre todo en el tema de la protecci\u00f3n a periodistas y defensores de derechos humanos, por lo que reiter\u00f3 la voluntad del Legislativo para coadyuvar en lo necesario para lograr mejores condiciones de vida de las y los guerrerenses.<\/p>\n<p style=\"text-align: justify;\">La diputada Jessica Ivette Alejo Rayo pidi\u00f3 saber c\u00f3mo se ejercen los recursos de la dependencia, los avances de los programas de Fomento al Estado de Derecho y la Gobernabilidad en el Estado de Guerrero, de Apoyo a Marquesanos y de B\u00fasqueda de Personas Desaparecidas, as\u00ed como las acciones implementadas implementadas en espec\u00edfico por la secretar\u00eda para ayudar a la poblaci\u00f3n del municipio de Acapulco, luego del impacto del hurac\u00e1n Otis.<\/p>\n<p style=\"text-align: justify;\">En la \u00faltima ronda de preguntas, la diputada Flor A\u00f1orve Ocampo cuestion\u00f3 la demora en la publicaci\u00f3n de leyes y acuerdos aprobados por el Poder Legislativo, entre ellos la Ley de Responsabilidad Patrimonial y el decreto donde se otorga la denominaci\u00f3n de \u00abBenem\u00e9rita\u00bb a la Centenaria Escuela Normal del Estado Ignacio Manuel Altamirano.<\/p>\n<p style=\"text-align: justify;\">Tambi\u00e9n pidi\u00f3 conocer el comportamiento del transporte p\u00fablico en zonas urbanas, suburbanas y rurales, y si hay alg\u00fan portal informativo en la materia, adem\u00e1s de los protocolos de atenci\u00f3n a v\u00edctimas directas e indirectas de distintos delitos, como es el caso de periodistas privados de su libertad en el municipio de Taxco.<\/p>\n<p style=\"text-align: justify;\">El diputado Jacinto Gonz\u00e1lez Varona reconoci\u00f3 que la modernizaci\u00f3n en la interconectividad del Registro Civil es un hecho sin precedentes que pone a Guerrero a la vanguardia. Al respecto, pidi\u00f3 saber c\u00f3mo se otorgar\u00e1 este servicio en los lugares que no cuentan con internet, as\u00ed como para garantizar el acceso a personas hablantes de lenguas originarias.<\/p>\n<p style=\"text-align: justify;\">El legislador tambi\u00e9n destac\u00f3, conforme al informe de la dependencia, que haya un avance del 50 por ciento en la localizaci\u00f3n de personas desaparecidas, para lo cual solicit\u00f3 conocer la estrategia implementada.<\/p>\n<p style=\"text-align: justify;\">Cerr\u00f3 la cuarta y \u00faltima ronda de preguntas al compareciente la diputada Yoloczin Dom\u00ednguez Serna, quien extern\u00f3 que con este ejercicio se da cumplimiento cabal a las obligaciones de transparencia y rendici\u00f3n de cuentas que tienen las instancias de gobierno con la ciudadan\u00eda.<\/p>\n<p style=\"text-align: justify;\">La diputada celebr\u00f3 que, conforme al comparativo entre el actual ejercicio y el anterior, se haya logrado una disminuci\u00f3n del 6 por ciento en el n\u00famero de personas desplazadas, pero, sobre todo, que en la actualidad no se registre ese tipo de problema.<\/p>\n<p style=\"text-align: justify;\">Ante esto, solicit\u00f3 m\u00e1s detalles sobre la inversi\u00f3n y mecanismos que se han implementado para lograr reintegrar a la poblaci\u00f3n desplazada a sus lugares de origen, y cuestion\u00f3 tambi\u00e9n en relaci\u00f3n al Sistema Integral de Transporte Acab\u00fas, cu\u00e1nto es su ingreso anual y el estado financiero en que se recibi\u00f3.<\/p>\n<p style=\"text-align: justify;\">En la lectura de la s\u00edntesis del estado que guarda la Secretar\u00eda General de Gobierno, Ludwig Marcial Reynoso N\u00fa\u00f1ez destac\u00f3 que el gobierno estatal ha podido consolidar una buena relaci\u00f3n con el Poder Legislativo, ya que comparten el mismo objetivo de priorizar el bienestar ciudadano, fortalecer el sistema democr\u00e1tico y dar cauce a las necesidades de las y los guerrerenses.<\/p>\n<p style=\"text-align: justify;\">Destac\u00f3, asimismo, que en coordinaci\u00f3n con el Congreso se est\u00e1 avanzando en la actualizaci\u00f3n del marco jur\u00eddico local, a trav\u00e9s de la aprobaci\u00f3n de 14 de 31 iniciativas enviadas por el Ejecutivo y 17 que se mantienen en tr\u00e1mite legislativo, en respuesta al nuevo contexto que predomina en Guerrero, y para fortalecer el Estado de Derecho.<\/p>\n<p style=\"text-align: justify;\">Finalmente, el funcionario estatal reconoci\u00f3 que existen retos que se deben atender para consolidar el proyecto de gobierno y marcar huella en Guerrero. \u201cTenemos claro que para seguir avanzando y dar respuesta a los problemas y desaf\u00edos de las y los guerrerenses, necesitamos de la unidad social y la solidaridad institucional\u201d, apunt\u00f3.<\/p>\n","protected":false},"excerpt":{"rendered":"<p>Chilpancingo, Gro., 27 de noviembre de 2023.- En el inicio de las comparecencias por la Glosa del Segundo Informe del Gobierno del Estado, diputadas y diputados de la LXIII Legislatura coincidieron en la necesidad de unir esfuerzos y voluntades entre poderes y los distintos \u00f3rdenes de gobierno para dar respuesta oportuna y efectiva a las&#8230;<\/p>\n","protected":false},"author":1,"featured_media":8582,"comment_status":"closed","ping_status":"open","sticky":false,"template":"","format":"standard","meta":{"_monsterinsights_skip_tracking":false,"_monsterinsights_sitenote_active":false,"_monsterinsights_sitenote_note":"","_monsterinsights_sitenote_category":0,"footnotes":""},"categories":[3],"tags":[],"class_list":["post-8581","post","type-post","status-publish","format-standard","has-post-thumbnail","hentry","category-boletin"],"aioseo_notices":[],"_links":{"self":[{"href":"https:\/\/congresogro.gob.mx\/63\/inicio\/wp-json\/wp\/v2\/posts\/8581","targetHints":{"allow":["GET"]}}],"collection":[{"href":"https:\/\/congresogro.gob.mx\/63\/inicio\/wp-json\/wp\/v2\/posts"}],"about":[{"href":"https:\/\/congresogro.gob.mx\/63\/inicio\/wp-json\/wp\/v2\/types\/post"}],"author":[{"embeddable":true,"href":"https:\/\/congresogro.gob.mx\/63\/inicio\/wp-json\/wp\/v2\/users\/1"}],"replies":[{"embeddable":true,"href":"https:\/\/congresogro.gob.mx\/63\/inicio\/wp-json\/wp\/v2\/comments?post=8581"}],"version-history":[{"count":1,"href":"https:\/\/congresogro.gob.mx\/63\/inicio\/wp-json\/wp\/v2\/posts\/8581\/revisions"}],"predecessor-version":[{"id":8583,"href":"https:\/\/congresogro.gob.mx\/63\/inicio\/wp-json\/wp\/v2\/posts\/8581\/revisions\/8583"}],"wp:featuredmedia":[{"embeddable":true,"href":"https:\/\/congresogro.gob.mx\/63\/inicio\/wp-json\/wp\/v2\/media\/8582"}],"wp:attachment":[{"href":"https:\/\/congresogro.gob.mx\/63\/inicio\/wp-json\/wp\/v2\/media?parent=8581"}],"wp:term":[{"taxonomy":"category","embeddable":true,"href":"https:\/\/congresogro.gob.mx\/63\/inicio\/wp-json\/wp\/v2\/categories?post=8581"},{"taxonomy":"post_tag","embeddable":true,"href":"https:\/\/congresogro.gob.mx\/63\/inicio\/wp-json\/wp\/v2\/tags?post=8581"}],"curies":[{"name":"wp","href":"https:\/\/api.w.org\/{rel}","templated":true}]}}