{"id":8578,"date":"2023-11-24T22:05:54","date_gmt":"2023-11-25T04:05:54","guid":{"rendered":"https:\/\/congresogro.gob.mx\/63\/inicio\/?p=8578"},"modified":"2023-11-27T22:07:01","modified_gmt":"2023-11-28T04:07:01","slug":"proponen-sancionar-a-magistrados-y-jueces-que-no-apliquen-el-protocolo-con-perspectiva-de-genero","status":"publish","type":"post","link":"https:\/\/congresogro.gob.mx\/63\/inicio\/2023\/11\/24\/proponen-sancionar-a-magistrados-y-jueces-que-no-apliquen-el-protocolo-con-perspectiva-de-genero\/","title":{"rendered":"PROPONEN SANCIONAR A MAGISTRADOS Y JUECES QUE NO APLIQUEN EL PROTOCOLO CON PERSPECTIVA DE G\u00c9NERO"},"content":{"rendered":"<p style=\"text-align: justify;\"><strong>Chilpancingo, Gro., 24 de noviembre de 2023.-<\/strong> El diputado Carlos Cruz L\u00f3pez present\u00f3 una iniciativa de reforma a la Ley Org\u00e1nica del Poder Judicial del Estado para establecer como una falta que los magistrados presidentes de las salas y sus integrantes, jueces de primera instancia y jueces de paz, juzguen sin aplicar el Protocolo con Perspectiva de G\u00e9nero emitido por la Suprema Corte de Justicia de la Naci\u00f3n (SCJN).<\/p>\n<p style=\"text-align: justify;\">El legislador mencion\u00f3 que la obligaci\u00f3n de magistrados y jueces puede resumirse en su deber de impartir justicia sobre la base del reconocimiento de la desventaja en que hist\u00f3ricamente han estado las mujeres, como consecuencia de la construcci\u00f3n que socioculturalmente se ha desarrollado en torno a la posici\u00f3n y al rol que debieran asumir, como resultado inevitable de su sexo.<\/p>\n<p style=\"text-align: justify;\">Resalt\u00f3 que la importancia de este reconocimiento estriba en que de \u00e9l surgi\u00f3 la posibilidad de que quienes tengan encomendada la funci\u00f3n de impartir justicia puedan identificar las discriminaciones que de derecho o de hecho pueden sufrir hombres y mujeres, ya sea directa o indirectamente.<\/p>\n<p style=\"text-align: justify;\">Por lo anterior, Carlos Cruz destac\u00f3 que el objetivo de la iniciativa es establecer como una causa de falta de las y los impartidores de justicia el dejar de cumplir con el Protocolo para Juzgar con Perspectiva de G\u00e9nero emitido por la SCJN.<\/p>\n<p style=\"text-align: justify;\">La propuesta fue turnada a la Comisi\u00f3n de Justicia para su respectivo an\u00e1lisis y emisi\u00f3n del dictamen.<\/p>\n","protected":false},"excerpt":{"rendered":"<p>Chilpancingo, Gro., 24 de noviembre de 2023.- El diputado Carlos Cruz L\u00f3pez present\u00f3 una iniciativa de reforma a la Ley Org\u00e1nica del Poder Judicial del Estado para establecer como una falta que los magistrados presidentes de las salas y sus integrantes, jueces de primera instancia y jueces de paz, juzguen sin aplicar el Protocolo con&#8230;<\/p>\n","protected":false},"author":1,"featured_media":8579,"comment_status":"closed","ping_status":"open","sticky":false,"template":"","format":"standard","meta":{"_monsterinsights_skip_tracking":false,"_monsterinsights_sitenote_active":false,"_monsterinsights_sitenote_note":"","_monsterinsights_sitenote_category":0,"footnotes":""},"categories":[3,26],"tags":[],"class_list":["post-8578","post","type-post","status-publish","format-standard","has-post-thumbnail","hentry","category-boletin","category-carlos-cruz-lopez"],"aioseo_notices":[],"_links":{"self":[{"href":"https:\/\/congresogro.gob.mx\/63\/inicio\/wp-json\/wp\/v2\/posts\/8578","targetHints":{"allow":["GET"]}}],"collection":[{"href":"https:\/\/congresogro.gob.mx\/63\/inicio\/wp-json\/wp\/v2\/posts"}],"about":[{"href":"https:\/\/congresogro.gob.mx\/63\/inicio\/wp-json\/wp\/v2\/types\/post"}],"author":[{"embeddable":true,"href":"https:\/\/congresogro.gob.mx\/63\/inicio\/wp-json\/wp\/v2\/users\/1"}],"replies":[{"embeddable":true,"href":"https:\/\/congresogro.gob.mx\/63\/inicio\/wp-json\/wp\/v2\/comments?post=8578"}],"version-history":[{"count":1,"href":"https:\/\/congresogro.gob.mx\/63\/inicio\/wp-json\/wp\/v2\/posts\/8578\/revisions"}],"predecessor-version":[{"id":8580,"href":"https:\/\/congresogro.gob.mx\/63\/inicio\/wp-json\/wp\/v2\/posts\/8578\/revisions\/8580"}],"wp:featuredmedia":[{"embeddable":true,"href":"https:\/\/congresogro.gob.mx\/63\/inicio\/wp-json\/wp\/v2\/media\/8579"}],"wp:attachment":[{"href":"https:\/\/congresogro.gob.mx\/63\/inicio\/wp-json\/wp\/v2\/media?parent=8578"}],"wp:term":[{"taxonomy":"category","embeddable":true,"href":"https:\/\/congresogro.gob.mx\/63\/inicio\/wp-json\/wp\/v2\/categories?post=8578"},{"taxonomy":"post_tag","embeddable":true,"href":"https:\/\/congresogro.gob.mx\/63\/inicio\/wp-json\/wp\/v2\/tags?post=8578"}],"curies":[{"name":"wp","href":"https:\/\/api.w.org\/{rel}","templated":true}]}}