{"id":8559,"date":"2023-11-21T09:16:42","date_gmt":"2023-11-21T15:16:42","guid":{"rendered":"https:\/\/congresogro.gob.mx\/63\/inicio\/?p=8559"},"modified":"2023-11-22T09:18:09","modified_gmt":"2023-11-22T15:18:09","slug":"proponen-traduccion-en-lengua-materna-de-las-sentencias-que-involucren-a-indigenas","status":"publish","type":"post","link":"https:\/\/congresogro.gob.mx\/63\/inicio\/2023\/11\/21\/proponen-traduccion-en-lengua-materna-de-las-sentencias-que-involucren-a-indigenas\/","title":{"rendered":"PROPONEN TRADUCCI\u00d3N EN LENGUA MATERNA  DE LAS SENTENCIAS QUE INVOLUCREN A IND\u00cdGENAS"},"content":{"rendered":"<p style=\"text-align: justify;\"><strong>Chilpancingo, Gro., 21 de noviembre de 2023.-<\/strong> El diputado Carlos Cruz L\u00f3pez propuso adicionar la Ley de Reconocimiento, Derechos y Cultura de los Pueblos y Comunidades Ind\u00edgenas y Afromexicanas del Estado de Guerrero para que en los juicios o procesos donde se involucren derechos de comunidades, pueblos o personas que hablen lenguas ind\u00edgenas, se elabore de oficio y de manera obligatoria, adem\u00e1s del formato tradicional de sentencia, uno de lectura accesible y sencilla en su lengua materna, que salvaguarde su derecho de acceso a la justicia.<\/p>\n<p style=\"text-align: justify;\">Al presentar su iniciativa de adici\u00f3n de un p\u00e1rrafo al art\u00edculo 26 de dicho ordenamiento, el legislador se\u00f1al\u00f3 que el derecho de acceso a la justicia y la tutela judicial efectiva est\u00e1 establecido en la Constituci\u00f3n Pol\u00edtica, gracias a lo cual puede iniciarse un procedimiento para dirimir cualquier controversia legal, promover medios de defensa o hacer valer un derecho hasta que se emita una sentencia definitiva.<\/p>\n<p style=\"text-align: justify;\">Sin embargo, Cruz L\u00f3pez refiri\u00f3 que en diversas ocasiones, para fundar y motivar las resoluciones, el juzgador emplea un lenguaje t\u00e9cnico y dif\u00edcil de comprender, vulnerando el derecho de acceso a la justicia y la tutela judicial efectiva en su dimensi\u00f3n comunicacional, que exige que toda la informaci\u00f3n relevante que se le proporciona a una persona est\u00e9 disponible en formatos de comunicaci\u00f3n de f\u00e1cil comprensi\u00f3n.<\/p>\n<p style=\"text-align: justify;\">\u201cPor esta raz\u00f3n, es necesario que cuando se emita una resoluci\u00f3n definitiva se adjunte una sentencia de f\u00e1cil acceso en la lengua ind\u00edgena correspondiente, y que se adapte a las necesidades de los interesados\u201d, indic\u00f3.<\/p>\n<p style=\"text-align: justify;\">En el documento que se turn\u00f3 a la Comisi\u00f3n de Asuntos de los Pueblos y Comunidades Ind\u00edgenas y Afromexicanas tambi\u00e9n se\u00f1ala que si bien es cierto que a trav\u00e9s de las recomendaciones emitidas por el Consejo de la Judicatura Federal se han logrado grandes avances, a\u00fan falta mucho por hacer sobre el acceso a la justicia de los pueblos originarios.<\/p>\n<p style=\"text-align: justify;\">El diputado propone, espec\u00edficamente, que las sentencias donde se vean inmersas personas ind\u00edgenas sean traducidas a su lengua originaria con car\u00e1cter de obligatorio, atendiendo sus caracter\u00edsticas culturales, que impida que el idioma sea una barrera para ejercer plenamente el derecho a la justicia que imparten los \u00f3rganos jurisdiccionales, garantizando el debido proceso.<\/p>\n","protected":false},"excerpt":{"rendered":"<p>Chilpancingo, Gro., 21 de noviembre de 2023.- El diputado Carlos Cruz L\u00f3pez propuso adicionar la Ley de Reconocimiento, Derechos y Cultura de los Pueblos y Comunidades Ind\u00edgenas y Afromexicanas del Estado de Guerrero para que en los juicios o procesos donde se involucren derechos de comunidades, pueblos o personas que hablen lenguas ind\u00edgenas, se elabore&#8230;<\/p>\n","protected":false},"author":1,"featured_media":8560,"comment_status":"closed","ping_status":"open","sticky":false,"template":"","format":"standard","meta":{"_monsterinsights_skip_tracking":false,"_monsterinsights_sitenote_active":false,"_monsterinsights_sitenote_note":"","_monsterinsights_sitenote_category":0,"footnotes":""},"categories":[3,26],"tags":[],"class_list":["post-8559","post","type-post","status-publish","format-standard","has-post-thumbnail","hentry","category-boletin","category-carlos-cruz-lopez"],"aioseo_notices":[],"_links":{"self":[{"href":"https:\/\/congresogro.gob.mx\/63\/inicio\/wp-json\/wp\/v2\/posts\/8559","targetHints":{"allow":["GET"]}}],"collection":[{"href":"https:\/\/congresogro.gob.mx\/63\/inicio\/wp-json\/wp\/v2\/posts"}],"about":[{"href":"https:\/\/congresogro.gob.mx\/63\/inicio\/wp-json\/wp\/v2\/types\/post"}],"author":[{"embeddable":true,"href":"https:\/\/congresogro.gob.mx\/63\/inicio\/wp-json\/wp\/v2\/users\/1"}],"replies":[{"embeddable":true,"href":"https:\/\/congresogro.gob.mx\/63\/inicio\/wp-json\/wp\/v2\/comments?post=8559"}],"version-history":[{"count":1,"href":"https:\/\/congresogro.gob.mx\/63\/inicio\/wp-json\/wp\/v2\/posts\/8559\/revisions"}],"predecessor-version":[{"id":8561,"href":"https:\/\/congresogro.gob.mx\/63\/inicio\/wp-json\/wp\/v2\/posts\/8559\/revisions\/8561"}],"wp:featuredmedia":[{"embeddable":true,"href":"https:\/\/congresogro.gob.mx\/63\/inicio\/wp-json\/wp\/v2\/media\/8560"}],"wp:attachment":[{"href":"https:\/\/congresogro.gob.mx\/63\/inicio\/wp-json\/wp\/v2\/media?parent=8559"}],"wp:term":[{"taxonomy":"category","embeddable":true,"href":"https:\/\/congresogro.gob.mx\/63\/inicio\/wp-json\/wp\/v2\/categories?post=8559"},{"taxonomy":"post_tag","embeddable":true,"href":"https:\/\/congresogro.gob.mx\/63\/inicio\/wp-json\/wp\/v2\/tags?post=8559"}],"curies":[{"name":"wp","href":"https:\/\/api.w.org\/{rel}","templated":true}]}}