{"id":8553,"date":"2023-11-19T14:20:17","date_gmt":"2023-11-19T20:20:17","guid":{"rendered":"https:\/\/congresogro.gob.mx\/63\/inicio\/?p=8553"},"modified":"2023-11-21T14:22:01","modified_gmt":"2023-11-21T20:22:01","slug":"plantean-reformas-para-modernizar-y-eficientar-el-archivo-general-del-estado","status":"publish","type":"post","link":"https:\/\/congresogro.gob.mx\/63\/inicio\/2023\/11\/19\/plantean-reformas-para-modernizar-y-eficientar-el-archivo-general-del-estado\/","title":{"rendered":"PLANTEAN REFORMAS PARA MODERNIZAR  Y EFICIENTAR EL ARCHIVO GENERAL DEL ESTADO"},"content":{"rendered":"<p style=\"text-align: justify;\"><strong>Chilpancingo, Gro., 19 de noviembre de 2023<\/strong>.- El diputado H\u00e9ctor Apreza Patr\u00f3n present\u00f3 una iniciativa de reformas a la Ley de Archivos del Estado de Guerrero y sus Municipios, a efecto de otorgar una estructura org\u00e1nica funcional y presupuestal al Archivo General del Estado.<\/p>\n<p style=\"text-align: justify;\">Al exponer los motivos de su iniciativa, el legislador plante\u00f3 la necesidad de armonizar esta ley y crear el organismo p\u00fablico descentralizado que ser\u00e1 responsable de administrar el Archivo General, integrando una estructura burocr\u00e1tica con recursos financieros, materiales y humanos que permitan un mejor funcionamiento, y con ello dar respuesta a la resoluci\u00f3n de la Suprema Corte de Justicia de la Naci\u00f3n (SCJN) que invalid\u00f3 diversos preceptos de la misma.<\/p>\n<p style=\"text-align: justify;\">Record\u00f3 que el Instituto Nacional de Transparencia, Acceso a la Informaci\u00f3n y Protecci\u00f3n de Datos Personales y la Comisi\u00f3n Nacional de los Derechos Humanos promovieron las acciones de inconstitucionalidad 122\/2021 y su acumulada 125\/2021 ante la SCJN, en contra de diversas disposiciones de la Ley de Archivos del Estado de Guerrero.<\/p>\n<p style=\"text-align: justify;\">Refiri\u00f3, asimismo, que el 2 de mayo de 2023, como resultado del an\u00e1lisis de las impugnaciones formuladas, el pleno de la SCJN reconoci\u00f3 la validez de los art\u00edculos 65, fracciones VI y IX, y 106, fracci\u00f3n Y de la Ley N\u00famero 794 de Archivos del Estado de Guerrero y sus Municipios, expedida en el Peri\u00f3dico Oficial de dicha entidad federativa el 23 de julio de 2021.<\/p>\n<p style=\"text-align: justify;\">De la misma, el m\u00e1ximo tribunal del pa\u00eds resolvi\u00f3 invalidar diversos preceptos de la Ley de Archivos del Estado de Guerrero y sus Municipios, cuyo expediente fue notificado al Poder Legislativo el 30 de mayo, determinaci\u00f3n que fue informada al Pleno de la Sexag\u00e9sima Tercera Legislatura en sesi\u00f3n del 6 de junio de 2023.<\/p>\n<p style=\"text-align: justify;\">Por lo anterior, se solicit\u00f3 al Congreso del Estado realizar los ajustes que, en su caso, considere pertinentes en la legislaci\u00f3n, a fin de otorgar una estructura org\u00e1nica funcional y presupuestal al Archivo General del Estado, y aunque no se le concede a la entidad la facultad de crear un Registro Estatal de Archivos, s\u00ed se le mandata integrar una estructura burocr\u00e1tica con recursos financieros, materiales y humanos que sea similar al Archivo General de la Naci\u00f3n.<\/p>\n<p style=\"text-align: justify;\">Por lo antes mencionado, el diputado H\u00e9ctor Apreza extern\u00f3 la importancia de agilizar los trabajos del dictamen, a fin de cumplir el plazo de la resoluci\u00f3n, el cual vence en el presente periodo ordinario de sesiones, ya que de no cumplir con dicho mandato, se ubicar\u00eda al Congreso de Guerrero en omisi\u00f3n legislativa, lo que ser\u00eda un grave precedente.<\/p>\n<p style=\"text-align: justify;\">Esta iniciativa fue turnada a la Comisi\u00f3n de Justicia para su an\u00e1lisis y dictaminaci\u00f3n correspondientes.<\/p>\n","protected":false},"excerpt":{"rendered":"<p>Chilpancingo, Gro., 19 de noviembre de 2023.- El diputado H\u00e9ctor Apreza Patr\u00f3n present\u00f3 una iniciativa de reformas a la Ley de Archivos del Estado de Guerrero y sus Municipios, a efecto de otorgar una estructura org\u00e1nica funcional y presupuestal al Archivo General del Estado. Al exponer los motivos de su iniciativa, el legislador plante\u00f3 la&#8230;<\/p>\n","protected":false},"author":1,"featured_media":8554,"comment_status":"closed","ping_status":"open","sticky":false,"template":"","format":"standard","meta":{"_monsterinsights_skip_tracking":false,"_monsterinsights_sitenote_active":false,"_monsterinsights_sitenote_note":"","_monsterinsights_sitenote_category":0,"footnotes":""},"categories":[3,6],"tags":[],"class_list":["post-8553","post","type-post","status-publish","format-standard","has-post-thumbnail","hentry","category-boletin","category-hector-apreza-patron"],"aioseo_notices":[],"_links":{"self":[{"href":"https:\/\/congresogro.gob.mx\/63\/inicio\/wp-json\/wp\/v2\/posts\/8553","targetHints":{"allow":["GET"]}}],"collection":[{"href":"https:\/\/congresogro.gob.mx\/63\/inicio\/wp-json\/wp\/v2\/posts"}],"about":[{"href":"https:\/\/congresogro.gob.mx\/63\/inicio\/wp-json\/wp\/v2\/types\/post"}],"author":[{"embeddable":true,"href":"https:\/\/congresogro.gob.mx\/63\/inicio\/wp-json\/wp\/v2\/users\/1"}],"replies":[{"embeddable":true,"href":"https:\/\/congresogro.gob.mx\/63\/inicio\/wp-json\/wp\/v2\/comments?post=8553"}],"version-history":[{"count":1,"href":"https:\/\/congresogro.gob.mx\/63\/inicio\/wp-json\/wp\/v2\/posts\/8553\/revisions"}],"predecessor-version":[{"id":8555,"href":"https:\/\/congresogro.gob.mx\/63\/inicio\/wp-json\/wp\/v2\/posts\/8553\/revisions\/8555"}],"wp:featuredmedia":[{"embeddable":true,"href":"https:\/\/congresogro.gob.mx\/63\/inicio\/wp-json\/wp\/v2\/media\/8554"}],"wp:attachment":[{"href":"https:\/\/congresogro.gob.mx\/63\/inicio\/wp-json\/wp\/v2\/media?parent=8553"}],"wp:term":[{"taxonomy":"category","embeddable":true,"href":"https:\/\/congresogro.gob.mx\/63\/inicio\/wp-json\/wp\/v2\/categories?post=8553"},{"taxonomy":"post_tag","embeddable":true,"href":"https:\/\/congresogro.gob.mx\/63\/inicio\/wp-json\/wp\/v2\/tags?post=8553"}],"curies":[{"name":"wp","href":"https:\/\/api.w.org\/{rel}","templated":true}]}}