{"id":8536,"date":"2023-11-15T09:32:21","date_gmt":"2023-11-15T15:32:21","guid":{"rendered":"https:\/\/congresogro.gob.mx\/63\/inicio\/?p=8536"},"modified":"2023-11-16T09:34:24","modified_gmt":"2023-11-16T15:34:24","slug":"exhorta-congreso-a-secretaria-de-salud-a-que-emita-declaratoria-de-emergencia-sanitaria-en-acapulco","status":"publish","type":"post","link":"https:\/\/congresogro.gob.mx\/63\/inicio\/2023\/11\/15\/exhorta-congreso-a-secretaria-de-salud-a-que-emita-declaratoria-de-emergencia-sanitaria-en-acapulco\/","title":{"rendered":"EXHORTA CONGRESO A SECRETAR\u00cdA DE SALUD A QUE EMITA DECLARATORIA DE EMERGENCIA SANITARIA EN ACAPULCO"},"content":{"rendered":"<p style=\"text-align: justify;\"><strong>Chilpancingo, Gro., 15 de noviembre de 2023<\/strong>.- El Congreso del Estado exhort\u00f3 a la Secretar\u00eda de Salud a que, a trav\u00e9s de la Comisi\u00f3n para la Protecci\u00f3n contra Riesgos Sanitarios del Estado de Guerrero (COPRISEG), emita la Declaratoria de Emergencia Sanitaria en el municipio de Acapulco, ante la posibilidad del incremento de enfermedades del dengue, zika y chicungunya, gastrointestinales, respiratorias y de la piel, as\u00ed como efectos en la salud mental de los habitantes con motivo del desastre ocasionado por el hurac\u00e1n \u201cOtis\u201d.<\/p>\n<p style=\"text-align: justify;\">Al dar lectura al punto de acuerdo propuesto por la diputada Alicia Elizabeth Zamora Villalva, el diputado Esteban Albarr\u00e1n Mendoza rese\u00f1\u00f3 que, como es del conocimiento general, la madrugada del 25 de octubre las costas de Guerrero, en especial Acapulco, fueron azotadas por el hurac\u00e1n \u201cOtis\u201d, destrozando los servicios p\u00fablicos, hoteles, comercios, viviendas y flora, y dejando a familias sin cobijo ni patrimonio, m\u00e1s las lamentables p\u00e9rdidas y desapariciones humanas.<\/p>\n<p style=\"text-align: justify;\">Abund\u00f3 que este fen\u00f3meno dej\u00f3 tambi\u00e9n una gran cantidad de basura en tierra y mar, ocasionando una situaci\u00f3n de crisis de salud p\u00fablica.<\/p>\n<p style=\"text-align: justify;\">Por lo anterior, Albarr\u00e1n Mendoza extern\u00f3 la importancia de que la COPRISEG, como \u00f3rgano administrativo desconcentrado de la Secretar\u00eda de Salud, creado para proteger a la poblaci\u00f3n contra riesgos a la salud, active la Declaratoria de Emergencia Sanitaria para accionar medidas de protecci\u00f3n contra vectores (mosquitos transmisores de enfermedades) y roedores, as\u00ed como la vacunaci\u00f3n contra t\u00e9tanos.<\/p>\n<p style=\"text-align: justify;\">Rese\u00f1\u00f3 que durante los primeros d\u00edas posteriores al azote del hurac\u00e1n, de los pacientes atendidos el 25% present\u00f3 infecci\u00f3n aguda respiratoria, 20% hipertensi\u00f3n arterial, 8% enfermedad diarreica aguda y 4% traumatismos.<\/p>\n<p style=\"text-align: justify;\">Indic\u00f3 que, adem\u00e1s, se presentaron brotes de enfermedades infectocontagiosas (dengue, hepatitis, tifoidea, salmonela e incluso c\u00f3lera), situaci\u00f3n que se puede complicar ante las malas condiciones de higiene para la elaboraci\u00f3n de alimentos.<\/p>\n<p style=\"text-align: justify;\">Plante\u00f3, asimismo, que la salud mental es un tema que no puede pasar desapercibido, ya que los acontecimientos vividos pueden generar estr\u00e9s postraum\u00e1tico, ansiedad y depresi\u00f3n, poniendo en riesgo la vida de las personas que los adolezcan y de sus seres queridos.<\/p>\n<p style=\"text-align: justify;\">Finaliz\u00f3 diciendo que es importante que psic\u00f3logos y psiquiatras apoyen a la poblaci\u00f3n necesitada, as\u00ed como a toda aquella persona que, previo al hurac\u00e1n, ya se encontraba en tratamiento por alguna enfermedad mental.<\/p>\n<p style=\"text-align: justify;\"><strong>Acuerdo<\/strong><\/p>\n<p style=\"text-align: justify;\">La diputada Susana Paola Ju\u00e1rez G\u00f3mez propuso que el pleno del Congreso instruya a la Comisi\u00f3n de Presupuesto y Cuenta P\u00fablica para que en el an\u00e1lisis del proyecto de Presupuesto de Egresos del ejercicio fiscal 2024 se destine una partida presupuestal para que la Secretar\u00eda de Cultura del Gobierno del Estado realice una semana cultural en conmemoraci\u00f3n del \u201cAbrazo de Acatempan\u201d, en la comunidad de Acatempan, del municipio de Teloloapan.<\/p>\n<p style=\"text-align: justify;\"><strong>Intervenciones<\/strong><\/p>\n<p style=\"text-align: justify;\">La diputada Mar\u00eda Flores Maldonado particip\u00f3 en relaci\u00f3n con el \u201cD\u00eda Internacional de la Mujer Rural\u201d (15 de octubre), conmemoraci\u00f3n instaurada en 2008 por la Asamblea General de la ONU, en reconocimiento a la decisiva contribuci\u00f3n de las mujeres rurales al proceso de desarrollo agr\u00edcola, la mejora de la seguridad alimentaria y la erradicaci\u00f3n de la pobreza.<\/p>\n<p style=\"text-align: justify;\">Indic\u00f3 que las entidades de Veracruz, Chiapas, Oaxaca, Guerrero y el Estado de M\u00e9xico concentran el mayor porcentaje de las mujeres rurales de M\u00e9xico, mitad de las cuales vive en situaci\u00f3n de pobreza. Ante esto, invit\u00f3 a sus compa\u00f1eras y compa\u00f1eros diputados a hacer una reflexi\u00f3n y voltear los ojos a este sector tan desprotegido, generando acciones que coadyuven a disminuir la brecha de desigualdad.<\/p>\n","protected":false},"excerpt":{"rendered":"<p>Chilpancingo, Gro., 15 de noviembre de 2023.- El Congreso del Estado exhort\u00f3 a la Secretar\u00eda de Salud a que, a trav\u00e9s de la Comisi\u00f3n para la Protecci\u00f3n contra Riesgos Sanitarios del Estado de Guerrero (COPRISEG), emita la Declaratoria de Emergencia Sanitaria en el municipio de Acapulco, ante la posibilidad del incremento de enfermedades del dengue,&#8230;<\/p>\n","protected":false},"author":1,"featured_media":8537,"comment_status":"closed","ping_status":"open","sticky":false,"template":"","format":"standard","meta":{"_monsterinsights_skip_tracking":false,"_monsterinsights_sitenote_active":false,"_monsterinsights_sitenote_note":"","_monsterinsights_sitenote_category":0,"footnotes":""},"categories":[50,3,31],"tags":[],"class_list":["post-8536","post","type-post","status-publish","format-standard","has-post-thumbnail","hentry","category-alicia-zamora-villalva","category-boletin","category-esteban-albarran-mendoza"],"aioseo_notices":[],"_links":{"self":[{"href":"https:\/\/congresogro.gob.mx\/63\/inicio\/wp-json\/wp\/v2\/posts\/8536","targetHints":{"allow":["GET"]}}],"collection":[{"href":"https:\/\/congresogro.gob.mx\/63\/inicio\/wp-json\/wp\/v2\/posts"}],"about":[{"href":"https:\/\/congresogro.gob.mx\/63\/inicio\/wp-json\/wp\/v2\/types\/post"}],"author":[{"embeddable":true,"href":"https:\/\/congresogro.gob.mx\/63\/inicio\/wp-json\/wp\/v2\/users\/1"}],"replies":[{"embeddable":true,"href":"https:\/\/congresogro.gob.mx\/63\/inicio\/wp-json\/wp\/v2\/comments?post=8536"}],"version-history":[{"count":2,"href":"https:\/\/congresogro.gob.mx\/63\/inicio\/wp-json\/wp\/v2\/posts\/8536\/revisions"}],"predecessor-version":[{"id":8539,"href":"https:\/\/congresogro.gob.mx\/63\/inicio\/wp-json\/wp\/v2\/posts\/8536\/revisions\/8539"}],"wp:featuredmedia":[{"embeddable":true,"href":"https:\/\/congresogro.gob.mx\/63\/inicio\/wp-json\/wp\/v2\/media\/8537"}],"wp:attachment":[{"href":"https:\/\/congresogro.gob.mx\/63\/inicio\/wp-json\/wp\/v2\/media?parent=8536"}],"wp:term":[{"taxonomy":"category","embeddable":true,"href":"https:\/\/congresogro.gob.mx\/63\/inicio\/wp-json\/wp\/v2\/categories?post=8536"},{"taxonomy":"post_tag","embeddable":true,"href":"https:\/\/congresogro.gob.mx\/63\/inicio\/wp-json\/wp\/v2\/tags?post=8536"}],"curies":[{"name":"wp","href":"https:\/\/api.w.org\/{rel}","templated":true}]}}