{"id":8486,"date":"2023-11-07T09:21:42","date_gmt":"2023-11-07T15:21:42","guid":{"rendered":"https:\/\/congresogro.gob.mx\/63\/inicio\/?p=8486"},"modified":"2023-11-08T09:23:14","modified_gmt":"2023-11-08T15:23:14","slug":"acuerdan-sesion-solemne-del-congreso-para-reconocer-como-pueblo-historico-a-atlamajalcingo-del-monte","status":"publish","type":"post","link":"https:\/\/congresogro.gob.mx\/63\/inicio\/2023\/11\/07\/acuerdan-sesion-solemne-del-congreso-para-reconocer-como-pueblo-historico-a-atlamajalcingo-del-monte\/","title":{"rendered":"ACUERDAN SESI\u00d3N SOLEMNE DEL CONGRESO PARA RECONOCER COMO \u201cPUEBLO HIST\u00d3RICO\u201d A ATLAMAJALCINGO DEL MONTE"},"content":{"rendered":"<p style=\"text-align: justify;\"><strong>Chilpancingo, Gro., 07 de noviembre de 2023<\/strong>.- El Congreso del Estado celebrar\u00e1 Sesi\u00f3n Solemne el pr\u00f3ximo 21 de noviembre del a\u00f1o en curso, para reconocer oficialmente a Atlamajalcingo del Monte como \u201cPueblo Hist\u00f3rico\u201d, en el marco del 200 aniversario del documento firmado por el General Vicente Guerrero Salda\u00f1a, mediante el cual reconoce la deuda de la naci\u00f3n mexicana con esta localidad de Guerrero<\/p>\n<p style=\"text-align: justify;\">Lo anterior a propuesta del diputado Masedonio Mendoza Basurto, quien refiri\u00f3 que Atlamajalcingo es uno de los 19 municipios que conforman la regi\u00f3n Monta\u00f1a del estado, donde conviven pueblos \u00d1uu Savi y Me\u2019Phaa, cuya forma de vida colectivista y comunitaria alcanz\u00f3 una participaci\u00f3n activa en el movimiento de Independencia en los a\u00f1os 1811 a 1820.<\/p>\n<p style=\"text-align: justify;\">Indic\u00f3 que por la donaci\u00f3n de armas y municiones que hicieron los habitantes de este municipio al General Vicente Guerrero, es que se pudo sostener la lucha por la Independencia, a la que se sumaron los hombres y las mujeres del lugar, pero pese a ello la historia oficial no los menciona.<\/p>\n<p style=\"text-align: justify;\">El legislador asegur\u00f3 que el Estado mexicano y de Guerrero est\u00e1n en deuda con el pueblo \u00d1uu Savi de Atlamajalcingo, donde emigr\u00f3 el General Vicente Guerrero tras la muerte de Jos\u00e9 Mar\u00eda Morelos para seguir peleando contra los realistas espa\u00f1oles, instalando su campamento y trincheras en el cerro de La Pur\u00edsima, ubicado en las tierras comunales de dicho municipio.<\/p>\n<p style=\"text-align: justify;\">Agreg\u00f3 que la memoria hist\u00f3rica local cuenta que los soldados realistas, en su mayor\u00eda vestidos de negro y comandados por el General Pi\u00f1a, pretend\u00edan introducirse por la barranca que llega hasta el r\u00edo de Atlamajalcingo, en el punto norte, para invadir el campamento del General Guerrero, pero gracias al conocimiento de la geograf\u00eda por parte de los lugare\u00f1os, se logr\u00f3 ponerles un alto.<\/p>\n<p style=\"text-align: justify;\">Por lo anterior, Mendoza Basurto propuso celebrar la citada sesi\u00f3n solemne para reconocer oficialmente a Atlamajalcingo del Monte como \u201cPueblo Hist\u00f3rico\u201d, en el marco del 200 aniversario del documento firmado por el Gral. Vicente Guerrero Salda\u00f1a el d\u00eda 21 de noviembre del a\u00f1o 1823, donde reconoce con el alcalde mayor C. Isidro Cayetano la deuda de la naci\u00f3n mexicana con esta localidad.<\/p>\n<p style=\"text-align: justify;\">Razon\u00f3 su voto a favor del punto de acuerdo la diputada <a href=\"https:\/\/www.facebook.com\/Marben.DeLaCruz.S?__cft__%5b0%5d=AZUHMK_fc2hN-RJBYYT4Z4Hsij-sV6bFbTIj0mWvL0KtX9KuD9MYjCga8Pidr3sUDrEN6BbR_qKvUY0s9FMnMUs4d5KJgcf9SKxxJPKhNoNr86h104YRlITxxt1wDyQQVj0fjwMwW1LxyR7B1dBhmtrDcZlf0X14vU-HH8DdQwbOq7tG_4DCaISrjlPXQWsJDOE&amp;__tn__=-%5dK-R\">Marben de la Cruz Santiago<\/a>, se\u00f1alando que es de suma importancia conmemorar las aportaciones de este y otros pueblos originarios que fueron cruciales en la lucha independentista, y que hoy en d\u00eda son parte esencial de la historia de Guerrero.<\/p>\n<p style=\"text-align: justify;\">\n<p style=\"text-align: justify;\"><strong>Acuerdos<\/strong><\/p>\n<p style=\"text-align: justify;\">La diputada Elzy Camacho Pineda propuso exhortar a la titular del Ejecutivo estatal para que, a trav\u00e9s del Comit\u00e9 de Evaluaci\u00f3n de Da\u00f1os, solicite a la Coordinadora Nacional de Protecci\u00f3n Civil incluir en la declaratoria de desastre natural por la ocurrencia de lluvia severa, vientos fuertes, inundaci\u00f3n fluvial y pluvial el 24 y 25 de octubre de 2023, a los municipios de Apaxtla, Arcelia, Chilpancingo, Cuetzala del Progreso, Eduardo Neri, Florencio Villarreal, General Heliodoro Castillo, Juan R. Escudero, Leonardo Bravo, Mochitl\u00e1n, San Marcos, Tecoanapa y Tlapehuala; por lluvia severa a los municipios de Acatepec, Ayutla de los Libres, Azoy\u00fa, Chilapa, Cocula, Copala, Cuajinicuilapa, Cuautepec, Igualapa, Juchit\u00e1n, Malinaltepec, Marquelia, Quechultenango, San Luis Acatl\u00e1n, Tixtla, Tlacoachistlahuaca, Tlacoapa y Xalpatl\u00e1huac; por vientos fuertes el d\u00eda 24 de octubre a los municipios de Coyuca de Catal\u00e1n, Cutzamala de Pinz\u00f3n, Petatl\u00e1n, Pungarabato, Tecpan de Galeana, Tlalchapa y Zir\u00e1ndaro; por lluvia severa y vientos fuertes el 24 de octubre e inundaci\u00f3n pluvial el 25 de octubre de 2023, a los municipios de Acapulco de Ju\u00e1rez, Atoyac de \u00c1lvarez, Benito Ju\u00e1rez, Coyuca de Ben\u00edtez y San Miguel Totolapan; por lluvia severa el d\u00eda 24 de octubre e inundaci\u00f3n pluvial el 25 de octubre al municipio de Atlamajalcingo del Monte; por lluvia severa y vientos fuertes el 24 de octubre e inundaci\u00f3n fluvial y pluvial el 25 de octubre al municipio de Ajuchitl\u00e1n del Progreso, y por inundaci\u00f3n pluvial el d\u00eda 25 de octubre a los municipios de Iliatenco y Metlat\u00f3noc, todos del estado de Guerrero.<\/p>\n<p style=\"text-align: justify;\">El acuerdo se turn\u00f3 a la Comisi\u00f3n legislativa de Protecci\u00f3n Civil, para su an\u00e1lisis y emisi\u00f3n del dictamen correspondiente.<\/p>\n","protected":false},"excerpt":{"rendered":"<p>Chilpancingo, Gro., 07 de noviembre de 2023.- El Congreso del Estado celebrar\u00e1 Sesi\u00f3n Solemne el pr\u00f3ximo 21 de noviembre del a\u00f1o en curso, para reconocer oficialmente a Atlamajalcingo del Monte como \u201cPueblo Hist\u00f3rico\u201d, en el marco del 200 aniversario del documento firmado por el General Vicente Guerrero Salda\u00f1a, mediante el cual reconoce la deuda de&#8230;<\/p>\n","protected":false},"author":1,"featured_media":8487,"comment_status":"closed","ping_status":"open","sticky":false,"template":"","format":"standard","meta":{"_monsterinsights_skip_tracking":false,"_monsterinsights_sitenote_active":false,"_monsterinsights_sitenote_note":"","_monsterinsights_sitenote_category":0,"footnotes":""},"categories":[3,9],"tags":[],"class_list":["post-8486","post","type-post","status-publish","format-standard","has-post-thumbnail","hentry","category-boletin","category-masedonio-mendoza-aburto"],"aioseo_notices":[],"_links":{"self":[{"href":"https:\/\/congresogro.gob.mx\/63\/inicio\/wp-json\/wp\/v2\/posts\/8486","targetHints":{"allow":["GET"]}}],"collection":[{"href":"https:\/\/congresogro.gob.mx\/63\/inicio\/wp-json\/wp\/v2\/posts"}],"about":[{"href":"https:\/\/congresogro.gob.mx\/63\/inicio\/wp-json\/wp\/v2\/types\/post"}],"author":[{"embeddable":true,"href":"https:\/\/congresogro.gob.mx\/63\/inicio\/wp-json\/wp\/v2\/users\/1"}],"replies":[{"embeddable":true,"href":"https:\/\/congresogro.gob.mx\/63\/inicio\/wp-json\/wp\/v2\/comments?post=8486"}],"version-history":[{"count":1,"href":"https:\/\/congresogro.gob.mx\/63\/inicio\/wp-json\/wp\/v2\/posts\/8486\/revisions"}],"predecessor-version":[{"id":8488,"href":"https:\/\/congresogro.gob.mx\/63\/inicio\/wp-json\/wp\/v2\/posts\/8486\/revisions\/8488"}],"wp:featuredmedia":[{"embeddable":true,"href":"https:\/\/congresogro.gob.mx\/63\/inicio\/wp-json\/wp\/v2\/media\/8487"}],"wp:attachment":[{"href":"https:\/\/congresogro.gob.mx\/63\/inicio\/wp-json\/wp\/v2\/media?parent=8486"}],"wp:term":[{"taxonomy":"category","embeddable":true,"href":"https:\/\/congresogro.gob.mx\/63\/inicio\/wp-json\/wp\/v2\/categories?post=8486"},{"taxonomy":"post_tag","embeddable":true,"href":"https:\/\/congresogro.gob.mx\/63\/inicio\/wp-json\/wp\/v2\/tags?post=8486"}],"curies":[{"name":"wp","href":"https:\/\/api.w.org\/{rel}","templated":true}]}}