{"id":8480,"date":"2023-11-06T10:00:43","date_gmt":"2023-11-06T16:00:43","guid":{"rendered":"https:\/\/congresogro.gob.mx\/63\/inicio\/?p=8480"},"modified":"2023-11-07T10:01:55","modified_gmt":"2023-11-07T16:01:55","slug":"desarrollan-congreso-uagro-y-spc-conferencia-magistral-sobre-proteccion-civil","status":"publish","type":"post","link":"https:\/\/congresogro.gob.mx\/63\/inicio\/2023\/11\/06\/desarrollan-congreso-uagro-y-spc-conferencia-magistral-sobre-proteccion-civil\/","title":{"rendered":"DESARROLLAN CONGRESO, UAGRO Y SPC CONFERENCIA MAGISTRAL SOBRE PROTECCI\u00d3N CIVIL"},"content":{"rendered":"<p style=\"text-align: justify;\"><strong>Chilpancingo, Gro., 06 de noviembre de 2023.- <\/strong>\u00a0La diputada Patricia Doroteo Calder\u00f3n, presidenta de la Comisi\u00f3n de Protecci\u00f3n Civil del Congreso del Estado, se pronunci\u00f3 a favor de reorientar el presupuesto de 2024 para el reforzamiento de las \u00e1reas de protecci\u00f3n civil, y por la actualizaci\u00f3n de normas jur\u00eddicas en la materia.<\/p>\n<p style=\"text-align: justify;\">La legisladora consider\u00f3 que para estar acorde a las circunstancias,\u00a0 y ante la reciente experiencia del hurac\u00e1n \u201cOtis\u201d, es impostergable la adquisici\u00f3n de equipos de monitoreo meteorol\u00f3gico avanzados y la implementaci\u00f3n de sistemas de alerta temprana; adem\u00e1s de mejorar los equipos de rescate e invertir en la continua capacitaci\u00f3n y actualizaci\u00f3n de conocimientos del personal responsable.<\/p>\n<p style=\"text-align: justify;\">Tras dar la bienvenida a las y los asistentes a la conferencia magistral \u201cImpactos de comunicaci\u00f3n de riesgo de desastres; experiencias en Zihuatanejo, Guerrero\u00a0 y Jap\u00f3n\u201d, organizada por el Congreso en coordinaci\u00f3n con la Secretar\u00eda de Gesti\u00f3n Integral de Riesgos y Protecci\u00f3n Civil del Gobierno del Estado\u00a0 y la Universidad Aut\u00f3noma de Guerrero (Uagro), la legisladora pidi\u00f3 guardar un\u00a0 minuto de silencio por las personas fallecidas a causa del hurac\u00e1n \u201cOtis\u201d, y agradeci\u00f3 a quienes se han solidarizado con la entrega de v\u00edveres a miles de familias damnificados.<\/p>\n<p style=\"text-align: justify;\">\n<p style=\"text-align: justify;\">Refiri\u00f3 que a lo largo de tres d\u00e9cadas, los da\u00f1os provocados por los fen\u00f3menos naturales en Guerrero han sido considerables, por lo que se tiene que estar mejor preparados para enfrentarlos, considerando una planificaci\u00f3n real de los programas de desarrollo nacional, estatal y municipales, mismos que deben estar definidos y enmarcados en la Ley.<\/p>\n<p style=\"text-align: justify;\">La diputada extern\u00f3 que la inversi\u00f3n que se hace en materia de protecci\u00f3n civil podr\u00eda considerarse como un gasto considerable; sin embargo, \u201clos beneficios a largo plazo se superan con creces, ya que se reducen las p\u00e9rdidas humanas y materiales, lo que a su vez disminuye la carga financiera en t\u00e9rminos de reconstrucci\u00f3n y ayuda humanitaria\u201d<\/p>\n<p style=\"text-align: justify;\">Doroteo Calder\u00f3n puntualiz\u00f3 que se deben utilizar los momentos de emergencia para fortalecer la pol\u00edtica de gesti\u00f3n integral de riesgos y protecci\u00f3n civil en el pa\u00eds, que permita identificar peligros y coadyuve a una mejor recuperaci\u00f3n y reconstrucci\u00f3n, adem\u00e1s de lograr una sociedad resiliente.<\/p>\n<p style=\"text-align: justify;\">En su intervenci\u00f3n, el director general del Centro Nacional de Prevenci\u00f3n de Desastres, Enrique Guevara Ortiz, pidi\u00f3 a la sociedad guerrerense establecer el compromiso con el pa\u00eds para salir adelante y pensar en el bien com\u00fan de las y los mexicanos, y no en el propio.<\/p>\n<p style=\"text-align: justify;\">Manifest\u00f3 que el no pensar en el bien com\u00fan es donde yacen los factores causales de muchos de los males sociales que\u00a0 aumentan las condiciones de fragilidad y susceptibilidad a sufrir da\u00f1os cuando se presenta un fen\u00f3meno tan intenso como el ocurrido en Acapulco.<\/p>\n<p style=\"text-align: justify;\">Al clausurar el evento, la diputada Nora Yanek Vel\u00e1zquez Mart\u00ednez, vocal de la Comisi\u00f3n de Protecci\u00f3n Civil, se\u00f1al\u00f3 que se viven tiempos hist\u00f3ricos y que, seguramente, el reciente hurac\u00e1n dejar\u00e1 marcados a todas y todos los guerrerenses de por vida.<\/p>\n<p style=\"text-align: justify;\">A\u00f1adi\u00f3 que desde el Congreso se trabaja para beneficio de la poblaci\u00f3n, y record\u00f3 que recientemente se aprob\u00f3 un acuerdo parlamentario para exhortar a los ayuntamientos y al Concejo municipal de Ayutla de los Libres a que creen y actualicen sus Atlas de Riesgos, para que la gente conozca el lugar en que est\u00e1 asentado su hogar y tome las precauciones necesarias.<\/p>\n<p style=\"text-align: justify;\">La conferencia magistral estuvo a cargo de Genta Nakano, catedr\u00e1tico investigador de la Universidad de Kioto, Jap\u00f3n, adem\u00e1s de que hubo participaciones especiales de Roberto Arroyo Matus, secretario de Gesti\u00f3n Integral de\u00a0 Riesgos y Protecci\u00f3n Civil del Gobierno del Estado; Rosalba P\u00e9rez Guti\u00e9rrez, directora de las Escuela Superior de Ciencias de la Tierra;\u00a0 Sulpicio S\u00e1nchez Tizapa, coordinador de la Maestr\u00eda en Ingenier\u00eda para la Innovaci\u00f3n Desarrollo Tecnol\u00f3gico; Rub\u00e9n Rodr\u00edguez Camargo, coordinador del Programa Educativo de Ingenieros en Computaci\u00f3n, y fungiendo como moderador estuvo Apolonio Bahena Salgado, director de Protecci\u00f3n Civil; todos estos de la Uagro.<\/p>\n<p style=\"text-align: justify;\">Al evento asisti\u00f3 tambi\u00e9n el director de la Facultad de Ingenier\u00eda, Edgardo Sol\u00eds Carmona.<\/p>\n","protected":false},"excerpt":{"rendered":"<p>Chilpancingo, Gro., 06 de noviembre de 2023.- \u00a0La diputada Patricia Doroteo Calder\u00f3n, presidenta de la Comisi\u00f3n de Protecci\u00f3n Civil del Congreso del Estado, se pronunci\u00f3 a favor de reorientar el presupuesto de 2024 para el reforzamiento de las \u00e1reas de protecci\u00f3n civil, y por la actualizaci\u00f3n de normas jur\u00eddicas en la materia. La legisladora consider\u00f3&#8230;<\/p>\n","protected":false},"author":1,"featured_media":8481,"comment_status":"closed","ping_status":"open","sticky":false,"template":"","format":"standard","meta":{"_monsterinsights_skip_tracking":false,"_monsterinsights_sitenote_active":false,"_monsterinsights_sitenote_note":"","_monsterinsights_sitenote_category":0,"footnotes":""},"categories":[3,43],"tags":[],"class_list":["post-8480","post","type-post","status-publish","format-standard","has-post-thumbnail","hentry","category-boletin","category-patricia-doroteo-calderon"],"aioseo_notices":[],"_links":{"self":[{"href":"https:\/\/congresogro.gob.mx\/63\/inicio\/wp-json\/wp\/v2\/posts\/8480","targetHints":{"allow":["GET"]}}],"collection":[{"href":"https:\/\/congresogro.gob.mx\/63\/inicio\/wp-json\/wp\/v2\/posts"}],"about":[{"href":"https:\/\/congresogro.gob.mx\/63\/inicio\/wp-json\/wp\/v2\/types\/post"}],"author":[{"embeddable":true,"href":"https:\/\/congresogro.gob.mx\/63\/inicio\/wp-json\/wp\/v2\/users\/1"}],"replies":[{"embeddable":true,"href":"https:\/\/congresogro.gob.mx\/63\/inicio\/wp-json\/wp\/v2\/comments?post=8480"}],"version-history":[{"count":1,"href":"https:\/\/congresogro.gob.mx\/63\/inicio\/wp-json\/wp\/v2\/posts\/8480\/revisions"}],"predecessor-version":[{"id":8482,"href":"https:\/\/congresogro.gob.mx\/63\/inicio\/wp-json\/wp\/v2\/posts\/8480\/revisions\/8482"}],"wp:featuredmedia":[{"embeddable":true,"href":"https:\/\/congresogro.gob.mx\/63\/inicio\/wp-json\/wp\/v2\/media\/8481"}],"wp:attachment":[{"href":"https:\/\/congresogro.gob.mx\/63\/inicio\/wp-json\/wp\/v2\/media?parent=8480"}],"wp:term":[{"taxonomy":"category","embeddable":true,"href":"https:\/\/congresogro.gob.mx\/63\/inicio\/wp-json\/wp\/v2\/categories?post=8480"},{"taxonomy":"post_tag","embeddable":true,"href":"https:\/\/congresogro.gob.mx\/63\/inicio\/wp-json\/wp\/v2\/tags?post=8480"}],"curies":[{"name":"wp","href":"https:\/\/api.w.org\/{rel}","templated":true}]}}