{"id":8473,"date":"2023-10-30T19:42:36","date_gmt":"2023-10-31T01:42:36","guid":{"rendered":"https:\/\/congresogro.gob.mx\/63\/inicio\/?p=8473"},"modified":"2023-10-30T19:43:00","modified_gmt":"2023-10-31T01:43:00","slug":"apoyara-el-congreso-en-todo-lo-necesario-ante-a-la-crisis-causada-por-el-huracan-otis-diputados","status":"publish","type":"post","link":"https:\/\/congresogro.gob.mx\/63\/inicio\/2023\/10\/30\/apoyara-el-congreso-en-todo-lo-necesario-ante-a-la-crisis-causada-por-el-huracan-otis-diputados\/","title":{"rendered":"APOYAR\u00c1 EL CONGRESO EN TODO LO NECESARIO ANTE A LA CRISIS CAUSADA POR EL HURAC\u00c1N \u201cOTIS\u201d: DIPUTADOS"},"content":{"rendered":"<p style=\"text-align: justify;\"><strong>Chilpancingo, Gro., 30 de octubre de 2023.-<\/strong> Desde tribuna, diputadas y diputados de todos los grupos parlamentarios y representaciones de partido refrendaron su compromiso de coadyuvar, desde su \u00e1mbito y en lo que sea necesario, para hacer frente a la crisis econ\u00f3mica y humanitaria originada por el paso del hurac\u00e1n \u201cOtis\u201d.<\/p>\n<p style=\"text-align: justify;\">Abri\u00f3 la ronda de intervenciones con el tema \u201cAcciones concretas para la atenci\u00f3n de ciudades y comunidades afectadas por el hurac\u00e1n Otis\u201d, la diputada Yoloczin Dom\u00ednguez Serna, presidenta de la Junta de Coordinaci\u00f3n Pol\u00edtica y l\u00edder parlamentaria de Morena.<\/p>\n<p style=\"text-align: justify;\">La legisladora expuso que la devastaci\u00f3n, tragedia e incertidumbre ocasionados por este fen\u00f3meno natural es algo que debe mover a la comprensi\u00f3n y la solidaridad de todas y todos, no solo de los acapulque\u00f1os y guerrerenses, sino de los mexicanos, por ser Acapulco uno de los lugares tur\u00edsticos m\u00e1s importantes y emblem\u00e1ticos del pa\u00eds.<\/p>\n<p style=\"text-align: justify;\">Agreg\u00f3 que no hay palabras para describir lo sucedido; el recuento de los da\u00f1os es incuantificable, y lo m\u00e1s lamentable fueron las p\u00e9rdidas humanas.<\/p>\n<p style=\"text-align: justify;\">La diputada recalc\u00f3 la absoluta solidaridad de diputadas y diputados de la LXIII Legislatura con las familias damnificadas, y llam\u00f3 a la titular del Ejecutivo estatal a que, junto con el Congreso, haga los ajustes y adecuaciones necesarias para que el Presupuesto de Egresos del Estado de Guerrero para el Ejercicio Fiscal 2024 contemple las partidas necesarias para la atenci\u00f3n de las necesidades m\u00e1s apremiantes de los conciudadanos.<\/p>\n<p style=\"text-align: justify;\">Continuando con el tema intervino el diputado Ricardo Astudillo Calvo (PRI), resaltando que lo que se requiere en estos momentos de unidad y solidaridad para poder sobrellevar el cap\u00edtulo m\u00e1s doloroso en la historia de Guerrero, cuyos habitantes necesitan el apoyo de todos los mexicanos.<\/p>\n<p style=\"text-align: justify;\">En su intervenci\u00f3n, la diputada Ana Lenis Res\u00e9ndiz Javier (PAN) mencion\u00f3 que se estiman p\u00e9rdidas econ\u00f3micas superiores a los 15 mil millones de d\u00f3lares, de acuerdo con la firma de an\u00e1lisis de riesgo especializada en desastres naturales y guerras \u00abEnki Research\u00bb.<\/p>\n<p style=\"text-align: justify;\">Por ello, hizo llamado a las autoridades federales y estatales a desarrollar un plan emergente que incluya a los empresarios para impulsar la actividad tur\u00edstica de Acapulco, y enfatiz\u00f3 que las consecuencias de este fen\u00f3meno natural resaltan la importancia de contar con normativas que regulen y promuevan la implementaci\u00f3n de sistemas de protecci\u00f3n de alta calidad en los hoteles y negocios locales.<\/p>\n<p style=\"text-align: justify;\">Por su parte, el diputado Ociel Hugar Garc\u00eda Trujillo (PRD) solicit\u00f3 un minuto de silencio en honor a las v\u00edctimas del hurac\u00e1n \u201cOtis\u201d, y envi\u00f3 un mensaje de solidaridad a las y los afectados en su patrimonio.<\/p>\n<p style=\"text-align: justify;\">Adelant\u00f3 que desde el Congreso se encargar\u00e1n de definir las partidas presupuestales necesarias en el Ejercicio Fiscal 2024, y al mismo tiempo plante\u00f3 una reorientaci\u00f3n del gasto del presente ejercicio para atender las necesidades b\u00e1sicas de miles de familias en situaci\u00f3n de vulnerabilidad.<\/p>\n<p style=\"text-align: justify;\">El diputado Fortunato Hern\u00e1ndez Carbajal (Morena) extern\u00f3, en su oportunidad, que las afectaciones del hurac\u00e1n son un asunto de trascendencia nacional y mundial que ha tenido muchas repercusiones, pero ya se est\u00e1n atendiendo, y muestra de ello es que se est\u00e1 garantizando la cantidad de 18 mil millones de pesos para el efecto.<\/p>\n<p style=\"text-align: justify;\">En relaci\u00f3n con el tema, la diputada Elzy Camacho Pineda (PRD) se\u00f1al\u00f3 que es tiempo de que los gobiernos federal y estatal desplieguen todo el presupuesto y personal capacitado para atender la demanda de la poblaci\u00f3n, sin escatimar recursos.<\/p>\n<p style=\"text-align: justify;\">Refiri\u00f3 que los efectos de este hurac\u00e1n se sintieron tambi\u00e9n en la Tierra Caliente, como son los municipios de San Miguel Totolapan y Ajuchitl\u00e1n del Progreso, donde las v\u00edas carreteras se han visto da\u00f1adas y, por consecuencia, existen comunidades totalmente incomunicadas.<\/p>\n<p style=\"text-align: justify;\">El diputado Alfredo S\u00e1nchez Esquivel se\u00f1al\u00f3 que Acapulco es el coraz\u00f3n econ\u00f3mico del estado de Guerrero, ya que representa el 54 por ciento de su Producto Interno Bruto.<\/p>\n<p style=\"text-align: justify;\">Indic\u00f3 que es necesario revisar a conciencia el presupuesto para 2024, luego de que el actual se construy\u00f3 antes del meteoro, sin pensar en las grandes afectaciones en los sistemas de agua, drenaje, luz, centros de salud, negocios, espacios p\u00fablicos y otros tipos de infraestructura.<\/p>\n<p style=\"text-align: justify;\">Tambi\u00e9n intervino la diputada Yanelly Hern\u00e1ndez Mart\u00ednez, quien urgi\u00f3 a las autoridades de Salud estatal y federal, as\u00ed como a la Sedena, establecer v\u00ednculos de coordinaci\u00f3n, para que la poblaci\u00f3n que padece enfermedades degenerativas, como la diabetes, reciban alternativas de atenci\u00f3n inmediata y puedan continuar con sus tratamientos de di\u00e1lisis y hemodi\u00e1lisis de manera puntual.<\/p>\n<p style=\"text-align: justify;\">En su oportunidad, la diputada Gabriela Bernal Res\u00e9ndiz manifest\u00f3 que las afectaciones del hurac\u00e1n generan frustraci\u00f3n, ante la p\u00e9rdida de vidas humanas y materiales, por eso hizo un en\u00e9rgico llamado a la unidad, la coordinaci\u00f3n y la cooperaci\u00f3n de todas y todos en la b\u00fasqueda de soluciones r\u00e1pidas que ayuden a enfrentar este reto y devuelvan la tranquilidad a las familias que han perdido su patrimonio y que, adem\u00e1s, no cuentan con los servicios b\u00e1sicos.<\/p>\n<p style=\"text-align: justify;\">Agreg\u00f3 que el Congreso del Estado tiene la obligaci\u00f3n de defender y apoyar a la poblaci\u00f3n de Acapulco, Coyuca de Ben\u00edtez, Tierra Caliente y dem\u00e1s zonas afectadas, y por \u00faltimo, pidi\u00f3 al Gobierno Federal decretar el 25 de octubre como d\u00eda de luto nacional, por la tragedia sucedida en Guerrero.<\/p>\n<p style=\"text-align: justify;\">En su participaci\u00f3n, la diputada Julieta Fern\u00e1ndez M\u00e1rquez record\u00f3 que el estado de Guerrero es vulnerable a estos fen\u00f3menos naturales de manera permanente, y existe la preocupaci\u00f3n de que en cualquier momento pueda ocurrir otro.<\/p>\n<p style=\"text-align: justify;\">Se\u00f1al\u00f3 que existe un riesgo sanitario por las vialidades de Acapulco que est\u00e1n llenas de lodo y basura, y no se descarta que puedan registrarse enfermedades como el dengue y el c\u00f3lera, adem\u00e1s de que hay riesgo de deshidrataci\u00f3n de las personas, ante la falta de agua potable.<\/p>\n<p style=\"text-align: justify;\">Por todo lo anterior, llam\u00f3 a los tres \u00f3rdenes de gobierno a tener voluntad pol\u00edtica para que sus acciones sean coordinadas en torno a un plan de reconstrucci\u00f3n urgente y efectivo, as\u00ed como un programa de atenci\u00f3n sanitaria, m\u00e9dica y de abasto de alimentos en las colonias.<\/p>\n<p style=\"text-align: justify;\">Finalmente, la diputada Leticia Mosso Hern\u00e1ndez destac\u00f3 el papel del Congreso de Guerrero como \u00f3rgano vigilante para el cumplimiento de las pol\u00edticas p\u00fablicas enfocadas a salvaguardar la integridad de las y los guerrerenses.<\/p>\n<p style=\"text-align: justify;\">Record\u00f3 que los huracanes son sistemas atmosf\u00e9ricos generados en las aguas del tr\u00f3pico como consecuencia del calentamiento global. En ese sentido, hizo un llamado a la concientizaci\u00f3n y al cuidado del medio ambiente, porque, de lo contrario, estamos condenados a que se repitan este tipo de fen\u00f3menos naturales.<\/p>\n<p style=\"text-align: justify;\">Tambi\u00e9n reconoci\u00f3 las acciones preventivas implementadas por el Gobierno Federal y el Ejecutivo estatal desde las primeras noticias de \u201cOtis\u201d, lo que permiti\u00f3 dar aviso a los pobladores y establecer refugios temporales.<\/p>\n","protected":false},"excerpt":{"rendered":"<p>Chilpancingo, Gro., 30 de octubre de 2023.- Desde tribuna, diputadas y diputados de todos los grupos parlamentarios y representaciones de partido refrendaron su compromiso de coadyuvar, desde su \u00e1mbito y en lo que sea necesario, para hacer frente a la crisis econ\u00f3mica y humanitaria originada por el paso del hurac\u00e1n \u201cOtis\u201d. Abri\u00f3 la ronda de&#8230;<\/p>\n","protected":false},"author":1,"featured_media":8474,"comment_status":"closed","ping_status":"open","sticky":false,"template":"","format":"standard","meta":{"_monsterinsights_skip_tracking":false,"_monsterinsights_sitenote_active":false,"_monsterinsights_sitenote_note":"","_monsterinsights_sitenote_category":0,"footnotes":""},"categories":[3],"tags":[],"class_list":["post-8473","post","type-post","status-publish","format-standard","has-post-thumbnail","hentry","category-boletin"],"aioseo_notices":[],"_links":{"self":[{"href":"https:\/\/congresogro.gob.mx\/63\/inicio\/wp-json\/wp\/v2\/posts\/8473","targetHints":{"allow":["GET"]}}],"collection":[{"href":"https:\/\/congresogro.gob.mx\/63\/inicio\/wp-json\/wp\/v2\/posts"}],"about":[{"href":"https:\/\/congresogro.gob.mx\/63\/inicio\/wp-json\/wp\/v2\/types\/post"}],"author":[{"embeddable":true,"href":"https:\/\/congresogro.gob.mx\/63\/inicio\/wp-json\/wp\/v2\/users\/1"}],"replies":[{"embeddable":true,"href":"https:\/\/congresogro.gob.mx\/63\/inicio\/wp-json\/wp\/v2\/comments?post=8473"}],"version-history":[{"count":1,"href":"https:\/\/congresogro.gob.mx\/63\/inicio\/wp-json\/wp\/v2\/posts\/8473\/revisions"}],"predecessor-version":[{"id":8475,"href":"https:\/\/congresogro.gob.mx\/63\/inicio\/wp-json\/wp\/v2\/posts\/8473\/revisions\/8475"}],"wp:featuredmedia":[{"embeddable":true,"href":"https:\/\/congresogro.gob.mx\/63\/inicio\/wp-json\/wp\/v2\/media\/8474"}],"wp:attachment":[{"href":"https:\/\/congresogro.gob.mx\/63\/inicio\/wp-json\/wp\/v2\/media?parent=8473"}],"wp:term":[{"taxonomy":"category","embeddable":true,"href":"https:\/\/congresogro.gob.mx\/63\/inicio\/wp-json\/wp\/v2\/categories?post=8473"},{"taxonomy":"post_tag","embeddable":true,"href":"https:\/\/congresogro.gob.mx\/63\/inicio\/wp-json\/wp\/v2\/tags?post=8473"}],"curies":[{"name":"wp","href":"https:\/\/api.w.org\/{rel}","templated":true}]}}