{"id":8470,"date":"2023-10-30T19:40:57","date_gmt":"2023-10-31T01:40:57","guid":{"rendered":"https:\/\/congresogro.gob.mx\/63\/inicio\/?p=8470"},"modified":"2023-10-30T19:40:57","modified_gmt":"2023-10-31T01:40:57","slug":"crea-el-congreso-comision-especial-de-seguimiento-de-las-acciones-y-programas-con-motivo-del-desastre","status":"publish","type":"post","link":"https:\/\/congresogro.gob.mx\/63\/inicio\/2023\/10\/30\/crea-el-congreso-comision-especial-de-seguimiento-de-las-acciones-y-programas-con-motivo-del-desastre\/","title":{"rendered":"CREA EL CONGRESO COMISI\u00d3N ESPECIAL DE SEGUIMIENTO  DE LAS ACCIONES Y PROGRAMAS CON MOTIVO DEL DESASTRE"},"content":{"rendered":"<p style=\"text-align: justify;\"><strong>Chilpancingo, Gro., 30 de octubre de 2023.-<\/strong> Diputadas y diputados de la LXIII Legislatura acordaron crear una Comisi\u00f3n Especial para coadyuvar, coordinar, dar seguimiento y evaluar las acciones, programas y actividades que el Congreso y sus diputadas y diputados acuerden con motivo del desastre natural provocado por el hurac\u00e1n \u201cOtis\u201d.<\/p>\n<p style=\"text-align: justify;\">El punto de acuerdo propuesto por las y los legisladores integrantes de la Junta de Coordinaci\u00f3n Pol\u00edtica se\u00f1ala que los da\u00f1os ocasionados por dicho hurac\u00e1n son incuantificables en los municipios de Acapulco, Coyuca de Ben\u00edtez y San Marcos, donde las y los ciudadanos sufrieron la p\u00e9rdida de su patrimonio y la infraestructura y equipamiento urbano que suministra los servicios b\u00e1sicos quedaron destrozados.<\/p>\n<p style=\"text-align: justify;\">Asimismo, refiere que el hurac\u00e1n registrado entre el 24 y 25 de este mes dej\u00f3 en la orfandad a un sinn\u00famero de familias, sin comunicaciones a miles de personas, tanto residentes como turistas, adem\u00e1s de miles de fuentes de trabajo perdidas que ocasionar\u00e1n graves consecuencias al estado, dado que Acapulco representa su principal fuente de ingresos.<\/p>\n<p style=\"text-align: justify;\">\u201cEsta tragedia obliga a que se realice la Declaratoria de Emergencia por Desastre Natural y se atienda de manera inmediata a los municipios costeros por parte de todos los \u00e1mbitos de gobierno, para que en coordinaci\u00f3n lleven a cabo acciones inmediatas que cubran las necesidades b\u00e1sicas de m\u00e1s de un mill\u00f3n de habitantes en esa zona\u201d, destaca.<\/p>\n<p style=\"text-align: justify;\">El documento destaca, adem\u00e1s, que dentro de las facultades del Congreso se encuentra prevista la integraci\u00f3n de Comisiones Especiales para atender asuntos de importancia en la vida Institucional, mismas que son integradas de manera plural y dotadas de las atribuciones establecidas en la Ley Org\u00e1nica del Poder Legislativo del Estado. \u201cPor ello la importancia de crear una comisi\u00f3n que coadyuve, coordine, d\u00e9 seguimiento y eval\u00fae las acciones, programas y actividades que el Congreso o sus diputados propongan o acuerden con motivo del desastre natural provocado por el hurac\u00e1n Otis\u201d, apunta.<\/p>\n<p style=\"text-align: justify;\">Esta comisi\u00f3n legislativa qued\u00f3 integrada por las y los diputados Yoloczin Lizbeth Dom\u00ednguez Serna, H\u00e9ctor Apreza Patr\u00f3n, Raymundo Garc\u00eda Guti\u00e9rrez, Hilda Jennifer Ponce Mendoza, Ana Lenis Res\u00e9ndiz Javier y Leticia Mosso Hern\u00e1ndez, la cual tendr\u00e1 vigencia solo por el per\u00edodo constitucional de esta legislatura, o en su caso, al t\u00e9rmino del objeto que le ha dado creaci\u00f3n.<\/p>\n<p style=\"text-align: justify;\">Entre sus atribuciones destaca la de coadyuvar con las autoridades y dependencias federales, estatales y municipales en el dise\u00f1o, coordinaci\u00f3n y evaluaci\u00f3n de las acciones, programas y actividades que el Congreso o sus diputados propongan o acuerden con motivo del desastre; recibir, sistematizar y remitir a la autoridades y dependencias competentes las propuestas que se presenten, y convocar a los dem\u00e1s poderes del estado y a los municipios para participar en los trabajos que tiene encomendada la comisi\u00f3n.<\/p>\n<p style=\"text-align: justify;\">Asimismo, ser el enlace entre el Congreso y las autoridades civiles y militares, y dependencias de los tres \u00f3rdenes de gobierno; suscribir, a trav\u00e9s de su presidenta, los acuerdos y convenios necesarios para el cumplimiento de su objetivo; impulsar acciones, programas y actividades necesarias que se requieran, y presentar al Pleno un informe final de las actividades desarrolladas.<\/p>\n","protected":false},"excerpt":{"rendered":"<p>Chilpancingo, Gro., 30 de octubre de 2023.- Diputadas y diputados de la LXIII Legislatura acordaron crear una Comisi\u00f3n Especial para coadyuvar, coordinar, dar seguimiento y evaluar las acciones, programas y actividades que el Congreso y sus diputadas y diputados acuerden con motivo del desastre natural provocado por el hurac\u00e1n \u201cOtis\u201d. El punto de acuerdo propuesto&#8230;<\/p>\n","protected":false},"author":1,"featured_media":8471,"comment_status":"closed","ping_status":"open","sticky":false,"template":"","format":"standard","meta":{"_monsterinsights_skip_tracking":false,"_monsterinsights_sitenote_active":false,"_monsterinsights_sitenote_note":"","_monsterinsights_sitenote_category":0,"footnotes":""},"categories":[3],"tags":[],"class_list":["post-8470","post","type-post","status-publish","format-standard","has-post-thumbnail","hentry","category-boletin"],"aioseo_notices":[],"_links":{"self":[{"href":"https:\/\/congresogro.gob.mx\/63\/inicio\/wp-json\/wp\/v2\/posts\/8470","targetHints":{"allow":["GET"]}}],"collection":[{"href":"https:\/\/congresogro.gob.mx\/63\/inicio\/wp-json\/wp\/v2\/posts"}],"about":[{"href":"https:\/\/congresogro.gob.mx\/63\/inicio\/wp-json\/wp\/v2\/types\/post"}],"author":[{"embeddable":true,"href":"https:\/\/congresogro.gob.mx\/63\/inicio\/wp-json\/wp\/v2\/users\/1"}],"replies":[{"embeddable":true,"href":"https:\/\/congresogro.gob.mx\/63\/inicio\/wp-json\/wp\/v2\/comments?post=8470"}],"version-history":[{"count":1,"href":"https:\/\/congresogro.gob.mx\/63\/inicio\/wp-json\/wp\/v2\/posts\/8470\/revisions"}],"predecessor-version":[{"id":8472,"href":"https:\/\/congresogro.gob.mx\/63\/inicio\/wp-json\/wp\/v2\/posts\/8470\/revisions\/8472"}],"wp:featuredmedia":[{"embeddable":true,"href":"https:\/\/congresogro.gob.mx\/63\/inicio\/wp-json\/wp\/v2\/media\/8471"}],"wp:attachment":[{"href":"https:\/\/congresogro.gob.mx\/63\/inicio\/wp-json\/wp\/v2\/media?parent=8470"}],"wp:term":[{"taxonomy":"category","embeddable":true,"href":"https:\/\/congresogro.gob.mx\/63\/inicio\/wp-json\/wp\/v2\/categories?post=8470"},{"taxonomy":"post_tag","embeddable":true,"href":"https:\/\/congresogro.gob.mx\/63\/inicio\/wp-json\/wp\/v2\/tags?post=8470"}],"curies":[{"name":"wp","href":"https:\/\/api.w.org\/{rel}","templated":true}]}}