{"id":8432,"date":"2023-10-24T09:39:59","date_gmt":"2023-10-24T15:39:59","guid":{"rendered":"https:\/\/congresogro.gob.mx\/63\/inicio\/?p=8432"},"modified":"2023-10-26T09:41:37","modified_gmt":"2023-10-26T15:41:37","slug":"aprueba-el-congreso-tipificar-como-delitos-el-robo-y-la-clonacion-de-medicamentos","status":"publish","type":"post","link":"https:\/\/congresogro.gob.mx\/63\/inicio\/2023\/10\/24\/aprueba-el-congreso-tipificar-como-delitos-el-robo-y-la-clonacion-de-medicamentos\/","title":{"rendered":"APRUEBA EL CONGRESO TIPIFICAR COMO DELITOS  EL ROBO Y LA CLONACI\u00d3N DE MEDICAMENTOS"},"content":{"rendered":"<p style=\"text-align: justify;\"><strong>Chilpancingo, Gro., 24 de octubre de 2023.-<\/strong> Diputadas y diputados de la LXIII Legislatura aprobaron reformas al C\u00f3digo Penal del Estado para tipificar el delito de robo de medicamentos, y considerar como agravante su comisi\u00f3n por parte de servidores p\u00fablicos.<\/p>\n<p style=\"text-align: justify;\">Asimismo, se castigar\u00e1 de manera ejemplar a las personas que falsifiquen, alteren o posean medicamentos clonados o caducados con fines de venta, distribuci\u00f3n y comercializaci\u00f3n.<\/p>\n<p style=\"text-align: justify;\">De acuerdo con el dictamen emitido por la Comisi\u00f3n de Justicia, derivado de dos propuestas realizadas por las diputadas Leticia Mosso Castro y Jessica Ivette Alejo Rayo, en Guerrero existe un gran desabasto de medicamentos, y esto es en gran medida a su robo no estaba tipificado como delito.<\/p>\n<p style=\"text-align: justify;\">Por lo anterior, y en aras de coadyuvar a que los medicamentos lleguen oportunamente a manos de las personas que m\u00e1s los necesitan, la diputada Leticia Mosso Hern\u00e1ndez propuso anexar una agravante al delito, cuando lo comentan servidores p\u00fablicos del estado.<\/p>\n<p style=\"text-align: justify;\">Respecto a la falsificaci\u00f3n de medicamentos, la diputada Jessica Ivette Alejo Rayo expuso que esto representa un problema de salud p\u00fablica en el mundo.<\/p>\n<p style=\"text-align: justify;\">Refiri\u00f3 en su iniciativa que de acuerdo con informaci\u00f3n de la Organizaci\u00f3n Mundial de la Salud, anualmente en el mundo hay m\u00e1s de 700 mil defunciones por el consumo de f\u00e1rmacos il\u00edcitos, mientras que la venta ilegal de medicinas asciende a 35 mil millones de d\u00f3lares.<\/p>\n<p style=\"text-align: justify;\">Con la aprobaci\u00f3n de estas reformas al citado ordenamiento, se busca salvaguardar el bienestar y salud de las y los guerrerenses, y castigar de manera ejemplar a las personas que falsifiquen, alteren o posean medicamentos clonados o caducados con fines de venta.<\/p>\n<p style=\"text-align: justify;\"><strong>\u00a0<\/strong><\/p>\n<p style=\"text-align: justify;\"><strong>Intervenciones <\/strong><\/p>\n<p style=\"text-align: justify;\">El diputado <a href=\"https:\/\/www.facebook.com\/www.boj.mx?__cft__%5b0%5d=AZVK2OdA81radDCIc6pS4rG5LZ7lAqSOe1PPtcWpFz_FHm_0nPBfcqD2twmxNQrKELj1H0RSCju0K6SMl9e6bah32jD5yuNN2Qffd23DWALsTMMOE-L11aspKfTlSO5Zp8uNH88gBb-FAVNAq1vj1LUPtxDgjuTyzeY8WgPmr2M0pDAx5MbFVrWA1m3yMSzg5y0&amp;__tn__=-%5dK-R\">Bernardo Ortega Jim\u00e9nez<\/a> intervino con el tema \u201cUrgente y prioritaria la implementaci\u00f3n de medidas de atenci\u00f3n y protecci\u00f3n en beneficio de las personas con discapacidad del estado de Guerrero\u201d.<\/p>\n<p style=\"text-align: justify;\">Refiri\u00f3, en relaci\u00f3n al Primer Parlamento Abierto de las Personas con Discapacidad en materia de Educaci\u00f3n Inclusiva, que el Grupo Parlamentario del PRD est\u00e1 a favor de estos ejercicios donde los grupos vulnerables pueden alzar la voz y demandar sus derechos.<\/p>\n<p style=\"text-align: justify;\">Asimismo, llam\u00f3 a los gobiernos federal y estatal a que pongan la debida atenci\u00f3n a este grupo prioritario que no merece seguir en el olvido.<\/p>\n<p style=\"text-align: justify;\">El diputado <a href=\"https:\/\/www.facebook.com\/SoyJackoBadillo?__cft__%5b0%5d=AZX4zDbdgv1aZMhQuEaHNe0xXT5MQMZPOEpzUgkApCZpB8qv3XocELauifW8khQM-OeiOyHnz3UYlclH5ksJ7w9EhhaKh0gWgrfBrylSDkchFBm2OlxolBh0oASpPKVQ9iKPUeqoL0lAIEHJ_Zfg2d7foKCtCbKZ3KxrpRFtxvp30XbX12Jh_Vf0BX0JE27MTHQ&amp;__tn__=-%5dK-R\">Joaqu\u00edn Badillo<\/a> Escamilla particip\u00f3 con el tema \u201cLas bocas de tormenta y alcantarillado pluvial en el municipio de Acapulco\u201d, resaltando que estos sistemas son una respuesta t\u00e9cnica a la problem\u00e1tica de encharcamientos en avenidas y calles de este puerto, al ser construcciones que permiten absorber el caudal de agua superficial de las calles para ser conducidas mediante canales someros o profundos hacia los r\u00edos, lagunas o afluentes.<\/p>\n<p style=\"text-align: justify;\">El diputado <a href=\"https:\/\/www.facebook.com\/AntonioHelgueraJ?__cft__%5b0%5d=AZV7703nwNt-9WqBxBCT1ctrRzhCnc_DkhhyTrBChP8OireAcEgpF6rD-8lcXlOOQ7QLmaV5jLiV1X9ZsFZJ-CtNqabjpGcXksdWKuU_AUg8ltID8M7TcVi9XjA-M6QGMy3QDBGKfiP7dnlMynRWXKKiONmPVCww8A5wTUMf-EmN6W0C9_9kd9gbELx_LSZK1cs&amp;__tn__=-%5dK-R\">Antonio Helguera Jim\u00e9nez<\/a> particip\u00f3 con el tema \u201cLos enfoques del Presupuesto de Egresos de Guerrero\u201d. Al respecto, rese\u00f1\u00f3 que hace unos d\u00edas la gobernadora Evelyn Salgado Pineda hizo entrega a esta Soberan\u00eda el proyecto de Paquete Fiscal 2024, que contempla un Presupuesto de Egresos por un monto superior a los 81 mil 752 millones de pesos, mismo que compete al Poder Legislativo analizar y dictaminar.<\/p>\n<p style=\"text-align: justify;\">En ese sentido, hizo un llamado a los grupos parlamentarios y representaciones a privilegiar el Gasto Programable, para que a las familias se les pueda proveer de mayores bienes y servicios p\u00fablicos, as\u00ed como garantizar la inversi\u00f3n en programas y proyectos de infraestructura y equipamiento, entre otros rubros, que generen un verdadero desarrollo.<\/p>\n<p>&nbsp;<\/p>\n","protected":false},"excerpt":{"rendered":"<p>Chilpancingo, Gro., 24 de octubre de 2023.- Diputadas y diputados de la LXIII Legislatura aprobaron reformas al C\u00f3digo Penal del Estado para tipificar el delito de robo de medicamentos, y considerar como agravante su comisi\u00f3n por parte de servidores p\u00fablicos. Asimismo, se castigar\u00e1 de manera ejemplar a las personas que falsifiquen, alteren o posean medicamentos&#8230;<\/p>\n","protected":false},"author":1,"featured_media":8433,"comment_status":"closed","ping_status":"open","sticky":false,"template":"","format":"standard","meta":{"_monsterinsights_skip_tracking":false,"_monsterinsights_sitenote_active":false,"_monsterinsights_sitenote_note":"","_monsterinsights_sitenote_category":0,"footnotes":""},"categories":[3],"tags":[],"class_list":["post-8432","post","type-post","status-publish","format-standard","has-post-thumbnail","hentry","category-boletin"],"aioseo_notices":[],"_links":{"self":[{"href":"https:\/\/congresogro.gob.mx\/63\/inicio\/wp-json\/wp\/v2\/posts\/8432","targetHints":{"allow":["GET"]}}],"collection":[{"href":"https:\/\/congresogro.gob.mx\/63\/inicio\/wp-json\/wp\/v2\/posts"}],"about":[{"href":"https:\/\/congresogro.gob.mx\/63\/inicio\/wp-json\/wp\/v2\/types\/post"}],"author":[{"embeddable":true,"href":"https:\/\/congresogro.gob.mx\/63\/inicio\/wp-json\/wp\/v2\/users\/1"}],"replies":[{"embeddable":true,"href":"https:\/\/congresogro.gob.mx\/63\/inicio\/wp-json\/wp\/v2\/comments?post=8432"}],"version-history":[{"count":1,"href":"https:\/\/congresogro.gob.mx\/63\/inicio\/wp-json\/wp\/v2\/posts\/8432\/revisions"}],"predecessor-version":[{"id":8434,"href":"https:\/\/congresogro.gob.mx\/63\/inicio\/wp-json\/wp\/v2\/posts\/8432\/revisions\/8434"}],"wp:featuredmedia":[{"embeddable":true,"href":"https:\/\/congresogro.gob.mx\/63\/inicio\/wp-json\/wp\/v2\/media\/8433"}],"wp:attachment":[{"href":"https:\/\/congresogro.gob.mx\/63\/inicio\/wp-json\/wp\/v2\/media?parent=8432"}],"wp:term":[{"taxonomy":"category","embeddable":true,"href":"https:\/\/congresogro.gob.mx\/63\/inicio\/wp-json\/wp\/v2\/categories?post=8432"},{"taxonomy":"post_tag","embeddable":true,"href":"https:\/\/congresogro.gob.mx\/63\/inicio\/wp-json\/wp\/v2\/tags?post=8432"}],"curies":[{"name":"wp","href":"https:\/\/api.w.org\/{rel}","templated":true}]}}