{"id":8419,"date":"2023-10-23T18:40:52","date_gmt":"2023-10-24T00:40:52","guid":{"rendered":"https:\/\/congresogro.gob.mx\/63\/inicio\/?p=8419"},"modified":"2023-10-23T18:40:52","modified_gmt":"2023-10-24T00:40:52","slug":"inauguran-consultorio-psicologico-en-el-congreso-del-estado","status":"publish","type":"post","link":"https:\/\/congresogro.gob.mx\/63\/inicio\/2023\/10\/23\/inauguran-consultorio-psicologico-en-el-congreso-del-estado\/","title":{"rendered":"INAUGURAN CONSULTORIO PSICOL\u00d3GICO  EN EL CONGRESO DEL ESTADO"},"content":{"rendered":"<p style=\"text-align: justify;\"><strong>Chilpancingo, Gro., 23 de octubre de 2023.-<\/strong> El Congreso del Estado de Guerrero es el primero en el pa\u00eds en contar con un consultorio de apoyo emocional y psicol\u00f3gico, que atender\u00e1 la salud mental de las y los trabajadores de la instituci\u00f3n, coadyuvando a que tengan un mejor desempe\u00f1o.<\/p>\n<p style=\"text-align: justify;\">As\u00ed lo recalc\u00f3 el secretario de Servicios Administrativos y Financieros, Andr\u00e9s Rosendo Orozco Pintos, quien acudi\u00f3 a la inauguraci\u00f3n del consultorio en representaci\u00f3n de la diputada Yoloczin Dom\u00ednguez Serna, presidenta de la Junta de Coordinaci\u00f3n Pol\u00edtica (Jucopo).<\/p>\n<p style=\"text-align: justify;\">El funcionario remarc\u00f3 la importancia de abrir un espacio de ayuda psicol\u00f3gica para trabajadoras, trabajadores y sus familiares, y esto es gracias a la disposici\u00f3n de las diputadas y diputados integrantes de la LXIII Legislatura, quienes refrendan su compromiso con la base laboral.<\/p>\n<p style=\"text-align: justify;\">El consultorio de apoyo emocional y psicol\u00f3gico estar\u00e1 atendido por especialistas en la materia, y tiene como objetivo brindar asesor\u00eda psicol\u00f3gica a las y los servidores p\u00fablicos que laboran en el Poder Legislativo, as\u00ed como promover su bienestar emocional, personal y social, de manera gratuita.<\/p>\n<p style=\"text-align: justify;\">Antes se desarroll\u00f3 la conferencia \u201cSalud Emocional\u201d, impartida por el tanat\u00f3logo-terapeuta Enrique Pastor L\u00f3pez y el director de la Diversidad del Ayuntamiento de Chilpancingo, Hiram Ba\u00f1os Molina.<\/p>\n<p style=\"text-align: justify;\">Asistieron tambi\u00e9n el secretario de Servicios Parlamentarios, Jos\u00e9 Luis Enrique Sol\u00eds R\u00edos; los directores de Comunicaci\u00f3n y del Instituto de Estudios Parlamentarios Eduardo Neri, Roberto Juvencio Ram\u00edrez Bravo y Eusebio P\u00e9rez Almontes; la titular de la Unidad para la Igualdad de G\u00e9nero, Mayra Morales Tacuba; el titular del \u00d3rgano Interno de Control, Ernesto D\u00edaz M\u00e1rquez; las subdirectoras de Recursos Humanos y de Recursos Materiales, Juanita Avil\u00e9s Rodr\u00edguez y Siu Arlene Sarabia; las secretarias sindicales Mar\u00eda Antonio Avigay Acevedo S\u00e1nchez y Jazm\u00edn Piza Rodr\u00edguez, entre otros.<\/p>\n","protected":false},"excerpt":{"rendered":"<p>Chilpancingo, Gro., 23 de octubre de 2023.- El Congreso del Estado de Guerrero es el primero en el pa\u00eds en contar con un consultorio de apoyo emocional y psicol\u00f3gico, que atender\u00e1 la salud mental de las y los trabajadores de la instituci\u00f3n, coadyuvando a que tengan un mejor desempe\u00f1o. As\u00ed lo recalc\u00f3 el secretario de&#8230;<\/p>\n","protected":false},"author":1,"featured_media":8420,"comment_status":"closed","ping_status":"open","sticky":false,"template":"","format":"standard","meta":{"_monsterinsights_skip_tracking":false,"_monsterinsights_sitenote_active":false,"_monsterinsights_sitenote_note":"","_monsterinsights_sitenote_category":0,"footnotes":""},"categories":[3],"tags":[],"class_list":["post-8419","post","type-post","status-publish","format-standard","has-post-thumbnail","hentry","category-boletin"],"aioseo_notices":[],"_links":{"self":[{"href":"https:\/\/congresogro.gob.mx\/63\/inicio\/wp-json\/wp\/v2\/posts\/8419","targetHints":{"allow":["GET"]}}],"collection":[{"href":"https:\/\/congresogro.gob.mx\/63\/inicio\/wp-json\/wp\/v2\/posts"}],"about":[{"href":"https:\/\/congresogro.gob.mx\/63\/inicio\/wp-json\/wp\/v2\/types\/post"}],"author":[{"embeddable":true,"href":"https:\/\/congresogro.gob.mx\/63\/inicio\/wp-json\/wp\/v2\/users\/1"}],"replies":[{"embeddable":true,"href":"https:\/\/congresogro.gob.mx\/63\/inicio\/wp-json\/wp\/v2\/comments?post=8419"}],"version-history":[{"count":1,"href":"https:\/\/congresogro.gob.mx\/63\/inicio\/wp-json\/wp\/v2\/posts\/8419\/revisions"}],"predecessor-version":[{"id":8421,"href":"https:\/\/congresogro.gob.mx\/63\/inicio\/wp-json\/wp\/v2\/posts\/8419\/revisions\/8421"}],"wp:featuredmedia":[{"embeddable":true,"href":"https:\/\/congresogro.gob.mx\/63\/inicio\/wp-json\/wp\/v2\/media\/8420"}],"wp:attachment":[{"href":"https:\/\/congresogro.gob.mx\/63\/inicio\/wp-json\/wp\/v2\/media?parent=8419"}],"wp:term":[{"taxonomy":"category","embeddable":true,"href":"https:\/\/congresogro.gob.mx\/63\/inicio\/wp-json\/wp\/v2\/categories?post=8419"},{"taxonomy":"post_tag","embeddable":true,"href":"https:\/\/congresogro.gob.mx\/63\/inicio\/wp-json\/wp\/v2\/tags?post=8419"}],"curies":[{"name":"wp","href":"https:\/\/api.w.org\/{rel}","templated":true}]}}